{"id":46941,"date":"2023-08-14T23:21:20","date_gmt":"2023-08-15T02:21:20","guid":{"rendered":"http:\/\/labestiadeportiva.com\/lbd\/?p=46941"},"modified":"2023-08-14T23:21:22","modified_gmt":"2023-08-15T02:21:22","slug":"sorteo-e-inminente-comienzo","status":"publish","type":"post","link":"http:\/\/labestiadeportiva.com\/lbd\/sorteo-e-inminente-comienzo\/","title":{"rendered":"Sorteo e inminente comienzo"},"content":{"rendered":"\n<figure class=\"wp-block-image size-full\"><a href=\"http:\/\/labestiadeportiva.com\/lbd\/wp-content\/uploads\/2023\/08\/FB_IMG_1692065960482.jpg\"><img loading=\"lazy\" width=\"960\" height=\"960\" src=\"http:\/\/labestiadeportiva.com\/lbd\/wp-content\/uploads\/2023\/08\/FB_IMG_1692065960482.jpg\" alt=\"\" class=\"wp-image-46951\" srcset=\"http:\/\/labestiadeportiva.com\/lbd\/wp-content\/uploads\/2023\/08\/FB_IMG_1692065960482.jpg 960w, http:\/\/labestiadeportiva.com\/lbd\/wp-content\/uploads\/2023\/08\/FB_IMG_1692065960482-300x300.jpg 300w, http:\/\/labestiadeportiva.com\/lbd\/wp-content\/uploads\/2023\/08\/FB_IMG_1692065960482-150x150.jpg 150w, http:\/\/labestiadeportiva.com\/lbd\/wp-content\/uploads\/2023\/08\/FB_IMG_1692065960482-768x768.jpg 768w, http:\/\/labestiadeportiva.com\/lbd\/wp-content\/uploads\/2023\/08\/FB_IMG_1692065960482-640x640.jpg 640w\" sizes=\"(max-width: 960px) 100vw, 960px\" \/><\/a><\/figure>\n\n\n\n<figure class=\"wp-block-image size-full is-resized\"><a href=\"http:\/\/labestiadeportiva.com\/lbd\/wp-content\/uploads\/2022\/11\/CARA_PEREZ-2.jpg\"><img loading=\"lazy\" src=\"http:\/\/labestiadeportiva.com\/lbd\/wp-content\/uploads\/2022\/11\/CARA_PEREZ-2.jpg\" alt=\"\" class=\"wp-image-43576\" width=\"351\" height=\"72\" srcset=\"http:\/\/labestiadeportiva.com\/lbd\/wp-content\/uploads\/2022\/11\/CARA_PEREZ-2.jpg 600w, http:\/\/labestiadeportiva.com\/lbd\/wp-content\/uploads\/2022\/11\/CARA_PEREZ-2-300x62.jpg 300w\" sizes=\"(max-width: 351px) 100vw, 351px\" \/><\/a><\/figure>\n\n\n\n<p>Dias atr\u00e1s en la sede de la Liga Ushuaiense tuvo lugar el sorteo de la \u00abCopa Ushuaia\u00bb versi\u00f3n 2023. La competencia que tendr\u00e1 20 equipos masculinos y 18 femeninos se pondr\u00e1 en marcha el pr\u00f3ximo fin de sema. Desde LBD te contamos todos los detalles.<\/p>\n\n\n\n<!--more-->\n\n\n\n<p>El Futsal AFA no da respiro. hace tan solo algunos d\u00edas el Microestadio Jos\u00e9 \u00abCochocho\u00bb Vargas era testigo de la consagraci\u00f3n de Mercantil y Escuela Municipal \u00abB\u00bb  en el marco del Torneo Apertura y r\u00e1pidamente estamos a las puertas de una nueva competencia.<\/p>\n\n\n\n<p>En cuanto a la estructura del torneo ser\u00e1n cinco grupos de cuatro equipos para los varones mientras que las \u00abChicas\u00bb competir\u00e1n divididas en seis zonas de tres clubes con el debut absoluto de Las Orcas.<\/p>\n\n\n\n<p><\/p>\n\n\n\n<p>Masculino<br><\/p>\n\n\n\n<p>Zona \u00abA\u00bb<br>Camioneros, Comercio,  Andes del sur y  G\u00fcemes.<br>.<br>Zona \u00abB\u00bb<br>AEP,  CAMPOLTER,  Boca Ushuaia y Centro Galicia.<br>.<br>Zona \u00abC\u00bb<br>Mercantil,  CAEF,  Los Andes y  AATEDYC<br>.<br>Zona \u00abD\u00bb<br>La UOM,  Millo FDM,  AMPS y  Escuela de Futsal MB.<br><br>Zona \u00abE\u00bb<br>HAF,  Lasserre FC,  Ateneo FC y  Arturo Prat.<\/p>\n\n\n\n<p>Femenino<\/p>\n\n\n\n<p>Zona \u00abA\u00bb<br>Escuela Municipal \u00abB\u00bb,  Escuela Municipal \u00abE\u00bb y  CAEF<br>.<br>Zona \u00abB\u00bb<br>Lasserre FC,  Escuela de Futsal MB y  AATEDYC.<br>.<br>Zona \u00abC\u00bb<br>Escuela Municipal \u00abG\u00bb,  Millo FDM y  G\u00fcemes \u00abNegro\u00bb.<br>.<br>Zona \u00abD\u00bb<br>Los Cuervos \u00abAzul\u00bb,  CAMPOLTER y Tigre.<br>.<br>Zona \u00abE\u00bb<br>Escuela Municipal \u00abD\u00bb,  G\u00fcemes \u00abVerde\u00bb y  Las Orcas.<br>.<br>Zona  \u00abF\u00bb<br>HAF,  Los Cuervos \u00abGrana\u00bb y  AMPS.<\/p>\n<div class='epvc-post-count'><span class='epvc-eye'><\/span>  <span class=\"epvc-count\"> 1.177<\/span><span class='epvc-label'> veces le\u00edda<\/span><\/div>\n<div class=\"jwsharethis\">\nShare this: \n<br \/>\n<a href=\"mailto:?subject=Sorteo%20e%20inminente%20comienzo&amp;body=http%3A%2F%2Flabestiadeportiva.com%2Flbd%2Fsorteo-e-inminente-comienzo%2F\">\n<img src=\"http:\/\/labestiadeportiva.com\/lbd\/wp-content\/plugins\/jw-share-this\/email.png\" alt=\"Share this page via Email\" \/>\n<\/a>\n<a target=\"_blank\" href=\"http:\/\/www.stumbleupon.com\/submit?url=http%3A%2F%2Flabestiadeportiva.com%2Flbd%2Fsorteo-e-inminente-comienzo%2F&amp;title=Sorteo+e+inminente+comienzo\">\n<img src=\"http:\/\/labestiadeportiva.com\/lbd\/wp-content\/plugins\/jw-share-this\/su.png\" alt=\"Share this page via Stumble Upon\" \/>\n<\/a>\n<a target=\"_blank\" href=\"http:\/\/digg.com\/submit?url=http%3A%2F%2Flabestiadeportiva.com%2Flbd%2Fsorteo-e-inminente-comienzo%2F&amp;title=Sorteo+e+inminente+comienzo\">\n<img src=\"http:\/\/labestiadeportiva.com\/lbd\/wp-content\/plugins\/jw-share-this\/digg.png\" alt=\"Share this page via Digg this\" \/>\n<\/a>\n<a target=\"_blank\" href=\"http:\/\/www.facebook.com\/sharer.php?u=http%3A%2F%2Flabestiadeportiva.com%2Flbd%2Fsorteo-e-inminente-comienzo%2F&amp;t=Sorteo+e+inminente+comienzo\">\n<img src=\"http:\/\/labestiadeportiva.com\/lbd\/wp-content\/plugins\/jw-share-this\/fb.png\" alt=\"Share this page via Facebook\" \/>\n<\/a>\n<a target=\"_blank\" href=\"http:\/\/twitter.com\/intent\/tweet?text=I+like+http%3A%2F%2Flabestiadeportiva.com%2Flbd%2Fsorteo-e-inminente-comienzo%2F&amp;title=Sorteo+e+inminente+comienzo\">\n<img src=\"http:\/\/labestiadeportiva.com\/lbd\/wp-content\/plugins\/jw-share-this\/twitter.png\" alt=\"Share this page via Twitter\" \/>\n<\/a>\n<\/div>\n","protected":false},"excerpt":{"rendered":"<p>Dias atr\u00e1s en la sede de la Liga Ushuaiense tuvo lugar el sorteo de la \u00abCopa Ushuaia\u00bb versi\u00f3n 2023. La competencia que tendr\u00e1 20 equipos masculinos y 18 femeninos se pondr\u00e1 en marcha el pr\u00f3ximo fin de sema. Desde LBD te contamos todos los detalles. 1.177 veces le\u00edda Share this:<\/p>\n","protected":false},"author":1,"featured_media":0,"comment_status":"open","ping_status":"open","sticky":false,"template":"","format":"standard","meta":[],"categories":[3977,5,47,1],"tags":[5132,30,48,83],"_links":{"self":[{"href":"http:\/\/labestiadeportiva.com\/lbd\/wp-json\/wp\/v2\/posts\/46941"}],"collection":[{"href":"http:\/\/labestiadeportiva.com\/lbd\/wp-json\/wp\/v2\/posts"}],"about":[{"href":"http:\/\/labestiadeportiva.com\/lbd\/wp-json\/wp\/v2\/types\/post"}],"author":[{"embeddable":true,"href":"http:\/\/labestiadeportiva.com\/lbd\/wp-json\/wp\/v2\/users\/1"}],"replies":[{"embeddable":true,"href":"http:\/\/labestiadeportiva.com\/lbd\/wp-json\/wp\/v2\/comments?post=46941"}],"version-history":[{"count":1,"href":"http:\/\/labestiadeportiva.com\/lbd\/wp-json\/wp\/v2\/posts\/46941\/revisions"}],"predecessor-version":[{"id":46952,"href":"http:\/\/labestiadeportiva.com\/lbd\/wp-json\/wp\/v2\/posts\/46941\/revisions\/46952"}],"wp:attachment":[{"href":"http:\/\/labestiadeportiva.com\/lbd\/wp-json\/wp\/v2\/media?parent=46941"}],"wp:term":[{"taxonomy":"category","embeddable":true,"href":"http:\/\/labestiadeportiva.com\/lbd\/wp-json\/wp\/v2\/categories?post=46941"},{"taxonomy":"post_tag","embeddable":true,"href":"http:\/\/labestiadeportiva.com\/lbd\/wp-json\/wp\/v2\/tags?post=46941"}],"curies":[{"name":"wp","href":"https:\/\/api.w.org\/{rel}","templated":true}]}}