{"id":47096,"date":"2023-08-26T00:27:45","date_gmt":"2023-08-26T03:27:45","guid":{"rendered":"http:\/\/labestiadeportiva.com\/lbd\/?p=47096"},"modified":"2023-08-26T00:27:47","modified_gmt":"2023-08-26T03:27:47","slug":"el-campeon-sudamericano-desde-villa-maria-audio","status":"publish","type":"post","link":"http:\/\/labestiadeportiva.com\/lbd\/el-campeon-sudamericano-desde-villa-maria-audio\/","title":{"rendered":"El Campe\u00f3n Sudamericano desde Villa Mar\u00eda (Audio)"},"content":{"rendered":"\n<figure class=\"wp-block-image size-large\"><a href=\"http:\/\/labestiadeportiva.com\/lbd\/wp-content\/uploads\/2023\/08\/IMG-20230825-WA0185.jpg\"><img loading=\"lazy\" width=\"1024\" height=\"1024\" src=\"http:\/\/labestiadeportiva.com\/lbd\/wp-content\/uploads\/2023\/08\/IMG-20230825-WA0185-1024x1024.jpg\" alt=\"\" class=\"wp-image-47105\" srcset=\"http:\/\/labestiadeportiva.com\/lbd\/wp-content\/uploads\/2023\/08\/IMG-20230825-WA0185-1024x1024.jpg 1024w, http:\/\/labestiadeportiva.com\/lbd\/wp-content\/uploads\/2023\/08\/IMG-20230825-WA0185-300x300.jpg 300w, http:\/\/labestiadeportiva.com\/lbd\/wp-content\/uploads\/2023\/08\/IMG-20230825-WA0185-150x150.jpg 150w, http:\/\/labestiadeportiva.com\/lbd\/wp-content\/uploads\/2023\/08\/IMG-20230825-WA0185-768x768.jpg 768w, http:\/\/labestiadeportiva.com\/lbd\/wp-content\/uploads\/2023\/08\/IMG-20230825-WA0185-640x640.jpg 640w, http:\/\/labestiadeportiva.com\/lbd\/wp-content\/uploads\/2023\/08\/IMG-20230825-WA0185.jpg 1080w\" sizes=\"(max-width: 1024px) 100vw, 1024px\" \/><\/a><\/figure>\n\n\n\n<figure class=\"wp-block-image size-full is-resized\"><a href=\"http:\/\/labestiadeportiva.com\/lbd\/wp-content\/uploads\/2022\/11\/CARA_PEREZ-2.jpg\"><img loading=\"lazy\" src=\"http:\/\/labestiadeportiva.com\/lbd\/wp-content\/uploads\/2022\/11\/CARA_PEREZ-2.jpg\" alt=\"\" class=\"wp-image-43576\" width=\"351\" height=\"72\" srcset=\"http:\/\/labestiadeportiva.com\/lbd\/wp-content\/uploads\/2022\/11\/CARA_PEREZ-2.jpg 600w, http:\/\/labestiadeportiva.com\/lbd\/wp-content\/uploads\/2022\/11\/CARA_PEREZ-2-300x62.jpg 300w\" sizes=\"(max-width: 351px) 100vw, 351px\" \/><\/a><\/figure>\n\n\n\n<p>Breve contacto con el joven tenista ushuaiense Valent\u00edn Garay. De regreso al pa\u00eds luego de la consagraci\u00f3n con la Selecci\u00f3n Argentina Sub 16,  que en varones conforma junto a Arcusch\u00edn y Carballo, retom\u00f3 la actividad nacional en la provincia de C\u00f3rdoba.<\/p>\n\n\n\n<p>La victoria Sudamericana en Paraguay clasific\u00f3 al equipo argento a la pr\u00f3xima Copa Davis Junior que se jugar\u00e1 en suelo espa\u00f1ol. Compartimos detalles y sensaciones de la talentosa raqueta fueguina.<\/p>\n\n\n\n<!--more-->\n\n\n\n<figure class=\"wp-block-embed is-type-video is-provider-youtube wp-block-embed-youtube wp-embed-aspect-4-3 wp-has-aspect-ratio\"><div class=\"wp-block-embed__wrapper\">\n<iframe loading=\"lazy\" title=\"Audio Valent\u00edn Garay\" width=\"474\" height=\"356\" src=\"https:\/\/www.youtube.com\/embed\/SQqY5qrbhfs?feature=oembed\" frameborder=\"0\" allow=\"accelerometer; autoplay; clipboard-write; encrypted-media; gyroscope; picture-in-picture; web-share\" allowfullscreen><\/iframe>\n<\/div><\/figure>\n<div class='epvc-post-count'><span class='epvc-eye'><\/span>  <span class=\"epvc-count\"> 1.279<\/span><span class='epvc-label'> veces le\u00edda<\/span><\/div>\n<div class=\"jwsharethis\">\nShare this: \n<br \/>\n<a href=\"mailto:?subject=El%20Campe%C3%B3n%20Sudamericano%20desde%20Villa%20Mar%C3%ADa%20%28Audio%29&amp;body=http%3A%2F%2Flabestiadeportiva.com%2Flbd%2Fel-campeon-sudamericano-desde-villa-maria-audio%2F\">\n<img src=\"http:\/\/labestiadeportiva.com\/lbd\/wp-content\/plugins\/jw-share-this\/email.png\" alt=\"Share this page via Email\" \/>\n<\/a>\n<a target=\"_blank\" href=\"http:\/\/www.stumbleupon.com\/submit?url=http%3A%2F%2Flabestiadeportiva.com%2Flbd%2Fel-campeon-sudamericano-desde-villa-maria-audio%2F&amp;title=El+Campe%C3%B3n+Sudamericano+desde+Villa+Mar%C3%ADa+%28Audio%29\">\n<img src=\"http:\/\/labestiadeportiva.com\/lbd\/wp-content\/plugins\/jw-share-this\/su.png\" alt=\"Share this page via Stumble Upon\" \/>\n<\/a>\n<a target=\"_blank\" href=\"http:\/\/digg.com\/submit?url=http%3A%2F%2Flabestiadeportiva.com%2Flbd%2Fel-campeon-sudamericano-desde-villa-maria-audio%2F&amp;title=El+Campe%C3%B3n+Sudamericano+desde+Villa+Mar%C3%ADa+%28Audio%29\">\n<img src=\"http:\/\/labestiadeportiva.com\/lbd\/wp-content\/plugins\/jw-share-this\/digg.png\" alt=\"Share this page via Digg this\" \/>\n<\/a>\n<a target=\"_blank\" href=\"http:\/\/www.facebook.com\/sharer.php?u=http%3A%2F%2Flabestiadeportiva.com%2Flbd%2Fel-campeon-sudamericano-desde-villa-maria-audio%2F&amp;t=El+Campe%C3%B3n+Sudamericano+desde+Villa+Mar%C3%ADa+%28Audio%29\">\n<img src=\"http:\/\/labestiadeportiva.com\/lbd\/wp-content\/plugins\/jw-share-this\/fb.png\" alt=\"Share this page via Facebook\" \/>\n<\/a>\n<a target=\"_blank\" href=\"http:\/\/twitter.com\/intent\/tweet?text=I+like+http%3A%2F%2Flabestiadeportiva.com%2Flbd%2Fel-campeon-sudamericano-desde-villa-maria-audio%2F&amp;title=El+Campe%C3%B3n+Sudamericano+desde+Villa+Mar%C3%ADa+%28Audio%29\">\n<img src=\"http:\/\/labestiadeportiva.com\/lbd\/wp-content\/plugins\/jw-share-this\/twitter.png\" alt=\"Share this page via Twitter\" \/>\n<\/a>\n<\/div>\n","protected":false},"excerpt":{"rendered":"<p>Breve contacto con el joven tenista ushuaiense Valent\u00edn Garay. De regreso al pa\u00eds luego de la consagraci\u00f3n con la Selecci\u00f3n Argentina Sub 16, que en varones conforma junto a Arcusch\u00edn y Carballo, retom\u00f3 la actividad nacional en la provincia de C\u00f3rdoba. La victoria Sudamericana en Paraguay clasific\u00f3 al equipo argento a la pr\u00f3xima Copa Davis &hellip; <a href=\"http:\/\/labestiadeportiva.com\/lbd\/el-campeon-sudamericano-desde-villa-maria-audio\/\" class=\"more-link\">Seguir leyendo <span class=\"screen-reader-text\">El Campe\u00f3n Sudamericano desde Villa Mar\u00eda (Audio)<\/span> <span class=\"meta-nav\">&rarr;<\/span><\/a><\/p>\n","protected":false},"author":1,"featured_media":0,"comment_status":"open","ping_status":"open","sticky":false,"template":"","format":"standard","meta":[],"categories":[5,4,6,1,3298,39],"tags":[83,34,4443],"_links":{"self":[{"href":"http:\/\/labestiadeportiva.com\/lbd\/wp-json\/wp\/v2\/posts\/47096"}],"collection":[{"href":"http:\/\/labestiadeportiva.com\/lbd\/wp-json\/wp\/v2\/posts"}],"about":[{"href":"http:\/\/labestiadeportiva.com\/lbd\/wp-json\/wp\/v2\/types\/post"}],"author":[{"embeddable":true,"href":"http:\/\/labestiadeportiva.com\/lbd\/wp-json\/wp\/v2\/users\/1"}],"replies":[{"embeddable":true,"href":"http:\/\/labestiadeportiva.com\/lbd\/wp-json\/wp\/v2\/comments?post=47096"}],"version-history":[{"count":1,"href":"http:\/\/labestiadeportiva.com\/lbd\/wp-json\/wp\/v2\/posts\/47096\/revisions"}],"predecessor-version":[{"id":47106,"href":"http:\/\/labestiadeportiva.com\/lbd\/wp-json\/wp\/v2\/posts\/47096\/revisions\/47106"}],"wp:attachment":[{"href":"http:\/\/labestiadeportiva.com\/lbd\/wp-json\/wp\/v2\/media?parent=47096"}],"wp:term":[{"taxonomy":"category","embeddable":true,"href":"http:\/\/labestiadeportiva.com\/lbd\/wp-json\/wp\/v2\/categories?post=47096"},{"taxonomy":"post_tag","embeddable":true,"href":"http:\/\/labestiadeportiva.com\/lbd\/wp-json\/wp\/v2\/tags?post=47096"}],"curies":[{"name":"wp","href":"https:\/\/api.w.org\/{rel}","templated":true}]}}