{"id":47501,"date":"2023-10-14T12:32:29","date_gmt":"2023-10-14T15:32:29","guid":{"rendered":"http:\/\/labestiadeportiva.com\/lbd\/?p=47501"},"modified":"2023-10-17T01:58:09","modified_gmt":"2023-10-17T04:58:09","slug":"destino-san-juan-2","status":"publish","type":"post","link":"http:\/\/labestiadeportiva.com\/lbd\/destino-san-juan-2\/","title":{"rendered":"Destino San Juan"},"content":{"rendered":"\n<figure class=\"wp-block-image size-full\"><a href=\"http:\/\/labestiadeportiva.com\/lbd\/wp-content\/uploads\/2023\/10\/selectdfdamasmayoresasanjuan.jpg\"><img loading=\"lazy\" width=\"615\" height=\"479\" src=\"http:\/\/labestiadeportiva.com\/lbd\/wp-content\/uploads\/2023\/10\/selectdfdamasmayoresasanjuan.jpg\" alt=\"\" class=\"wp-image-47510\" srcset=\"http:\/\/labestiadeportiva.com\/lbd\/wp-content\/uploads\/2023\/10\/selectdfdamasmayoresasanjuan.jpg 615w, http:\/\/labestiadeportiva.com\/lbd\/wp-content\/uploads\/2023\/10\/selectdfdamasmayoresasanjuan-300x234.jpg 300w\" sizes=\"(max-width: 615px) 100vw, 615px\" \/><\/a><\/figure>\n\n\n\n<figure class=\"wp-block-image size-full is-resized\"><a href=\"http:\/\/labestiadeportiva.com\/lbd\/wp-content\/uploads\/2022\/11\/CARA_TORRES-1.jpg\"><img loading=\"lazy\" src=\"http:\/\/labestiadeportiva.com\/lbd\/wp-content\/uploads\/2022\/11\/CARA_TORRES-1.jpg\" alt=\"\" class=\"wp-image-43579\" width=\"352\" height=\"72\" srcset=\"http:\/\/labestiadeportiva.com\/lbd\/wp-content\/uploads\/2022\/11\/CARA_TORRES-1.jpg 600w, http:\/\/labestiadeportiva.com\/lbd\/wp-content\/uploads\/2022\/11\/CARA_TORRES-1-300x62.jpg 300w\" sizes=\"(max-width: 352px) 100vw, 352px\" \/><\/a><\/figure>\n\n\n\n<p>Una nueva ilusi\u00f3n comenzar\u00e1 a partir del 18 de octubre. El hockey fueguino hace preparativos para viajar al Nacional de Selecciones pista de la Argentina. Damas y caballeros mayores y sub 19 damas hacen la puesta a punto para viajar a San Juan. <\/p>\n\n\n\n<!--more-->\n\n\n\n<p>Los seleccionados con sus respectivos Cuerpos T\u00e9cnicos partir\u00e1n el domingo 15 de octubre a la Tierra del Sol para jugar un Torneo Nacional muy exigente no solo por el nivel sino por el formato de competencia, de todos contra todos. <\/p>\n\n\n\n<p>Las fueguinas defender\u00e1n sus t\u00edtulos obtenidos con gran nivel el a\u00f1o pasado en Comodoro Rivadavia.\u00a0<\/p>\n\n\n\n<p><em>Las chicas del sub.19 van por m\u00e1s<\/em><\/p>\n\n\n\n<p>El conjunto dirigido por Mart\u00edn D\u00edaz se prepara para mostrar el buen nivel que tiene TDF en las juveniles. Ese salto de calidad lo pudo demostrar con un primer puesto en el a\u00f1o 2022. <\/p>\n\n\n\n<p>Con un equipo que tiene la base del a\u00f1o en el que fue campe\u00f3n y pudo subir jugadoras con muy buenas condiciones t\u00e9cnicas, el seleccionado Sub 19 va por el bicampeonato y tiene con qu\u00e9. <\/p>\n\n\n\n<p>El proceso comenz\u00f3 con 22 jugadoras al inicio de que  la Liga  Fueguina donde el Cuerpo T\u00e9cnico visit\u00f3 entrenamientos y fechas de partidos para mirar la actualidad de las jugadoras. <\/p>\n\n\n\n<p>En las vacaciones de julio se hicieron entrenamientos m\u00e1s intensos y se pudo hacer el corte para acercarse al n\u00famero de la plantilla que viajar\u00eda a San Juan. <\/p>\n\n\n\n<p>Luego de ese per\u00edodo se hicieron concentraciones en las dos ciudades y en la puesta a punto se est\u00e1n realizando los \u00faltimos retoques entrenando en instalaciones del URC para luego tener partidos con el plantel de primera damas. <\/p>\n\n\n\n<p>El Cuerpo Directivo est\u00e1 muy conforme con el proceso y esperan estar a la altura de lo que se viene. Estas son las jugadoras de la categor\u00eda que representar\u00e1n a la Federaci\u00f3n de Hockey TDF:<\/p>\n\n\n\n<p>Isis Ferreira, Catalina Valeriano, Martina Urquiza, Martina Navarro, Antonia Brest, Avril Garc\u00eda Muriel, Guadalupe Coronel, Antonella Romano, \u00darsula Puigpinos, Catalina Capello,\u00a0Giselle Barrios, Valentina Sciutto.<\/p>\n\n\n\n<figure class=\"wp-block-image size-full\"><a href=\"http:\/\/labestiadeportiva.com\/lbd\/wp-content\/uploads\/2023\/10\/selectdfdamass19sasanjuan.jpg\"><img loading=\"lazy\" width=\"550\" height=\"490\" src=\"http:\/\/labestiadeportiva.com\/lbd\/wp-content\/uploads\/2023\/10\/selectdfdamass19sasanjuan.jpg\" alt=\"\" class=\"wp-image-47511\" srcset=\"http:\/\/labestiadeportiva.com\/lbd\/wp-content\/uploads\/2023\/10\/selectdfdamass19sasanjuan.jpg 550w, http:\/\/labestiadeportiva.com\/lbd\/wp-content\/uploads\/2023\/10\/selectdfdamass19sasanjuan-300x267.jpg 300w\" sizes=\"(max-width: 550px) 100vw, 550px\" \/><\/a><\/figure>\n\n\n\n<p><em>Damas mayores y un torneo muy especial<\/em><\/p>\n\n\n\n<p>El seleccionado fueguino vuelve por segunda vez a San Juan. Fue en el 2014 que cay\u00f3 en la final frente a las due\u00f1as de casa en un partidazo que termin\u00f3 6 a 5. <\/p>\n\n\n\n<p>De esa fecha quedan Bocchero, Rigoni y R\u00edos, un tridente de ataque que en este a\u00f1o  conforman la base de un seleccionado de mucha calidad individual y de experiencia de conjunto que le diera el campeonato a la Federaci\u00f3n en el 2022. <\/p>\n\n\n\n<p>El equipo dirigido por el Profesor Sergio Mena tiene una parada dif\u00edcil ya que deber\u00e1 tratar de seguir en la misma l\u00ednea de juego que tuvo el a\u00f1o pasado donde el equipo se consagr\u00f3 invicto y goleador demostrando la ambici\u00f3n ofensiva de este equipo en cualquier lado. <\/p>\n\n\n\n<p>Claro que ahora inaugurar\u00e1 el torneo con el seleccionado de San Juan, due\u00f1o de casa, en su bunker que ser\u00e1 el gimnasio \u00abAldo Cantoni\u00bb, la cuna del hockey sobre patines y el mejor estadio de hockey pista de la argentina. <\/p>\n\n\n\n<p>El seleccionado que viajar\u00e1 a San Juan se compone de: <\/p>\n\n\n\n<p>Virginia Jerez, Victoria Rigoni, Victoria Amaya, Guillermina Amaya, Giuliana De Ieso, Malena Aguilar, Carolina Nieto, Candela Andrade, Juliana R\u00edos Ferreyra, Lara Irianni, Camila Zuk y Natalia Bocchero.<\/p>\n\n\n\n<figure class=\"wp-block-image size-full is-resized\"><a href=\"http:\/\/labestiadeportiva.com\/lbd\/wp-content\/uploads\/2023\/10\/selectdfcaballerosmayoressanjuan.jpg\"><img loading=\"lazy\" src=\"http:\/\/labestiadeportiva.com\/lbd\/wp-content\/uploads\/2023\/10\/selectdfcaballerosmayoressanjuan.jpg\" alt=\"\" class=\"wp-image-47512\" width=\"369\" height=\"658\" srcset=\"http:\/\/labestiadeportiva.com\/lbd\/wp-content\/uploads\/2023\/10\/selectdfcaballerosmayoressanjuan.jpg 285w, http:\/\/labestiadeportiva.com\/lbd\/wp-content\/uploads\/2023\/10\/selectdfcaballerosmayoressanjuan-168x300.jpg 168w\" sizes=\"(max-width: 369px) 100vw, 369px\" \/><\/a><\/figure>\n\n\n\n<p><em>Nuevo proceso en marcha con los caballeros<\/em><\/p>\n\n\n\n<p>La selecci\u00f3n masculina comienza un nuevo proceso a las \u00f3rdenes del Profesor Fabi\u00e1n P\u00e9rez, asistente del seleccionado nacional indoor. <\/p>\n\n\n\n<p>Este comienzo ser\u00e1n aires nuevos para un conjunto que tiene varias modificaciones de lo que fuera la plantilla del a\u00f1o pasado y que no pudo conquistar la final ante Asociaci\u00f3n Santacruce\u00f1a. <\/p>\n\n\n\n<p>Con la presencia de dos miembros mundialistas como Eleicegui y Rodriguez y algunos juveniles que empiezan a ser proyectos reales, este joven conjunto tiene la mezcla de experiencia y sangre nueva para intentar una vez m\u00e1s llegar a una final del tan ansiado trofeo nacional que se pudo lograr por una sola vez en el a\u00f1o 2019. <\/p>\n\n\n\n<p>La supremac\u00eda del hockey santacruce\u00f1o es evidente. Por otro lado, para los caballeros en una zona de todos contra todos siendo 6 equipos clasificando solo dos para la final, hace de este torneo un campeonato muy duro desde el primer encuentro. <\/p>\n\n\n\n<p>En tierras sanjuaninas va a ser muy dura la competencia debido al gran momento que pasan los jugadores de esa provincia y el despegue de Santa Cruz Norte que este a\u00f1o se llev\u00f3 el nacional de clubes para su casa.&nbsp;<\/p>\n<div class='epvc-post-count'><span class='epvc-eye'><\/span>  <span class=\"epvc-count\"> 1.949<\/span><span class='epvc-label'> veces le\u00edda<\/span><\/div>\n<div class=\"jwsharethis\">\nShare this: \n<br \/>\n<a href=\"mailto:?subject=Destino%20San%20Juan&amp;body=http%3A%2F%2Flabestiadeportiva.com%2Flbd%2Fdestino-san-juan-2%2F\">\n<img src=\"http:\/\/labestiadeportiva.com\/lbd\/wp-content\/plugins\/jw-share-this\/email.png\" alt=\"Share this page via Email\" \/>\n<\/a>\n<a target=\"_blank\" href=\"http:\/\/www.stumbleupon.com\/submit?url=http%3A%2F%2Flabestiadeportiva.com%2Flbd%2Fdestino-san-juan-2%2F&amp;title=Destino+San+Juan\">\n<img src=\"http:\/\/labestiadeportiva.com\/lbd\/wp-content\/plugins\/jw-share-this\/su.png\" alt=\"Share this page via Stumble Upon\" \/>\n<\/a>\n<a target=\"_blank\" href=\"http:\/\/digg.com\/submit?url=http%3A%2F%2Flabestiadeportiva.com%2Flbd%2Fdestino-san-juan-2%2F&amp;title=Destino+San+Juan\">\n<img src=\"http:\/\/labestiadeportiva.com\/lbd\/wp-content\/plugins\/jw-share-this\/digg.png\" alt=\"Share this page via Digg this\" \/>\n<\/a>\n<a target=\"_blank\" href=\"http:\/\/www.facebook.com\/sharer.php?u=http%3A%2F%2Flabestiadeportiva.com%2Flbd%2Fdestino-san-juan-2%2F&amp;t=Destino+San+Juan\">\n<img src=\"http:\/\/labestiadeportiva.com\/lbd\/wp-content\/plugins\/jw-share-this\/fb.png\" alt=\"Share this page via Facebook\" \/>\n<\/a>\n<a target=\"_blank\" href=\"http:\/\/twitter.com\/intent\/tweet?text=I+like+http%3A%2F%2Flabestiadeportiva.com%2Flbd%2Fdestino-san-juan-2%2F&amp;title=Destino+San+Juan\">\n<img src=\"http:\/\/labestiadeportiva.com\/lbd\/wp-content\/plugins\/jw-share-this\/twitter.png\" alt=\"Share this page via Twitter\" \/>\n<\/a>\n<\/div>\n","protected":false},"excerpt":{"rendered":"<p>Una nueva ilusi\u00f3n comenzar\u00e1 a partir del 18 de octubre. El hockey fueguino hace preparativos para viajar al Nacional de Selecciones pista de la Argentina. Damas y caballeros mayores y sub 19 damas hacen la puesta a punto para viajar a San Juan. 1.949 veces le\u00edda Share this:<\/p>\n","protected":false},"author":1,"featured_media":0,"comment_status":"open","ping_status":"open","sticky":false,"template":"","format":"standard","meta":[],"categories":[5,6,2422,1],"tags":[3711,32,1080,5135,5181],"_links":{"self":[{"href":"http:\/\/labestiadeportiva.com\/lbd\/wp-json\/wp\/v2\/posts\/47501"}],"collection":[{"href":"http:\/\/labestiadeportiva.com\/lbd\/wp-json\/wp\/v2\/posts"}],"about":[{"href":"http:\/\/labestiadeportiva.com\/lbd\/wp-json\/wp\/v2\/types\/post"}],"author":[{"embeddable":true,"href":"http:\/\/labestiadeportiva.com\/lbd\/wp-json\/wp\/v2\/users\/1"}],"replies":[{"embeddable":true,"href":"http:\/\/labestiadeportiva.com\/lbd\/wp-json\/wp\/v2\/comments?post=47501"}],"version-history":[{"count":3,"href":"http:\/\/labestiadeportiva.com\/lbd\/wp-json\/wp\/v2\/posts\/47501\/revisions"}],"predecessor-version":[{"id":47529,"href":"http:\/\/labestiadeportiva.com\/lbd\/wp-json\/wp\/v2\/posts\/47501\/revisions\/47529"}],"wp:attachment":[{"href":"http:\/\/labestiadeportiva.com\/lbd\/wp-json\/wp\/v2\/media?parent=47501"}],"wp:term":[{"taxonomy":"category","embeddable":true,"href":"http:\/\/labestiadeportiva.com\/lbd\/wp-json\/wp\/v2\/categories?post=47501"},{"taxonomy":"post_tag","embeddable":true,"href":"http:\/\/labestiadeportiva.com\/lbd\/wp-json\/wp\/v2\/tags?post=47501"}],"curies":[{"name":"wp","href":"https:\/\/api.w.org\/{rel}","templated":true}]}}