{"id":47964,"date":"2023-11-29T00:56:01","date_gmt":"2023-11-29T03:56:01","guid":{"rendered":"http:\/\/labestiadeportiva.com\/lbd\/?p=47964"},"modified":"2023-11-29T01:10:22","modified_gmt":"2023-11-29T04:10:22","slug":"martes-13-medallas-para-tdf","status":"publish","type":"post","link":"http:\/\/labestiadeportiva.com\/lbd\/martes-13-medallas-para-tdf\/","title":{"rendered":"Martes 13 (medallas) para TDF"},"content":{"rendered":"\n<figure class=\"wp-block-image size-large\"><a href=\"http:\/\/labestiadeportiva.com\/lbd\/wp-content\/uploads\/2023\/11\/FB_IMG_1701225652217.jpg\"><img loading=\"lazy\" width=\"1024\" height=\"682\" src=\"http:\/\/labestiadeportiva.com\/lbd\/wp-content\/uploads\/2023\/11\/FB_IMG_1701225652217-1024x682.jpg\" alt=\"\" class=\"wp-image-47965\" srcset=\"http:\/\/labestiadeportiva.com\/lbd\/wp-content\/uploads\/2023\/11\/FB_IMG_1701225652217-1024x682.jpg 1024w, http:\/\/labestiadeportiva.com\/lbd\/wp-content\/uploads\/2023\/11\/FB_IMG_1701225652217-300x200.jpg 300w, http:\/\/labestiadeportiva.com\/lbd\/wp-content\/uploads\/2023\/11\/FB_IMG_1701225652217-768x511.jpg 768w, http:\/\/labestiadeportiva.com\/lbd\/wp-content\/uploads\/2023\/11\/FB_IMG_1701225652217-640x426.jpg 640w, http:\/\/labestiadeportiva.com\/lbd\/wp-content\/uploads\/2023\/11\/FB_IMG_1701225652217.jpg 1080w\" sizes=\"(max-width: 1024px) 100vw, 1024px\" \/><\/a><\/figure>\n\n\n\n<figure class=\"wp-block-image size-full is-resized\"><a href=\"http:\/\/labestiadeportiva.com\/lbd\/wp-content\/uploads\/2022\/11\/CARA_PEREZ-2.jpg\"><img loading=\"lazy\" src=\"http:\/\/labestiadeportiva.com\/lbd\/wp-content\/uploads\/2022\/11\/CARA_PEREZ-2.jpg\" alt=\"\" class=\"wp-image-43576\" width=\"408\" height=\"83\" srcset=\"http:\/\/labestiadeportiva.com\/lbd\/wp-content\/uploads\/2022\/11\/CARA_PEREZ-2.jpg 600w, http:\/\/labestiadeportiva.com\/lbd\/wp-content\/uploads\/2022\/11\/CARA_PEREZ-2-300x62.jpg 300w\" sizes=\"(max-width: 408px) 100vw, 408px\" \/><\/a><\/figure>\n\n\n\n<p>Tremenda cosecha para los atletas fueguinos en la pista de la capital pampeana consiguiendo 9 preseas, asimismo en su primer d\u00eda de competencia el judo aport\u00f3 otras 4. En LBD te brindamos el resumen de la jornada. Las fotos son gentileza de Prensa Secretaria de Deportes Provincial.<\/p>\n\n\n\n<!--more-->\n\n\n\n<figure class=\"wp-block-image size-large\"><a href=\"http:\/\/labestiadeportiva.com\/lbd\/wp-content\/uploads\/2023\/11\/FB_IMG_1701225693051.jpg\"><img loading=\"lazy\" width=\"1024\" height=\"683\" src=\"http:\/\/labestiadeportiva.com\/lbd\/wp-content\/uploads\/2023\/11\/FB_IMG_1701225693051-1024x683.jpg\" alt=\"\" class=\"wp-image-47966\" srcset=\"http:\/\/labestiadeportiva.com\/lbd\/wp-content\/uploads\/2023\/11\/FB_IMG_1701225693051-1024x683.jpg 1024w, http:\/\/labestiadeportiva.com\/lbd\/wp-content\/uploads\/2023\/11\/FB_IMG_1701225693051-300x200.jpg 300w, http:\/\/labestiadeportiva.com\/lbd\/wp-content\/uploads\/2023\/11\/FB_IMG_1701225693051-768x512.jpg 768w, http:\/\/labestiadeportiva.com\/lbd\/wp-content\/uploads\/2023\/11\/FB_IMG_1701225693051-640x427.jpg 640w, http:\/\/labestiadeportiva.com\/lbd\/wp-content\/uploads\/2023\/11\/FB_IMG_1701225693051.jpg 1080w\" sizes=\"(max-width: 1024px) 100vw, 1024px\" \/><\/a><\/figure>\n\n\n\n<p>El atletismo fueguino es cosa seria. Continuidad de lo producido semanas atr\u00e1s en los juegos Araucanos.<\/p>\n\n\n\n<p>A las tres medallas conseguidas el lunes se sumaron otras nueve en el segundo d\u00eda de competencia.<\/p>\n\n\n\n<p>El lanzador ushuaiense, Nicol\u00e1s Ravassa, sum\u00f3 se segunda medalla de oro en lanzamientos est\u00e1 vez con la jabalina.<\/p>\n\n\n\n<p>Asimismo \u00abAnto\u00bb Ojeda logr\u00f3 el suyo (Oro) en Salto en Largo. <\/p>\n\n\n\n<p>Segundo Bronce para Uno De Antueno en Salto en Alto mientras que fueron tambi\u00e9n medallistas Ian Bianchi y Bruno Malizia en Pruebas Combinadas con Oro y Plata para ellos.<\/p>\n\n\n\n<p>Las chicas no se quedaron atr\u00e1s en ese rubro ya que Morena D\u00edaz y Sof\u00eda Peralta consiguieron el Oro y Bronce.<\/p>\n\n\n\n<p>La Posta fueguina 4&#215;100 compuesta por Candela Fern\u00e1ndez, Amy Vargas, Giana Aducci y Antonella Ojeda se qued\u00f3 con la Plata.<\/p>\n\n\n\n<p>Finalmente el cierre de la gran cosecha de preseas fue para la propia Antonella Ojeda con su Oro en Lanzamiento de Bala.<\/p>\n\n\n\n<figure class=\"wp-block-image size-large\"><a href=\"http:\/\/labestiadeportiva.com\/lbd\/wp-content\/uploads\/2023\/11\/FB_IMG_1701225667721.jpg\"><img loading=\"lazy\" width=\"1024\" height=\"682\" src=\"http:\/\/labestiadeportiva.com\/lbd\/wp-content\/uploads\/2023\/11\/FB_IMG_1701225667721-1024x682.jpg\" alt=\"\" class=\"wp-image-47967\" srcset=\"http:\/\/labestiadeportiva.com\/lbd\/wp-content\/uploads\/2023\/11\/FB_IMG_1701225667721-1024x682.jpg 1024w, http:\/\/labestiadeportiva.com\/lbd\/wp-content\/uploads\/2023\/11\/FB_IMG_1701225667721-300x200.jpg 300w, http:\/\/labestiadeportiva.com\/lbd\/wp-content\/uploads\/2023\/11\/FB_IMG_1701225667721-768x511.jpg 768w, http:\/\/labestiadeportiva.com\/lbd\/wp-content\/uploads\/2023\/11\/FB_IMG_1701225667721-640x426.jpg 640w, http:\/\/labestiadeportiva.com\/lbd\/wp-content\/uploads\/2023\/11\/FB_IMG_1701225667721.jpg 1080w\" sizes=\"(max-width: 1024px) 100vw, 1024px\" \/><\/a><\/figure>\n\n\n\n<p>Arranque del judo a toda orquesta en instalaciones del Colegio N\u00b0 2 de la capital pampeana.<\/p>\n\n\n\n<p>Benjam\u00edn Cucek (50 kilos) y Agustina Vera (52 kilos) se impusieron en sus respectivos segmentos qued\u00e1ndose  con las dos primeras medallas de oro para la disciplina.<\/p>\n\n\n\n<p>Santiago Avellaneda (60 kilos) fue segundo en su segmento mientras que Mar\u00eda Salvatierra concluy\u00f3 en la tercera ubicaci\u00f3n de la categor\u00eda hasta 57 kilos.<\/p>\n\n\n\n<p>Promisorio arranque para el equipo de judo fueguino que promete ir por m\u00e1s.<\/p>\n\n\n\n<p>Complicada actualidad para las disciplinas de conjunto. El primer resultado positivo lo aportaron las chicas del f\u00fatbol igualando en 0 ante santa Cruz. En el d\u00eda de ma\u00f1ana las rivales ser\u00e1n las rionegrinas.<\/p>\n\n\n\n<p>Caidas en la doble presentaci\u00f3n del v\u00f3ley. En el primer turno el femenino cay\u00f3 3 set a 1 ante Santa Cruz mientras que los varones, tambi\u00e9n frente a los santacruce\u00f1os cedieron por 3 set a 0.<\/p>\n\n\n\n<p>En los juegos de la tarde Chubut fue el rival de ambos con derrotas por 3 set a 1 en ambos casos.<\/p>\n\n\n\n<p>Quizas el b\u00e1squet sea la disciplina que se encuentra m\u00e1s lejos del nivel actual de la Patagonia. El masculino cay\u00f3 categ\u00f3ricamente 107 a 24 con Neuqu\u00e9n en el primer turno para luego hacerlo 111 a 22 frente a La Pampa.<\/p>\n\n\n\n<p>En el caso de las chicas ca\u00edda ante Santa Cruz 66 a 26 por la ma\u00f1ana para ceder frente a Neuqu\u00e9n a la tarde 75 a 26.<\/p>\n\n\n\n<p>Finalmente el f\u00fatbol masculino realiz\u00f3 su segunda presentaci\u00f3n con ajustada derrota ante Chubut por 2 a 1.<\/p>\n\n\n\n<figure class=\"wp-block-image size-large\"><a href=\"http:\/\/labestiadeportiva.com\/lbd\/wp-content\/uploads\/2023\/11\/FB_IMG_1701225714594.jpg\"><img loading=\"lazy\" width=\"1024\" height=\"683\" src=\"http:\/\/labestiadeportiva.com\/lbd\/wp-content\/uploads\/2023\/11\/FB_IMG_1701225714594-1024x683.jpg\" alt=\"\" class=\"wp-image-47968\" srcset=\"http:\/\/labestiadeportiva.com\/lbd\/wp-content\/uploads\/2023\/11\/FB_IMG_1701225714594-1024x683.jpg 1024w, http:\/\/labestiadeportiva.com\/lbd\/wp-content\/uploads\/2023\/11\/FB_IMG_1701225714594-300x200.jpg 300w, http:\/\/labestiadeportiva.com\/lbd\/wp-content\/uploads\/2023\/11\/FB_IMG_1701225714594-768x512.jpg 768w, http:\/\/labestiadeportiva.com\/lbd\/wp-content\/uploads\/2023\/11\/FB_IMG_1701225714594-640x427.jpg 640w, http:\/\/labestiadeportiva.com\/lbd\/wp-content\/uploads\/2023\/11\/FB_IMG_1701225714594.jpg 1080w\" sizes=\"(max-width: 1024px) 100vw, 1024px\" \/><\/a><\/figure>\n\n\n\n<p>Cronograma de competencia (Mi\u00e9rcoles 29)<\/p>\n\n\n\n<p>Sede Santa Rosa <br>8.30 \u2013 Atletismo<br>9.00 \u2013 B\u00e1squet Femenino: TDF vs. R\u00edo Negro (Polideportivo Butal\u00f3)<br>9.00 \u2013 Ciclismo MTB Masculino (Contrarreloj Individual) | 10.30 &#8211; Femenino<br>9.30 &#8211; Nataci\u00f3n PCD (All Boys)<br>11.00 \u2013 B\u00e1squet Masculino: TDF vs. R\u00edo Negro (Polideportivo Butal\u00f3)<br>15.00 \u2013 Judo | Femenino: 63, 70 y +70 kilos. Masculino: 66, 73, 81 y +81 kilos (Escuela 2)<br>15.00 \u2013 Nataci\u00f3n (All Boys)<br>19.00 \u2013 F\u00fatbol Masculino: TDF vs. Neuqu\u00e9n (All Boys)<\/p>\n\n\n\n<p>Sede General Pico <br>19.00 \u2013 TDF vs. R\u00edo Negro (Costa Brava)<\/p>\n\n\n\n<p>Sede General  Acha<br>11.00 \u2013 V\u00f3ley Femenino: TDF vs. R\u00edo Negro (UD Campos)<br>19.00 \u2013 V\u00f3ley Femenino: TDF vs. La Pampa (CEF)<\/p>\n\n\n\n<p>Sede Eduardo Castex<br>9.00 \u2013 V\u00f3ley Masculino: TDF vs. Neuqu\u00e9n (Racing Club)<br>17.00 \u2013 V\u00f3ley Masculino: TDF vs. R\u00edo Negro (Racing Club)<\/p>\n\n\n\n<figure class=\"wp-block-image size-large\"><a href=\"http:\/\/labestiadeportiva.com\/lbd\/wp-content\/uploads\/2023\/11\/FB_IMG_1701225723174.jpg\"><img loading=\"lazy\" width=\"1024\" height=\"683\" src=\"http:\/\/labestiadeportiva.com\/lbd\/wp-content\/uploads\/2023\/11\/FB_IMG_1701225723174-1024x683.jpg\" alt=\"\" class=\"wp-image-47969\" srcset=\"http:\/\/labestiadeportiva.com\/lbd\/wp-content\/uploads\/2023\/11\/FB_IMG_1701225723174-1024x683.jpg 1024w, http:\/\/labestiadeportiva.com\/lbd\/wp-content\/uploads\/2023\/11\/FB_IMG_1701225723174-300x200.jpg 300w, http:\/\/labestiadeportiva.com\/lbd\/wp-content\/uploads\/2023\/11\/FB_IMG_1701225723174-768x512.jpg 768w, http:\/\/labestiadeportiva.com\/lbd\/wp-content\/uploads\/2023\/11\/FB_IMG_1701225723174-640x427.jpg 640w, http:\/\/labestiadeportiva.com\/lbd\/wp-content\/uploads\/2023\/11\/FB_IMG_1701225723174.jpg 1080w\" sizes=\"(max-width: 1024px) 100vw, 1024px\" \/><\/a><\/figure>\n<div class='epvc-post-count'><span class='epvc-eye'><\/span>  <span class=\"epvc-count\"> 1.320<\/span><span class='epvc-label'> veces le\u00edda<\/span><\/div>\n<div class=\"jwsharethis\">\nShare this: \n<br \/>\n<a href=\"mailto:?subject=Martes%2013%20%28medallas%29%20para%20TDF&amp;body=http%3A%2F%2Flabestiadeportiva.com%2Flbd%2Fmartes-13-medallas-para-tdf%2F\">\n<img src=\"http:\/\/labestiadeportiva.com\/lbd\/wp-content\/plugins\/jw-share-this\/email.png\" alt=\"Share this page via Email\" \/>\n<\/a>\n<a target=\"_blank\" href=\"http:\/\/www.stumbleupon.com\/submit?url=http%3A%2F%2Flabestiadeportiva.com%2Flbd%2Fmartes-13-medallas-para-tdf%2F&amp;title=Martes+13+%28medallas%29+para+TDF\">\n<img src=\"http:\/\/labestiadeportiva.com\/lbd\/wp-content\/plugins\/jw-share-this\/su.png\" alt=\"Share this page via Stumble Upon\" \/>\n<\/a>\n<a target=\"_blank\" href=\"http:\/\/digg.com\/submit?url=http%3A%2F%2Flabestiadeportiva.com%2Flbd%2Fmartes-13-medallas-para-tdf%2F&amp;title=Martes+13+%28medallas%29+para+TDF\">\n<img src=\"http:\/\/labestiadeportiva.com\/lbd\/wp-content\/plugins\/jw-share-this\/digg.png\" alt=\"Share this page via Digg this\" \/>\n<\/a>\n<a target=\"_blank\" href=\"http:\/\/www.facebook.com\/sharer.php?u=http%3A%2F%2Flabestiadeportiva.com%2Flbd%2Fmartes-13-medallas-para-tdf%2F&amp;t=Martes+13+%28medallas%29+para+TDF\">\n<img src=\"http:\/\/labestiadeportiva.com\/lbd\/wp-content\/plugins\/jw-share-this\/fb.png\" alt=\"Share this page via Facebook\" \/>\n<\/a>\n<a target=\"_blank\" href=\"http:\/\/twitter.com\/intent\/tweet?text=I+like+http%3A%2F%2Flabestiadeportiva.com%2Flbd%2Fmartes-13-medallas-para-tdf%2F&amp;title=Martes+13+%28medallas%29+para+TDF\">\n<img src=\"http:\/\/labestiadeportiva.com\/lbd\/wp-content\/plugins\/jw-share-this\/twitter.png\" alt=\"Share this page via Twitter\" \/>\n<\/a>\n<\/div>\n","protected":false},"excerpt":{"rendered":"<p>Tremenda cosecha para los atletas fueguinos en la pista de la capital pampeana consiguiendo 9 preseas, asimismo en su primer d\u00eda de competencia el judo aport\u00f3 otras 4. En LBD te brindamos el resumen de la jornada. Las fotos son gentileza de Prensa Secretaria de Deportes Provincial. 1.320 veces le\u00edda Share this:<\/p>\n","protected":false},"author":1,"featured_media":0,"comment_status":"open","ping_status":"open","sticky":false,"template":"","format":"standard","meta":[],"categories":[5,6,2130,1],"tags":[1828,593,5178,83],"_links":{"self":[{"href":"http:\/\/labestiadeportiva.com\/lbd\/wp-json\/wp\/v2\/posts\/47964"}],"collection":[{"href":"http:\/\/labestiadeportiva.com\/lbd\/wp-json\/wp\/v2\/posts"}],"about":[{"href":"http:\/\/labestiadeportiva.com\/lbd\/wp-json\/wp\/v2\/types\/post"}],"author":[{"embeddable":true,"href":"http:\/\/labestiadeportiva.com\/lbd\/wp-json\/wp\/v2\/users\/1"}],"replies":[{"embeddable":true,"href":"http:\/\/labestiadeportiva.com\/lbd\/wp-json\/wp\/v2\/comments?post=47964"}],"version-history":[{"count":2,"href":"http:\/\/labestiadeportiva.com\/lbd\/wp-json\/wp\/v2\/posts\/47964\/revisions"}],"predecessor-version":[{"id":47972,"href":"http:\/\/labestiadeportiva.com\/lbd\/wp-json\/wp\/v2\/posts\/47964\/revisions\/47972"}],"wp:attachment":[{"href":"http:\/\/labestiadeportiva.com\/lbd\/wp-json\/wp\/v2\/media?parent=47964"}],"wp:term":[{"taxonomy":"category","embeddable":true,"href":"http:\/\/labestiadeportiva.com\/lbd\/wp-json\/wp\/v2\/categories?post=47964"},{"taxonomy":"post_tag","embeddable":true,"href":"http:\/\/labestiadeportiva.com\/lbd\/wp-json\/wp\/v2\/tags?post=47964"}],"curies":[{"name":"wp","href":"https:\/\/api.w.org\/{rel}","templated":true}]}}