{"id":47997,"date":"2023-11-30T01:18:24","date_gmt":"2023-11-30T04:18:24","guid":{"rendered":"http:\/\/labestiadeportiva.com\/lbd\/?p=47997"},"modified":"2023-11-30T01:18:34","modified_gmt":"2023-11-30T04:18:34","slug":"judo-y-ciclismo-las-medallas-del-miercoles","status":"publish","type":"post","link":"http:\/\/labestiadeportiva.com\/lbd\/judo-y-ciclismo-las-medallas-del-miercoles\/","title":{"rendered":"Judo y ciclismo, las medallas del mi\u00e9rcoles"},"content":{"rendered":"\n<figure class=\"wp-block-image size-large\"><a href=\"http:\/\/labestiadeportiva.com\/lbd\/wp-content\/uploads\/2023\/11\/FB_IMG_1701312969980.jpg\"><img loading=\"lazy\" width=\"1024\" height=\"683\" src=\"http:\/\/labestiadeportiva.com\/lbd\/wp-content\/uploads\/2023\/11\/FB_IMG_1701312969980-1024x683.jpg\" alt=\"\" class=\"wp-image-47998\" srcset=\"http:\/\/labestiadeportiva.com\/lbd\/wp-content\/uploads\/2023\/11\/FB_IMG_1701312969980-1024x683.jpg 1024w, http:\/\/labestiadeportiva.com\/lbd\/wp-content\/uploads\/2023\/11\/FB_IMG_1701312969980-300x200.jpg 300w, http:\/\/labestiadeportiva.com\/lbd\/wp-content\/uploads\/2023\/11\/FB_IMG_1701312969980-768x512.jpg 768w, http:\/\/labestiadeportiva.com\/lbd\/wp-content\/uploads\/2023\/11\/FB_IMG_1701312969980-640x427.jpg 640w, http:\/\/labestiadeportiva.com\/lbd\/wp-content\/uploads\/2023\/11\/FB_IMG_1701312969980.jpg 1080w\" sizes=\"(max-width: 1024px) 100vw, 1024px\" \/><\/a><\/figure>\n\n\n\n<figure class=\"wp-block-image size-full is-resized\"><a href=\"http:\/\/labestiadeportiva.com\/lbd\/wp-content\/uploads\/2022\/11\/CARA_PEREZ-2.jpg\"><img loading=\"lazy\" src=\"http:\/\/labestiadeportiva.com\/lbd\/wp-content\/uploads\/2022\/11\/CARA_PEREZ-2.jpg\" alt=\"\" class=\"wp-image-43576\" width=\"348\" height=\"71\" srcset=\"http:\/\/labestiadeportiva.com\/lbd\/wp-content\/uploads\/2022\/11\/CARA_PEREZ-2.jpg 600w, http:\/\/labestiadeportiva.com\/lbd\/wp-content\/uploads\/2022\/11\/CARA_PEREZ-2-300x62.jpg 300w\" sizes=\"(max-width: 348px) 100vw, 348px\" \/><\/a><\/figure>\n\n\n\n<p>Promedia la competencia en el marco de los Juegos de la Patagonia. En el segundo d\u00eda de acci\u00f3n en tierra pampeana el judo cosech\u00f3 seis preseas mientras que Thomas Jones logr\u00f3 el Bronce en la prueba contrarreloj del ciclismo. Desde LBD el resumen del d\u00eda. Las fotos son gentileza de Prensa Secretaria de Deportes Provincial.<\/p>\n\n\n\n<!--more-->\n\n\n\n<figure class=\"wp-block-image size-large\"><a href=\"http:\/\/labestiadeportiva.com\/lbd\/wp-content\/uploads\/2023\/11\/FB_IMG_1701313049115.jpg\"><img loading=\"lazy\" width=\"1024\" height=\"695\" src=\"http:\/\/labestiadeportiva.com\/lbd\/wp-content\/uploads\/2023\/11\/FB_IMG_1701313049115-1024x695.jpg\" alt=\"\" class=\"wp-image-47999\" srcset=\"http:\/\/labestiadeportiva.com\/lbd\/wp-content\/uploads\/2023\/11\/FB_IMG_1701313049115-1024x695.jpg 1024w, http:\/\/labestiadeportiva.com\/lbd\/wp-content\/uploads\/2023\/11\/FB_IMG_1701313049115-300x204.jpg 300w, http:\/\/labestiadeportiva.com\/lbd\/wp-content\/uploads\/2023\/11\/FB_IMG_1701313049115-768x521.jpg 768w, http:\/\/labestiadeportiva.com\/lbd\/wp-content\/uploads\/2023\/11\/FB_IMG_1701313049115-640x434.jpg 640w, http:\/\/labestiadeportiva.com\/lbd\/wp-content\/uploads\/2023\/11\/FB_IMG_1701313049115.jpg 1080w\" sizes=\"(max-width: 1024px) 100vw, 1024px\" \/><\/a><\/figure>\n\n\n\n<p>El judo fueguino hab\u00eda prometido m\u00e1s y cumplio. En su segunda jornada en el tatami enclavado en el gimnasio del Colegio N\u00b0 2 de la capital pampeana en el segmento masculino Juan Salvatierra fue Oro, Benjam\u00edn Pesarini Plata y Misael Casagrande Bronce.<\/p>\n\n\n\n<p>Mientras que entre las damas hicieron lo propio Oro para Nahir Insaurralde m\u00e1s las platas de Priscila Calder\u00f3n y Martina Dellazuana.<\/p>\n\n\n\n<p>En cuanto a la continuidad de la disciplina este jueves llegar\u00e1 la competencia por equipos en su fase de grupos.<\/p>\n\n\n\n<p>Grata sorpresa lleg\u00f3 desde Toay.  Thomas Jones se adjudic\u00f3 la medalla de bronce en la prueba contrarreloj este mi\u00e9rcoles por la ma\u00f1ana. El joven fueguino consigui\u00f3  un registro de 9 minutos.<\/p>\n\n\n\n<figure class=\"wp-block-image size-large\"><a href=\"http:\/\/labestiadeportiva.com\/lbd\/wp-content\/uploads\/2023\/11\/FB_IMG_1701312975517.jpg\"><img loading=\"lazy\" width=\"1024\" height=\"683\" src=\"http:\/\/labestiadeportiva.com\/lbd\/wp-content\/uploads\/2023\/11\/FB_IMG_1701312975517-1024x683.jpg\" alt=\"\" class=\"wp-image-48000\" srcset=\"http:\/\/labestiadeportiva.com\/lbd\/wp-content\/uploads\/2023\/11\/FB_IMG_1701312975517-1024x683.jpg 1024w, http:\/\/labestiadeportiva.com\/lbd\/wp-content\/uploads\/2023\/11\/FB_IMG_1701312975517-300x200.jpg 300w, http:\/\/labestiadeportiva.com\/lbd\/wp-content\/uploads\/2023\/11\/FB_IMG_1701312975517-768x512.jpg 768w, http:\/\/labestiadeportiva.com\/lbd\/wp-content\/uploads\/2023\/11\/FB_IMG_1701312975517-640x427.jpg 640w, http:\/\/labestiadeportiva.com\/lbd\/wp-content\/uploads\/2023\/11\/FB_IMG_1701312975517.jpg 1080w\" sizes=\"(max-width: 1024px) 100vw, 1024px\" \/><\/a><\/figure>\n\n\n\n<p>La continuidad para el ciclismo MB ser\u00e1 este jueves cuando se dispute la modalidad Cross Country Ol\u00edmpico en un trazado similar al del primer d\u00eda, mientras que el viernes llegar\u00e1 el relevo por equipos.<\/p>\n\n\n\n<p>Hasta el momento el seleccionado de TDF escal\u00f3 una posici\u00f3n en la clasificaci\u00f3n general y se ubica cuarto con 152 puntos.<\/p>\n\n\n\n<p>Sigue siendo compleja la actividad de las disciplinas de conjunto. Ca\u00edda de las chicas del f\u00fatbol por la m\u00ednima ante R\u00edo Negro al igual que los varones quienes fueron derrotados 1 a 0 por Neuqu\u00e9n.<\/p>\n\n\n\n<p>En el v\u00f3ley doble ca\u00edda de las chicas por el mismo marcador 3 set a 0 ante R\u00edo Negro y La Pampa respectivamente mientras que los varones fueron derrotados por el mismo marcador por Neuqu\u00e9n y R\u00edo Negro.<\/p>\n\n\n\n<p>Finalmente el b\u00e1squet femenino perdi\u00f3 con R\u00edo Negro 58 a 26 y los varones lo hicieron 84 a 27 tambi\u00e9n ante los rionegrinos.<\/p>\n\n\n\n<figure class=\"wp-block-image size-large\"><a href=\"http:\/\/labestiadeportiva.com\/lbd\/wp-content\/uploads\/2023\/11\/FB_IMG_1701315904396.jpg\"><img loading=\"lazy\" width=\"1024\" height=\"683\" src=\"http:\/\/labestiadeportiva.com\/lbd\/wp-content\/uploads\/2023\/11\/FB_IMG_1701315904396-1024x683.jpg\" alt=\"\" class=\"wp-image-48001\" srcset=\"http:\/\/labestiadeportiva.com\/lbd\/wp-content\/uploads\/2023\/11\/FB_IMG_1701315904396-1024x683.jpg 1024w, http:\/\/labestiadeportiva.com\/lbd\/wp-content\/uploads\/2023\/11\/FB_IMG_1701315904396-300x200.jpg 300w, http:\/\/labestiadeportiva.com\/lbd\/wp-content\/uploads\/2023\/11\/FB_IMG_1701315904396-768x512.jpg 768w, http:\/\/labestiadeportiva.com\/lbd\/wp-content\/uploads\/2023\/11\/FB_IMG_1701315904396-640x427.jpg 640w, http:\/\/labestiadeportiva.com\/lbd\/wp-content\/uploads\/2023\/11\/FB_IMG_1701315904396.jpg 1080w\" sizes=\"(max-width: 1024px) 100vw, 1024px\" \/><\/a><\/figure>\n<div class='epvc-post-count'><span class='epvc-eye'><\/span>  <span class=\"epvc-count\"> 897<\/span><span class='epvc-label'> veces le\u00edda<\/span><\/div>\n<div class=\"jwsharethis\">\nShare this: \n<br \/>\n<a href=\"mailto:?subject=Judo%20y%20ciclismo%2C%20las%20medallas%20del%20mi%C3%A9rcoles&amp;body=http%3A%2F%2Flabestiadeportiva.com%2Flbd%2Fjudo-y-ciclismo-las-medallas-del-miercoles%2F\">\n<img src=\"http:\/\/labestiadeportiva.com\/lbd\/wp-content\/plugins\/jw-share-this\/email.png\" alt=\"Share this page via Email\" \/>\n<\/a>\n<a target=\"_blank\" href=\"http:\/\/www.stumbleupon.com\/submit?url=http%3A%2F%2Flabestiadeportiva.com%2Flbd%2Fjudo-y-ciclismo-las-medallas-del-miercoles%2F&amp;title=Judo+y+ciclismo%2C+las+medallas+del+mi%C3%A9rcoles\">\n<img src=\"http:\/\/labestiadeportiva.com\/lbd\/wp-content\/plugins\/jw-share-this\/su.png\" alt=\"Share this page via Stumble Upon\" \/>\n<\/a>\n<a target=\"_blank\" href=\"http:\/\/digg.com\/submit?url=http%3A%2F%2Flabestiadeportiva.com%2Flbd%2Fjudo-y-ciclismo-las-medallas-del-miercoles%2F&amp;title=Judo+y+ciclismo%2C+las+medallas+del+mi%C3%A9rcoles\">\n<img src=\"http:\/\/labestiadeportiva.com\/lbd\/wp-content\/plugins\/jw-share-this\/digg.png\" alt=\"Share this page via Digg this\" \/>\n<\/a>\n<a target=\"_blank\" href=\"http:\/\/www.facebook.com\/sharer.php?u=http%3A%2F%2Flabestiadeportiva.com%2Flbd%2Fjudo-y-ciclismo-las-medallas-del-miercoles%2F&amp;t=Judo+y+ciclismo%2C+las+medallas+del+mi%C3%A9rcoles\">\n<img src=\"http:\/\/labestiadeportiva.com\/lbd\/wp-content\/plugins\/jw-share-this\/fb.png\" alt=\"Share this page via Facebook\" \/>\n<\/a>\n<a target=\"_blank\" href=\"http:\/\/twitter.com\/intent\/tweet?text=I+like+http%3A%2F%2Flabestiadeportiva.com%2Flbd%2Fjudo-y-ciclismo-las-medallas-del-miercoles%2F&amp;title=Judo+y+ciclismo%2C+las+medallas+del+mi%C3%A9rcoles\">\n<img src=\"http:\/\/labestiadeportiva.com\/lbd\/wp-content\/plugins\/jw-share-this\/twitter.png\" alt=\"Share this page via Twitter\" \/>\n<\/a>\n<\/div>\n","protected":false},"excerpt":{"rendered":"<p>Promedia la competencia en el marco de los Juegos de la Patagonia. En el segundo d\u00eda de acci\u00f3n en tierra pampeana el judo cosech\u00f3 seis preseas mientras que Thomas Jones logr\u00f3 el Bronce en la prueba contrarreloj del ciclismo. Desde LBD el resumen del d\u00eda. Las fotos son gentileza de Prensa Secretaria de Deportes Provincial. &hellip; <a href=\"http:\/\/labestiadeportiva.com\/lbd\/judo-y-ciclismo-las-medallas-del-miercoles\/\" class=\"more-link\">Seguir leyendo <span class=\"screen-reader-text\">Judo y ciclismo, las medallas del mi\u00e9rcoles<\/span> <span class=\"meta-nav\">&rarr;<\/span><\/a><\/p>\n","protected":false},"author":1,"featured_media":0,"comment_status":"open","ping_status":"open","sticky":false,"template":"","format":"standard","meta":[],"categories":[5,6,2130,1],"tags":[1833,593,5178,83],"_links":{"self":[{"href":"http:\/\/labestiadeportiva.com\/lbd\/wp-json\/wp\/v2\/posts\/47997"}],"collection":[{"href":"http:\/\/labestiadeportiva.com\/lbd\/wp-json\/wp\/v2\/posts"}],"about":[{"href":"http:\/\/labestiadeportiva.com\/lbd\/wp-json\/wp\/v2\/types\/post"}],"author":[{"embeddable":true,"href":"http:\/\/labestiadeportiva.com\/lbd\/wp-json\/wp\/v2\/users\/1"}],"replies":[{"embeddable":true,"href":"http:\/\/labestiadeportiva.com\/lbd\/wp-json\/wp\/v2\/comments?post=47997"}],"version-history":[{"count":1,"href":"http:\/\/labestiadeportiva.com\/lbd\/wp-json\/wp\/v2\/posts\/47997\/revisions"}],"predecessor-version":[{"id":48002,"href":"http:\/\/labestiadeportiva.com\/lbd\/wp-json\/wp\/v2\/posts\/47997\/revisions\/48002"}],"wp:attachment":[{"href":"http:\/\/labestiadeportiva.com\/lbd\/wp-json\/wp\/v2\/media?parent=47997"}],"wp:term":[{"taxonomy":"category","embeddable":true,"href":"http:\/\/labestiadeportiva.com\/lbd\/wp-json\/wp\/v2\/categories?post=47997"},{"taxonomy":"post_tag","embeddable":true,"href":"http:\/\/labestiadeportiva.com\/lbd\/wp-json\/wp\/v2\/tags?post=47997"}],"curies":[{"name":"wp","href":"https:\/\/api.w.org\/{rel}","templated":true}]}}