{"id":48018,"date":"2023-12-01T15:47:44","date_gmt":"2023-12-01T18:47:44","guid":{"rendered":"http:\/\/labestiadeportiva.com\/lbd\/?p=48018"},"modified":"2023-12-01T15:54:18","modified_gmt":"2023-12-01T18:54:18","slug":"feliz-y-orgulloso-por-el-desempeno-de-nuestro-equipo-audio","status":"publish","type":"post","link":"http:\/\/labestiadeportiva.com\/lbd\/feliz-y-orgulloso-por-el-desempeno-de-nuestro-equipo-audio\/","title":{"rendered":"\u00abFeliz y orgulloso por el desempe\u00f1o de nuestro equipo\u00bb (Audio)"},"content":{"rendered":"\n<figure class=\"wp-block-image size-full\"><a href=\"http:\/\/labestiadeportiva.com\/lbd\/wp-content\/uploads\/2023\/12\/FB_IMG_17014532811543.jpg\"><img loading=\"lazy\" width=\"703\" height=\"720\" src=\"http:\/\/labestiadeportiva.com\/lbd\/wp-content\/uploads\/2023\/12\/FB_IMG_17014532811543.jpg\" alt=\"\" class=\"wp-image-48019\" srcset=\"http:\/\/labestiadeportiva.com\/lbd\/wp-content\/uploads\/2023\/12\/FB_IMG_17014532811543.jpg 703w, http:\/\/labestiadeportiva.com\/lbd\/wp-content\/uploads\/2023\/12\/FB_IMG_17014532811543-293x300.jpg 293w, http:\/\/labestiadeportiva.com\/lbd\/wp-content\/uploads\/2023\/12\/FB_IMG_17014532811543-640x655.jpg 640w\" sizes=\"(max-width: 703px) 100vw, 703px\" \/><\/a><\/figure>\n\n\n\n<figure class=\"wp-block-image size-full is-resized\"><a href=\"http:\/\/labestiadeportiva.com\/lbd\/wp-content\/uploads\/2022\/11\/CARA_PEREZ-2.jpg\"><img loading=\"lazy\" src=\"http:\/\/labestiadeportiva.com\/lbd\/wp-content\/uploads\/2022\/11\/CARA_PEREZ-2.jpg\" alt=\"\" class=\"wp-image-43576\" width=\"344\" height=\"70\" srcset=\"http:\/\/labestiadeportiva.com\/lbd\/wp-content\/uploads\/2022\/11\/CARA_PEREZ-2.jpg 600w, http:\/\/labestiadeportiva.com\/lbd\/wp-content\/uploads\/2022\/11\/CARA_PEREZ-2-300x62.jpg 300w\" sizes=\"(max-width: 344px) 100vw, 344px\" \/><\/a><\/figure>\n\n\n\n<p>En la \u00faltima jornada para el Judo en los Juegos EPADE los equipos fueguinos fueron protagonistas principales. Bicampeonato para el conjunto femenino mientras que los varones consiguieron el subcampeonato.<\/p>\n\n\n\n<p>Ni bien se consum\u00f3 el logro nos comunicamos con uno de los hist\u00f3ricos formadores de la disciplina e integrante del Cuerpo T\u00e9cnico  Juan Arcos. Las fotos son gentileza de Prensa Secretaria de Deportes Provincial.<\/p>\n\n\n\n<p>Conpartimos la entrevista lograda este viernes en la 94.1 FM del Sur.<\/p>\n\n\n\n<!--more-->\n\n\n\n<figure class=\"wp-block-embed is-type-video is-provider-youtube wp-block-embed-youtube wp-embed-aspect-4-3 wp-has-aspect-ratio\"><div class=\"wp-block-embed__wrapper\">\n<iframe loading=\"lazy\" title=\"Audio Juan Arcos\" width=\"474\" height=\"356\" src=\"https:\/\/www.youtube.com\/embed\/RLWsSv9_Y7k?feature=oembed\" frameborder=\"0\" allow=\"accelerometer; autoplay; clipboard-write; encrypted-media; gyroscope; picture-in-picture; web-share\" allowfullscreen><\/iframe>\n<\/div><\/figure>\n<div class='epvc-post-count'><span class='epvc-eye'><\/span>  <span class=\"epvc-count\"> 1.010<\/span><span class='epvc-label'> veces le\u00edda<\/span><\/div>\n<div class=\"jwsharethis\">\nShare this: \n<br \/>\n<a href=\"mailto:?subject=%C2%ABFeliz%20y%20orgulloso%20por%20el%20desempe%C3%B1o%20de%20nuestro%20equipo%C2%BB%20%28Audio%29&amp;body=http%3A%2F%2Flabestiadeportiva.com%2Flbd%2Ffeliz-y-orgulloso-por-el-desempeno-de-nuestro-equipo-audio%2F\">\n<img src=\"http:\/\/labestiadeportiva.com\/lbd\/wp-content\/plugins\/jw-share-this\/email.png\" alt=\"Share this page via Email\" \/>\n<\/a>\n<a target=\"_blank\" href=\"http:\/\/www.stumbleupon.com\/submit?url=http%3A%2F%2Flabestiadeportiva.com%2Flbd%2Ffeliz-y-orgulloso-por-el-desempeno-de-nuestro-equipo-audio%2F&amp;title=%C2%ABFeliz+y+orgulloso+por+el+desempe%C3%B1o+de+nuestro+equipo%C2%BB+%28Audio%29\">\n<img src=\"http:\/\/labestiadeportiva.com\/lbd\/wp-content\/plugins\/jw-share-this\/su.png\" alt=\"Share this page via Stumble Upon\" \/>\n<\/a>\n<a target=\"_blank\" href=\"http:\/\/digg.com\/submit?url=http%3A%2F%2Flabestiadeportiva.com%2Flbd%2Ffeliz-y-orgulloso-por-el-desempeno-de-nuestro-equipo-audio%2F&amp;title=%C2%ABFeliz+y+orgulloso+por+el+desempe%C3%B1o+de+nuestro+equipo%C2%BB+%28Audio%29\">\n<img src=\"http:\/\/labestiadeportiva.com\/lbd\/wp-content\/plugins\/jw-share-this\/digg.png\" alt=\"Share this page via Digg this\" \/>\n<\/a>\n<a target=\"_blank\" href=\"http:\/\/www.facebook.com\/sharer.php?u=http%3A%2F%2Flabestiadeportiva.com%2Flbd%2Ffeliz-y-orgulloso-por-el-desempeno-de-nuestro-equipo-audio%2F&amp;t=%C2%ABFeliz+y+orgulloso+por+el+desempe%C3%B1o+de+nuestro+equipo%C2%BB+%28Audio%29\">\n<img src=\"http:\/\/labestiadeportiva.com\/lbd\/wp-content\/plugins\/jw-share-this\/fb.png\" alt=\"Share this page via Facebook\" \/>\n<\/a>\n<a target=\"_blank\" href=\"http:\/\/twitter.com\/intent\/tweet?text=I+like+http%3A%2F%2Flabestiadeportiva.com%2Flbd%2Ffeliz-y-orgulloso-por-el-desempeno-de-nuestro-equipo-audio%2F&amp;title=%C2%ABFeliz+y+orgulloso+por+el+desempe%C3%B1o+de+nuestro+equipo%C2%BB+%28Audio%29\">\n<img src=\"http:\/\/labestiadeportiva.com\/lbd\/wp-content\/plugins\/jw-share-this\/twitter.png\" alt=\"Share this page via Twitter\" \/>\n<\/a>\n<\/div>\n","protected":false},"excerpt":{"rendered":"<p>En la \u00faltima jornada para el Judo en los Juegos EPADE los equipos fueguinos fueron protagonistas principales. Bicampeonato para el conjunto femenino mientras que los varones consiguieron el subcampeonato. Ni bien se consum\u00f3 el logro nos comunicamos con uno de los hist\u00f3ricos formadores de la disciplina e integrante del Cuerpo T\u00e9cnico Juan Arcos. Las fotos &hellip; <a href=\"http:\/\/labestiadeportiva.com\/lbd\/feliz-y-orgulloso-por-el-desempeno-de-nuestro-equipo-audio\/\" class=\"more-link\">Seguir leyendo <span class=\"screen-reader-text\">\u00abFeliz y orgulloso por el desempe\u00f1o de nuestro equipo\u00bb (Audio)<\/span> <span class=\"meta-nav\">&rarr;<\/span><\/a><\/p>\n","protected":false},"author":1,"featured_media":0,"comment_status":"open","ping_status":"open","sticky":false,"template":"","format":"standard","meta":[],"categories":[2092,5,6,60,2130,1],"tags":[4818,23,593,5178,83],"_links":{"self":[{"href":"http:\/\/labestiadeportiva.com\/lbd\/wp-json\/wp\/v2\/posts\/48018"}],"collection":[{"href":"http:\/\/labestiadeportiva.com\/lbd\/wp-json\/wp\/v2\/posts"}],"about":[{"href":"http:\/\/labestiadeportiva.com\/lbd\/wp-json\/wp\/v2\/types\/post"}],"author":[{"embeddable":true,"href":"http:\/\/labestiadeportiva.com\/lbd\/wp-json\/wp\/v2\/users\/1"}],"replies":[{"embeddable":true,"href":"http:\/\/labestiadeportiva.com\/lbd\/wp-json\/wp\/v2\/comments?post=48018"}],"version-history":[{"count":3,"href":"http:\/\/labestiadeportiva.com\/lbd\/wp-json\/wp\/v2\/posts\/48018\/revisions"}],"predecessor-version":[{"id":48022,"href":"http:\/\/labestiadeportiva.com\/lbd\/wp-json\/wp\/v2\/posts\/48018\/revisions\/48022"}],"wp:attachment":[{"href":"http:\/\/labestiadeportiva.com\/lbd\/wp-json\/wp\/v2\/media?parent=48018"}],"wp:term":[{"taxonomy":"category","embeddable":true,"href":"http:\/\/labestiadeportiva.com\/lbd\/wp-json\/wp\/v2\/categories?post=48018"},{"taxonomy":"post_tag","embeddable":true,"href":"http:\/\/labestiadeportiva.com\/lbd\/wp-json\/wp\/v2\/tags?post=48018"}],"curies":[{"name":"wp","href":"https:\/\/api.w.org\/{rel}","templated":true}]}}