{"id":48166,"date":"2023-12-20T20:26:39","date_gmt":"2023-12-20T23:26:39","guid":{"rendered":"http:\/\/labestiadeportiva.com\/lbd\/?p=48166"},"modified":"2023-12-20T20:39:26","modified_gmt":"2023-12-20T23:39:26","slug":"el-profe-cobian-flamante-dt-de-gimnasia-audio","status":"publish","type":"post","link":"http:\/\/labestiadeportiva.com\/lbd\/el-profe-cobian-flamante-dt-de-gimnasia-audio\/","title":{"rendered":"El \u00abProfe\u00bb Cobi\u00e1n, flamante DT de Gimnasia (Audio)"},"content":{"rendered":"\n<figure class=\"wp-block-image size-large\"><a href=\"http:\/\/labestiadeportiva.com\/lbd\/wp-content\/uploads\/2023\/12\/1000131324.jpg\"><img loading=\"lazy\" width=\"1024\" height=\"683\" src=\"http:\/\/labestiadeportiva.com\/lbd\/wp-content\/uploads\/2023\/12\/1000131324-1024x683.jpg\" alt=\"\" class=\"wp-image-48175\" srcset=\"http:\/\/labestiadeportiva.com\/lbd\/wp-content\/uploads\/2023\/12\/1000131324-1024x683.jpg 1024w, http:\/\/labestiadeportiva.com\/lbd\/wp-content\/uploads\/2023\/12\/1000131324-300x200.jpg 300w, http:\/\/labestiadeportiva.com\/lbd\/wp-content\/uploads\/2023\/12\/1000131324-768x512.jpg 768w, http:\/\/labestiadeportiva.com\/lbd\/wp-content\/uploads\/2023\/12\/1000131324-640x427.jpg 640w, http:\/\/labestiadeportiva.com\/lbd\/wp-content\/uploads\/2023\/12\/1000131324.jpg 1079w\" sizes=\"(max-width: 1024px) 100vw, 1024px\" \/><\/a><\/figure>\n\n\n\n<figure class=\"wp-block-image size-full\"><a href=\"http:\/\/labestiadeportiva.com\/lbd\/wp-content\/uploads\/2022\/11\/CARA_PEREZ-2.jpg\"><img loading=\"lazy\" width=\"600\" height=\"124\" src=\"http:\/\/labestiadeportiva.com\/lbd\/wp-content\/uploads\/2022\/11\/CARA_PEREZ-2.jpg\" alt=\"\" class=\"wp-image-43576\" srcset=\"http:\/\/labestiadeportiva.com\/lbd\/wp-content\/uploads\/2022\/11\/CARA_PEREZ-2.jpg 600w, http:\/\/labestiadeportiva.com\/lbd\/wp-content\/uploads\/2022\/11\/CARA_PEREZ-2-300x62.jpg 300w\" sizes=\"(max-width: 600px) 100vw, 600px\" \/><\/a><\/figure>\n\n\n\n<p>En las \u00faltimas horas el r\u00edograndense Pablo Cobi\u00e1n se transform\u00f3 en el entrenador del primer equipo masculino de GELP Futsal.<\/p>\n\n\n\n<p>Primeras sensaciones del fueguino quien agradeci\u00f3 la gesti\u00f3n de su colega Mariano Maida para llegar al cargo.<\/p>\n\n\n\n<p>Compartimos la entrevista lograda este mi\u00e9rcoles en la 94.1 FM del Sur.<\/p>\n\n\n\n<!--more-->\n\n\n\n<figure class=\"wp-block-embed is-type-video is-provider-youtube wp-block-embed-youtube wp-embed-aspect-4-3 wp-has-aspect-ratio\"><div class=\"wp-block-embed__wrapper\">\n<iframe loading=\"lazy\" title=\"Audio Pablo Cobi\u00e1n\" width=\"474\" height=\"356\" src=\"https:\/\/www.youtube.com\/embed\/yfrWYJwijbo?feature=oembed\" frameborder=\"0\" allow=\"accelerometer; autoplay; clipboard-write; encrypted-media; gyroscope; picture-in-picture; web-share\" allowfullscreen><\/iframe>\n<\/div><\/figure>\n<div class='epvc-post-count'><span class='epvc-eye'><\/span>  <span class=\"epvc-count\"> 1.242<\/span><span class='epvc-label'> veces le\u00edda<\/span><\/div>\n<div class=\"jwsharethis\">\nShare this: \n<br \/>\n<a href=\"mailto:?subject=El%20%C2%ABProfe%C2%BB%20Cobi%C3%A1n%2C%20flamante%20DT%20de%20Gimnasia%20%28Audio%29&amp;body=http%3A%2F%2Flabestiadeportiva.com%2Flbd%2Fel-profe-cobian-flamante-dt-de-gimnasia-audio%2F\">\n<img src=\"http:\/\/labestiadeportiva.com\/lbd\/wp-content\/plugins\/jw-share-this\/email.png\" alt=\"Share this page via Email\" \/>\n<\/a>\n<a target=\"_blank\" href=\"http:\/\/www.stumbleupon.com\/submit?url=http%3A%2F%2Flabestiadeportiva.com%2Flbd%2Fel-profe-cobian-flamante-dt-de-gimnasia-audio%2F&amp;title=El+%C2%ABProfe%C2%BB+Cobi%C3%A1n%2C+flamante+DT+de+Gimnasia+%28Audio%29\">\n<img src=\"http:\/\/labestiadeportiva.com\/lbd\/wp-content\/plugins\/jw-share-this\/su.png\" alt=\"Share this page via Stumble Upon\" \/>\n<\/a>\n<a target=\"_blank\" href=\"http:\/\/digg.com\/submit?url=http%3A%2F%2Flabestiadeportiva.com%2Flbd%2Fel-profe-cobian-flamante-dt-de-gimnasia-audio%2F&amp;title=El+%C2%ABProfe%C2%BB+Cobi%C3%A1n%2C+flamante+DT+de+Gimnasia+%28Audio%29\">\n<img src=\"http:\/\/labestiadeportiva.com\/lbd\/wp-content\/plugins\/jw-share-this\/digg.png\" alt=\"Share this page via Digg this\" \/>\n<\/a>\n<a target=\"_blank\" href=\"http:\/\/www.facebook.com\/sharer.php?u=http%3A%2F%2Flabestiadeportiva.com%2Flbd%2Fel-profe-cobian-flamante-dt-de-gimnasia-audio%2F&amp;t=El+%C2%ABProfe%C2%BB+Cobi%C3%A1n%2C+flamante+DT+de+Gimnasia+%28Audio%29\">\n<img src=\"http:\/\/labestiadeportiva.com\/lbd\/wp-content\/plugins\/jw-share-this\/fb.png\" alt=\"Share this page via Facebook\" \/>\n<\/a>\n<a target=\"_blank\" href=\"http:\/\/twitter.com\/intent\/tweet?text=I+like+http%3A%2F%2Flabestiadeportiva.com%2Flbd%2Fel-profe-cobian-flamante-dt-de-gimnasia-audio%2F&amp;title=El+%C2%ABProfe%C2%BB+Cobi%C3%A1n%2C+flamante+DT+de+Gimnasia+%28Audio%29\">\n<img src=\"http:\/\/labestiadeportiva.com\/lbd\/wp-content\/plugins\/jw-share-this\/twitter.png\" alt=\"Share this page via Twitter\" \/>\n<\/a>\n<\/div>\n","protected":false},"excerpt":{"rendered":"<p>En las \u00faltimas horas el r\u00edograndense Pablo Cobi\u00e1n se transform\u00f3 en el entrenador del primer equipo masculino de GELP Futsal. Primeras sensaciones del fueguino quien agradeci\u00f3 la gesti\u00f3n de su colega Mariano Maida para llegar al cargo. Compartimos la entrevista lograda este mi\u00e9rcoles en la 94.1 FM del Sur. 1.242 veces le\u00edda Share this:<\/p>\n","protected":false},"author":1,"featured_media":0,"comment_status":"open","ping_status":"open","sticky":false,"template":"","format":"standard","meta":[],"categories":[5,6,60,2343,1],"tags":[4375,4838,30,457,83],"_links":{"self":[{"href":"http:\/\/labestiadeportiva.com\/lbd\/wp-json\/wp\/v2\/posts\/48166"}],"collection":[{"href":"http:\/\/labestiadeportiva.com\/lbd\/wp-json\/wp\/v2\/posts"}],"about":[{"href":"http:\/\/labestiadeportiva.com\/lbd\/wp-json\/wp\/v2\/types\/post"}],"author":[{"embeddable":true,"href":"http:\/\/labestiadeportiva.com\/lbd\/wp-json\/wp\/v2\/users\/1"}],"replies":[{"embeddable":true,"href":"http:\/\/labestiadeportiva.com\/lbd\/wp-json\/wp\/v2\/comments?post=48166"}],"version-history":[{"count":2,"href":"http:\/\/labestiadeportiva.com\/lbd\/wp-json\/wp\/v2\/posts\/48166\/revisions"}],"predecessor-version":[{"id":48177,"href":"http:\/\/labestiadeportiva.com\/lbd\/wp-json\/wp\/v2\/posts\/48166\/revisions\/48177"}],"wp:attachment":[{"href":"http:\/\/labestiadeportiva.com\/lbd\/wp-json\/wp\/v2\/media?parent=48166"}],"wp:term":[{"taxonomy":"category","embeddable":true,"href":"http:\/\/labestiadeportiva.com\/lbd\/wp-json\/wp\/v2\/categories?post=48166"},{"taxonomy":"post_tag","embeddable":true,"href":"http:\/\/labestiadeportiva.com\/lbd\/wp-json\/wp\/v2\/tags?post=48166"}],"curies":[{"name":"wp","href":"https:\/\/api.w.org\/{rel}","templated":true}]}}