{"id":48208,"date":"2023-12-28T23:11:10","date_gmt":"2023-12-29T02:11:10","guid":{"rendered":"http:\/\/labestiadeportiva.com\/lbd\/?p=48208"},"modified":"2023-12-28T23:24:19","modified_gmt":"2023-12-29T02:24:19","slug":"vamos-a-fortalecer-y-dar-una-continuidad-a-todo-lo-que-se-viene-trabajando-audio","status":"publish","type":"post","link":"http:\/\/labestiadeportiva.com\/lbd\/vamos-a-fortalecer-y-dar-una-continuidad-a-todo-lo-que-se-viene-trabajando-audio\/","title":{"rendered":"\u00abVamos a fortalecer y dar una continuidad a todo lo que se viene trabajando\u00bb (Audio)"},"content":{"rendered":"\n<figure class=\"wp-block-image size-full\"><a href=\"http:\/\/labestiadeportiva.com\/lbd\/wp-content\/uploads\/2023\/12\/1000137607.jpg\"><img loading=\"lazy\" width=\"694\" height=\"659\" src=\"http:\/\/labestiadeportiva.com\/lbd\/wp-content\/uploads\/2023\/12\/1000137607.jpg\" alt=\"\" class=\"wp-image-48217\" srcset=\"http:\/\/labestiadeportiva.com\/lbd\/wp-content\/uploads\/2023\/12\/1000137607.jpg 694w, http:\/\/labestiadeportiva.com\/lbd\/wp-content\/uploads\/2023\/12\/1000137607-300x285.jpg 300w, http:\/\/labestiadeportiva.com\/lbd\/wp-content\/uploads\/2023\/12\/1000137607-640x608.jpg 640w\" sizes=\"(max-width: 694px) 100vw, 694px\" \/><\/a><\/figure>\n\n\n\n<figure class=\"wp-block-image size-full is-resized\"><a href=\"http:\/\/labestiadeportiva.com\/lbd\/wp-content\/uploads\/2022\/11\/CARA_PEREZ-2.jpg\"><img loading=\"lazy\" src=\"http:\/\/labestiadeportiva.com\/lbd\/wp-content\/uploads\/2022\/11\/CARA_PEREZ-2.jpg\" alt=\"\" class=\"wp-image-43576\" width=\"361\" height=\"74\" srcset=\"http:\/\/labestiadeportiva.com\/lbd\/wp-content\/uploads\/2022\/11\/CARA_PEREZ-2.jpg 600w, http:\/\/labestiadeportiva.com\/lbd\/wp-content\/uploads\/2022\/11\/CARA_PEREZ-2-300x62.jpg 300w\" sizes=\"(max-width: 361px) 100vw, 361px\" \/><\/a><\/figure>\n\n\n\n<p>Primer contacto con la flamante presidenta del Instituto Municipal de Deportes Liliana Gavil\u00e1n.<\/p>\n\n\n\n<p>La funcionaria estar\u00e1 secundada por el profesor Martin Maffioli.  Nos adelant\u00f3 que el 15 de enero se pondr\u00e1 en marcha el primer contingente de la Colonia de Verano mientras que la reinauguraci\u00f3n del sint\u00e9tico \u00abHugo Lumbreras\u00bb llegar\u00e1 en el mes de marzo.<\/p>\n\n\n\n<p>Compartimos parte de la entrevista lograda este jueves en la 99.9 Radio Provincia.<\/p>\n\n\n\n<!--more-->\n\n\n\n<figure class=\"wp-block-embed is-type-video is-provider-youtube wp-block-embed-youtube wp-embed-aspect-4-3 wp-has-aspect-ratio\"><div class=\"wp-block-embed__wrapper\">\n<iframe loading=\"lazy\" title=\"Audio Liliana Gavil\u00e1n\" width=\"474\" height=\"356\" src=\"https:\/\/www.youtube.com\/embed\/16_Jol-0GB4?feature=oembed\" frameborder=\"0\" allow=\"accelerometer; autoplay; clipboard-write; encrypted-media; gyroscope; picture-in-picture; web-share\" allowfullscreen><\/iframe>\n<\/div><\/figure>\n<div class='epvc-post-count'><span class='epvc-eye'><\/span>  <span class=\"epvc-count\"> 1.170<\/span><span class='epvc-label'> veces le\u00edda<\/span><\/div>\n<div class=\"jwsharethis\">\nShare this: \n<br \/>\n<a href=\"mailto:?subject=%C2%ABVamos%20a%20fortalecer%20y%20dar%20una%20continuidad%20a%20todo%20lo%20que%20se%20viene%20trabajando%C2%BB%20%28Audio%29&amp;body=http%3A%2F%2Flabestiadeportiva.com%2Flbd%2Fvamos-a-fortalecer-y-dar-una-continuidad-a-todo-lo-que-se-viene-trabajando-audio%2F\">\n<img src=\"http:\/\/labestiadeportiva.com\/lbd\/wp-content\/plugins\/jw-share-this\/email.png\" alt=\"Share this page via Email\" \/>\n<\/a>\n<a target=\"_blank\" href=\"http:\/\/www.stumbleupon.com\/submit?url=http%3A%2F%2Flabestiadeportiva.com%2Flbd%2Fvamos-a-fortalecer-y-dar-una-continuidad-a-todo-lo-que-se-viene-trabajando-audio%2F&amp;title=%C2%ABVamos+a+fortalecer+y+dar+una+continuidad+a+todo+lo+que+se+viene+trabajando%C2%BB+%28Audio%29\">\n<img src=\"http:\/\/labestiadeportiva.com\/lbd\/wp-content\/plugins\/jw-share-this\/su.png\" alt=\"Share this page via Stumble Upon\" \/>\n<\/a>\n<a target=\"_blank\" href=\"http:\/\/digg.com\/submit?url=http%3A%2F%2Flabestiadeportiva.com%2Flbd%2Fvamos-a-fortalecer-y-dar-una-continuidad-a-todo-lo-que-se-viene-trabajando-audio%2F&amp;title=%C2%ABVamos+a+fortalecer+y+dar+una+continuidad+a+todo+lo+que+se+viene+trabajando%C2%BB+%28Audio%29\">\n<img src=\"http:\/\/labestiadeportiva.com\/lbd\/wp-content\/plugins\/jw-share-this\/digg.png\" alt=\"Share this page via Digg this\" \/>\n<\/a>\n<a target=\"_blank\" href=\"http:\/\/www.facebook.com\/sharer.php?u=http%3A%2F%2Flabestiadeportiva.com%2Flbd%2Fvamos-a-fortalecer-y-dar-una-continuidad-a-todo-lo-que-se-viene-trabajando-audio%2F&amp;t=%C2%ABVamos+a+fortalecer+y+dar+una+continuidad+a+todo+lo+que+se+viene+trabajando%C2%BB+%28Audio%29\">\n<img src=\"http:\/\/labestiadeportiva.com\/lbd\/wp-content\/plugins\/jw-share-this\/fb.png\" alt=\"Share this page via Facebook\" \/>\n<\/a>\n<a target=\"_blank\" href=\"http:\/\/twitter.com\/intent\/tweet?text=I+like+http%3A%2F%2Flabestiadeportiva.com%2Flbd%2Fvamos-a-fortalecer-y-dar-una-continuidad-a-todo-lo-que-se-viene-trabajando-audio%2F&amp;title=%C2%ABVamos+a+fortalecer+y+dar+una+continuidad+a+todo+lo+que+se+viene+trabajando%C2%BB+%28Audio%29\">\n<img src=\"http:\/\/labestiadeportiva.com\/lbd\/wp-content\/plugins\/jw-share-this\/twitter.png\" alt=\"Share this page via Twitter\" \/>\n<\/a>\n<\/div>\n","protected":false},"excerpt":{"rendered":"<p>Primer contacto con la flamante presidenta del Instituto Municipal de Deportes Liliana Gavil\u00e1n. La funcionaria estar\u00e1 secundada por el profesor Martin Maffioli. Nos adelant\u00f3 que el 15 de enero se pondr\u00e1 en marcha el primer contingente de la Colonia de Verano mientras que la reinauguraci\u00f3n del sint\u00e9tico \u00abHugo Lumbreras\u00bb llegar\u00e1 en el mes de marzo. &hellip; <a href=\"http:\/\/labestiadeportiva.com\/lbd\/vamos-a-fortalecer-y-dar-una-continuidad-a-todo-lo-que-se-viene-trabajando-audio\/\" class=\"more-link\">Seguir leyendo <span class=\"screen-reader-text\">\u00abVamos a fortalecer y dar una continuidad a todo lo que se viene trabajando\u00bb (Audio)<\/span> <span class=\"meta-nav\">&rarr;<\/span><\/a><\/p>\n","protected":false},"author":1,"featured_media":0,"comment_status":"open","ping_status":"open","sticky":false,"template":"","format":"standard","meta":[],"categories":[5,60,2651,1],"tags":[4838,5237,3834,83],"_links":{"self":[{"href":"http:\/\/labestiadeportiva.com\/lbd\/wp-json\/wp\/v2\/posts\/48208"}],"collection":[{"href":"http:\/\/labestiadeportiva.com\/lbd\/wp-json\/wp\/v2\/posts"}],"about":[{"href":"http:\/\/labestiadeportiva.com\/lbd\/wp-json\/wp\/v2\/types\/post"}],"author":[{"embeddable":true,"href":"http:\/\/labestiadeportiva.com\/lbd\/wp-json\/wp\/v2\/users\/1"}],"replies":[{"embeddable":true,"href":"http:\/\/labestiadeportiva.com\/lbd\/wp-json\/wp\/v2\/comments?post=48208"}],"version-history":[{"count":2,"href":"http:\/\/labestiadeportiva.com\/lbd\/wp-json\/wp\/v2\/posts\/48208\/revisions"}],"predecessor-version":[{"id":48219,"href":"http:\/\/labestiadeportiva.com\/lbd\/wp-json\/wp\/v2\/posts\/48208\/revisions\/48219"}],"wp:attachment":[{"href":"http:\/\/labestiadeportiva.com\/lbd\/wp-json\/wp\/v2\/media?parent=48208"}],"wp:term":[{"taxonomy":"category","embeddable":true,"href":"http:\/\/labestiadeportiva.com\/lbd\/wp-json\/wp\/v2\/categories?post=48208"},{"taxonomy":"post_tag","embeddable":true,"href":"http:\/\/labestiadeportiva.com\/lbd\/wp-json\/wp\/v2\/tags?post=48208"}],"curies":[{"name":"wp","href":"https:\/\/api.w.org\/{rel}","templated":true}]}}