{"id":48426,"date":"2024-01-26T16:38:20","date_gmt":"2024-01-26T19:38:20","guid":{"rendered":"http:\/\/labestiadeportiva.com\/lbd\/?p=48426"},"modified":"2024-01-26T16:38:22","modified_gmt":"2024-01-26T19:38:22","slug":"muy-contento-emocionado-y-feliz-se-dio-la-posibilidad-y-pude-debutar-en-la-liga-a1-audio","status":"publish","type":"post","link":"http:\/\/labestiadeportiva.com\/lbd\/muy-contento-emocionado-y-feliz-se-dio-la-posibilidad-y-pude-debutar-en-la-liga-a1-audio\/","title":{"rendered":"\u00abMuy contento, emocionado y feliz, se di\u00f3 la posibilidad y pude debutar en la Liga A1\u00bb (Audio)"},"content":{"rendered":"\n<figure class=\"wp-block-image size-large\"><a href=\"http:\/\/labestiadeportiva.com\/lbd\/wp-content\/uploads\/2024\/01\/1000152065.jpg\"><img loading=\"lazy\" width=\"1024\" height=\"682\" src=\"http:\/\/labestiadeportiva.com\/lbd\/wp-content\/uploads\/2024\/01\/1000152065-1024x682.jpg\" alt=\"\" class=\"wp-image-48427\" srcset=\"http:\/\/labestiadeportiva.com\/lbd\/wp-content\/uploads\/2024\/01\/1000152065-1024x682.jpg 1024w, http:\/\/labestiadeportiva.com\/lbd\/wp-content\/uploads\/2024\/01\/1000152065-300x200.jpg 300w, http:\/\/labestiadeportiva.com\/lbd\/wp-content\/uploads\/2024\/01\/1000152065-768x512.jpg 768w, http:\/\/labestiadeportiva.com\/lbd\/wp-content\/uploads\/2024\/01\/1000152065-1536x1023.jpg 1536w, http:\/\/labestiadeportiva.com\/lbd\/wp-content\/uploads\/2024\/01\/1000152065-640x426.jpg 640w, http:\/\/labestiadeportiva.com\/lbd\/wp-content\/uploads\/2024\/01\/1000152065.jpg 1600w\" sizes=\"(max-width: 1024px) 100vw, 1024px\" \/><\/a><\/figure>\n\n\n\n<figure class=\"wp-block-image size-full is-resized\"><a href=\"http:\/\/labestiadeportiva.com\/lbd\/wp-content\/uploads\/2022\/11\/CARA_PEREZ-2.jpg\"><img loading=\"lazy\" src=\"http:\/\/labestiadeportiva.com\/lbd\/wp-content\/uploads\/2022\/11\/CARA_PEREZ-2.jpg\" alt=\"\" class=\"wp-image-43576\" width=\"370\" height=\"76\" srcset=\"http:\/\/labestiadeportiva.com\/lbd\/wp-content\/uploads\/2022\/11\/CARA_PEREZ-2.jpg 600w, http:\/\/labestiadeportiva.com\/lbd\/wp-content\/uploads\/2022\/11\/CARA_PEREZ-2-300x62.jpg 300w\" sizes=\"(max-width: 370px) 100vw, 370px\" \/><\/a><\/figure>\n\n\n\n<p>El r\u00edograndense Jos\u00e9 Cejas, form\u00f3 parte del primer equipo del Club Ciudad de Buenos Aires el pasado fin de semana en el Tour realizado en la localidad de Lomas de Zamora.<\/p>\n\n\n\n<p>Desde Tucum\u00e1n, donde se encuentra en una nueva gira con su club, dialogamos con \u00e9l en busca de detalles y sensaciones. <\/p>\n\n\n\n<p>El fueguino, surgido del club Universitario, en la mayor liga de v\u00f3ley del pa\u00eds. Compartimos la entrevista lograda este viernes en la 99.9 Radio Provincia.<\/p>\n\n\n\n<!--more-->\n\n\n\n<figure class=\"wp-block-embed is-type-video is-provider-youtube wp-block-embed-youtube wp-embed-aspect-4-3 wp-has-aspect-ratio\"><div class=\"wp-block-embed__wrapper\">\n<iframe loading=\"lazy\" title=\"Audio Jos\u00e9 Cejas\" width=\"474\" height=\"356\" src=\"https:\/\/www.youtube.com\/embed\/YKAcDXimaU0?feature=oembed\" frameborder=\"0\" allow=\"accelerometer; autoplay; clipboard-write; encrypted-media; gyroscope; picture-in-picture; web-share\" allowfullscreen><\/iframe>\n<\/div><\/figure>\n<div class='epvc-post-count'><span class='epvc-eye'><\/span>  <span class=\"epvc-count\"> 1.212<\/span><span class='epvc-label'> veces le\u00edda<\/span><\/div>\n<div class=\"jwsharethis\">\nShare this: \n<br \/>\n<a href=\"mailto:?subject=%C2%ABMuy%20contento%2C%20emocionado%20y%20feliz%2C%20se%20di%C3%B3%20la%20posibilidad%20y%20pude%20debutar%20en%20la%20Liga%20A1%C2%BB%20%28Audio%29&amp;body=http%3A%2F%2Flabestiadeportiva.com%2Flbd%2Fmuy-contento-emocionado-y-feliz-se-dio-la-posibilidad-y-pude-debutar-en-la-liga-a1-audio%2F\">\n<img src=\"http:\/\/labestiadeportiva.com\/lbd\/wp-content\/plugins\/jw-share-this\/email.png\" alt=\"Share this page via Email\" \/>\n<\/a>\n<a target=\"_blank\" href=\"http:\/\/www.stumbleupon.com\/submit?url=http%3A%2F%2Flabestiadeportiva.com%2Flbd%2Fmuy-contento-emocionado-y-feliz-se-dio-la-posibilidad-y-pude-debutar-en-la-liga-a1-audio%2F&amp;title=%C2%ABMuy+contento%2C+emocionado+y+feliz%2C+se+di%C3%B3+la+posibilidad+y+pude+debutar+en+la+Liga+A1%C2%BB+%28Audio%29\">\n<img src=\"http:\/\/labestiadeportiva.com\/lbd\/wp-content\/plugins\/jw-share-this\/su.png\" alt=\"Share this page via Stumble Upon\" \/>\n<\/a>\n<a target=\"_blank\" href=\"http:\/\/digg.com\/submit?url=http%3A%2F%2Flabestiadeportiva.com%2Flbd%2Fmuy-contento-emocionado-y-feliz-se-dio-la-posibilidad-y-pude-debutar-en-la-liga-a1-audio%2F&amp;title=%C2%ABMuy+contento%2C+emocionado+y+feliz%2C+se+di%C3%B3+la+posibilidad+y+pude+debutar+en+la+Liga+A1%C2%BB+%28Audio%29\">\n<img src=\"http:\/\/labestiadeportiva.com\/lbd\/wp-content\/plugins\/jw-share-this\/digg.png\" alt=\"Share this page via Digg this\" \/>\n<\/a>\n<a target=\"_blank\" href=\"http:\/\/www.facebook.com\/sharer.php?u=http%3A%2F%2Flabestiadeportiva.com%2Flbd%2Fmuy-contento-emocionado-y-feliz-se-dio-la-posibilidad-y-pude-debutar-en-la-liga-a1-audio%2F&amp;t=%C2%ABMuy+contento%2C+emocionado+y+feliz%2C+se+di%C3%B3+la+posibilidad+y+pude+debutar+en+la+Liga+A1%C2%BB+%28Audio%29\">\n<img src=\"http:\/\/labestiadeportiva.com\/lbd\/wp-content\/plugins\/jw-share-this\/fb.png\" alt=\"Share this page via Facebook\" \/>\n<\/a>\n<a target=\"_blank\" href=\"http:\/\/twitter.com\/intent\/tweet?text=I+like+http%3A%2F%2Flabestiadeportiva.com%2Flbd%2Fmuy-contento-emocionado-y-feliz-se-dio-la-posibilidad-y-pude-debutar-en-la-liga-a1-audio%2F&amp;title=%C2%ABMuy+contento%2C+emocionado+y+feliz%2C+se+di%C3%B3+la+posibilidad+y+pude+debutar+en+la+Liga+A1%C2%BB+%28Audio%29\">\n<img src=\"http:\/\/labestiadeportiva.com\/lbd\/wp-content\/plugins\/jw-share-this\/twitter.png\" alt=\"Share this page via Twitter\" \/>\n<\/a>\n<\/div>\n","protected":false},"excerpt":{"rendered":"<p>El r\u00edograndense Jos\u00e9 Cejas, form\u00f3 parte del primer equipo del Club Ciudad de Buenos Aires el pasado fin de semana en el Tour realizado en la localidad de Lomas de Zamora. Desde Tucum\u00e1n, donde se encuentra en una nueva gira con su club, dialogamos con \u00e9l en busca de detalles y sensaciones. El fueguino, surgido &hellip; <a href=\"http:\/\/labestiadeportiva.com\/lbd\/muy-contento-emocionado-y-feliz-se-dio-la-posibilidad-y-pude-debutar-en-la-liga-a1-audio\/\" class=\"more-link\">Seguir leyendo <span class=\"screen-reader-text\">\u00abMuy contento, emocionado y feliz, se di\u00f3 la posibilidad y pude debutar en la Liga A1\u00bb (Audio)<\/span> <span class=\"meta-nav\">&rarr;<\/span><\/a><\/p>\n","protected":false},"author":1,"featured_media":0,"comment_status":"open","ping_status":"open","sticky":false,"template":"","format":"standard","meta":[],"categories":[5,6,60,1,5250],"tags":[4570,4838,5251,83,52],"_links":{"self":[{"href":"http:\/\/labestiadeportiva.com\/lbd\/wp-json\/wp\/v2\/posts\/48426"}],"collection":[{"href":"http:\/\/labestiadeportiva.com\/lbd\/wp-json\/wp\/v2\/posts"}],"about":[{"href":"http:\/\/labestiadeportiva.com\/lbd\/wp-json\/wp\/v2\/types\/post"}],"author":[{"embeddable":true,"href":"http:\/\/labestiadeportiva.com\/lbd\/wp-json\/wp\/v2\/users\/1"}],"replies":[{"embeddable":true,"href":"http:\/\/labestiadeportiva.com\/lbd\/wp-json\/wp\/v2\/comments?post=48426"}],"version-history":[{"count":1,"href":"http:\/\/labestiadeportiva.com\/lbd\/wp-json\/wp\/v2\/posts\/48426\/revisions"}],"predecessor-version":[{"id":48428,"href":"http:\/\/labestiadeportiva.com\/lbd\/wp-json\/wp\/v2\/posts\/48426\/revisions\/48428"}],"wp:attachment":[{"href":"http:\/\/labestiadeportiva.com\/lbd\/wp-json\/wp\/v2\/media?parent=48426"}],"wp:term":[{"taxonomy":"category","embeddable":true,"href":"http:\/\/labestiadeportiva.com\/lbd\/wp-json\/wp\/v2\/categories?post=48426"},{"taxonomy":"post_tag","embeddable":true,"href":"http:\/\/labestiadeportiva.com\/lbd\/wp-json\/wp\/v2\/tags?post=48426"}],"curies":[{"name":"wp","href":"https:\/\/api.w.org\/{rel}","templated":true}]}}