{"id":48568,"date":"2024-02-20T17:48:20","date_gmt":"2024-02-20T20:48:20","guid":{"rendered":"http:\/\/labestiadeportiva.com\/lbd\/?p=48568"},"modified":"2024-02-20T17:49:04","modified_gmt":"2024-02-20T20:49:04","slug":"vamos-a-confiar-a-pelear-hasta-el-final-ojala-se-cambie-esta-decision-audio","status":"publish","type":"post","link":"http:\/\/labestiadeportiva.com\/lbd\/vamos-a-confiar-a-pelear-hasta-el-final-ojala-se-cambie-esta-decision-audio\/","title":{"rendered":"\u00abVamos a confiar, a pelear hasta el final, ojal\u00e1 se cambie esta decisi\u00f3n\u00bb (Audio)"},"content":{"rendered":"\n<figure class=\"wp-block-image size-large\"><a href=\"http:\/\/labestiadeportiva.com\/lbd\/wp-content\/uploads\/2024\/02\/1000167208.jpg\"><img loading=\"lazy\" width=\"1024\" height=\"538\" src=\"http:\/\/labestiadeportiva.com\/lbd\/wp-content\/uploads\/2024\/02\/1000167208-1024x538.jpg\" alt=\"\" class=\"wp-image-48569\" srcset=\"http:\/\/labestiadeportiva.com\/lbd\/wp-content\/uploads\/2024\/02\/1000167208-1024x538.jpg 1024w, http:\/\/labestiadeportiva.com\/lbd\/wp-content\/uploads\/2024\/02\/1000167208-300x158.jpg 300w, http:\/\/labestiadeportiva.com\/lbd\/wp-content\/uploads\/2024\/02\/1000167208-768x403.jpg 768w, http:\/\/labestiadeportiva.com\/lbd\/wp-content\/uploads\/2024\/02\/1000167208-640x336.jpg 640w, http:\/\/labestiadeportiva.com\/lbd\/wp-content\/uploads\/2024\/02\/1000167208.jpg 1200w\" sizes=\"(max-width: 1024px) 100vw, 1024px\" \/><\/a><\/figure>\n\n\n\n<figure class=\"wp-block-image size-full is-resized\"><a href=\"http:\/\/labestiadeportiva.com\/lbd\/wp-content\/uploads\/2022\/11\/CARA_PEREZ-2.jpg\"><img loading=\"lazy\" src=\"http:\/\/labestiadeportiva.com\/lbd\/wp-content\/uploads\/2022\/11\/CARA_PEREZ-2.jpg\" alt=\"\" class=\"wp-image-43576\" width=\"362\" height=\"74\" srcset=\"http:\/\/labestiadeportiva.com\/lbd\/wp-content\/uploads\/2022\/11\/CARA_PEREZ-2.jpg 600w, http:\/\/labestiadeportiva.com\/lbd\/wp-content\/uploads\/2022\/11\/CARA_PEREZ-2-300x62.jpg 300w\" sizes=\"(max-width: 362px) 100vw, 362px\" \/><\/a><\/figure>\n\n\n\n<p>Extensa charla con el capit\u00e1n de la Selecci\u00f3n Nacional Masculina, el ushuaiense Juan Eleicegui. <\/p>\n\n\n\n<p>Preocupaci\u00f3n y disgusto por la determinaci\u00f3n de la Confederaci\u00f3n Argentina de Hockey C\u00e9sped y Pista de bajar a sus seleccionados del Panamericano Canad\u00e1 2024.<\/p>\n\n\n\n<p>Pormenores, sensaciones y detalles de la complicada situaci\u00f3n que viven ambos planteles argentos en la voz del crack fueguino.<\/p>\n\n\n\n<!--more-->\n\n\n\n<figure class=\"wp-block-embed is-type-video is-provider-youtube wp-block-embed-youtube wp-embed-aspect-4-3 wp-has-aspect-ratio\"><div class=\"wp-block-embed__wrapper\">\n<iframe loading=\"lazy\" title=\"Audio Juan Eleicegui\" width=\"474\" height=\"356\" src=\"https:\/\/www.youtube.com\/embed\/hKP0FUo_qOA?feature=oembed\" frameborder=\"0\" allow=\"accelerometer; autoplay; clipboard-write; encrypted-media; gyroscope; picture-in-picture; web-share\" allowfullscreen><\/iframe>\n<\/div><\/figure>\n<div class='epvc-post-count'><span class='epvc-eye'><\/span>  <span class=\"epvc-count\"> 2.076<\/span><span class='epvc-label'> veces le\u00edda<\/span><\/div>\n<div class=\"jwsharethis\">\nShare this: \n<br \/>\n<a href=\"mailto:?subject=%C2%ABVamos%20a%20confiar%2C%20a%20pelear%20hasta%20el%20final%2C%20ojal%C3%A1%20se%20cambie%20esta%20decisi%C3%B3n%C2%BB%20%28Audio%29&amp;body=http%3A%2F%2Flabestiadeportiva.com%2Flbd%2Fvamos-a-confiar-a-pelear-hasta-el-final-ojala-se-cambie-esta-decision-audio%2F\">\n<img src=\"http:\/\/labestiadeportiva.com\/lbd\/wp-content\/plugins\/jw-share-this\/email.png\" alt=\"Share this page via Email\" \/>\n<\/a>\n<a target=\"_blank\" href=\"http:\/\/www.stumbleupon.com\/submit?url=http%3A%2F%2Flabestiadeportiva.com%2Flbd%2Fvamos-a-confiar-a-pelear-hasta-el-final-ojala-se-cambie-esta-decision-audio%2F&amp;title=%C2%ABVamos+a+confiar%2C+a+pelear+hasta+el+final%2C+ojal%C3%A1+se+cambie+esta+decisi%C3%B3n%C2%BB+%28Audio%29\">\n<img src=\"http:\/\/labestiadeportiva.com\/lbd\/wp-content\/plugins\/jw-share-this\/su.png\" alt=\"Share this page via Stumble Upon\" \/>\n<\/a>\n<a target=\"_blank\" href=\"http:\/\/digg.com\/submit?url=http%3A%2F%2Flabestiadeportiva.com%2Flbd%2Fvamos-a-confiar-a-pelear-hasta-el-final-ojala-se-cambie-esta-decision-audio%2F&amp;title=%C2%ABVamos+a+confiar%2C+a+pelear+hasta+el+final%2C+ojal%C3%A1+se+cambie+esta+decisi%C3%B3n%C2%BB+%28Audio%29\">\n<img src=\"http:\/\/labestiadeportiva.com\/lbd\/wp-content\/plugins\/jw-share-this\/digg.png\" alt=\"Share this page via Digg this\" \/>\n<\/a>\n<a target=\"_blank\" href=\"http:\/\/www.facebook.com\/sharer.php?u=http%3A%2F%2Flabestiadeportiva.com%2Flbd%2Fvamos-a-confiar-a-pelear-hasta-el-final-ojala-se-cambie-esta-decision-audio%2F&amp;t=%C2%ABVamos+a+confiar%2C+a+pelear+hasta+el+final%2C+ojal%C3%A1+se+cambie+esta+decisi%C3%B3n%C2%BB+%28Audio%29\">\n<img src=\"http:\/\/labestiadeportiva.com\/lbd\/wp-content\/plugins\/jw-share-this\/fb.png\" alt=\"Share this page via Facebook\" \/>\n<\/a>\n<a target=\"_blank\" href=\"http:\/\/twitter.com\/intent\/tweet?text=I+like+http%3A%2F%2Flabestiadeportiva.com%2Flbd%2Fvamos-a-confiar-a-pelear-hasta-el-final-ojala-se-cambie-esta-decision-audio%2F&amp;title=%C2%ABVamos+a+confiar%2C+a+pelear+hasta+el+final%2C+ojal%C3%A1+se+cambie+esta+decisi%C3%B3n%C2%BB+%28Audio%29\">\n<img src=\"http:\/\/labestiadeportiva.com\/lbd\/wp-content\/plugins\/jw-share-this\/twitter.png\" alt=\"Share this page via Twitter\" \/>\n<\/a>\n<\/div>\n","protected":false},"excerpt":{"rendered":"<p>Extensa charla con el capit\u00e1n de la Selecci\u00f3n Nacional Masculina, el ushuaiense Juan Eleicegui. Preocupaci\u00f3n y disgusto por la determinaci\u00f3n de la Confederaci\u00f3n Argentina de Hockey C\u00e9sped y Pista de bajar a sus seleccionados del Panamericano Canad\u00e1 2024. Pormenores, sensaciones y detalles de la complicada situaci\u00f3n que viven ambos planteles argentos en la voz del &hellip; <a href=\"http:\/\/labestiadeportiva.com\/lbd\/vamos-a-confiar-a-pelear-hasta-el-final-ojala-se-cambie-esta-decision-audio\/\" class=\"more-link\">Seguir leyendo <span class=\"screen-reader-text\">\u00abVamos a confiar, a pelear hasta el final, ojal\u00e1 se cambie esta decisi\u00f3n\u00bb (Audio)<\/span> <span class=\"meta-nav\">&rarr;<\/span><\/a><\/p>\n","protected":false},"author":1,"featured_media":0,"comment_status":"open","ping_status":"open","sticky":false,"template":"","format":"standard","meta":[],"categories":[5,4,6,60,2353,2422,1,4524,3946],"tags":[4124,4838,32,5266,88],"_links":{"self":[{"href":"http:\/\/labestiadeportiva.com\/lbd\/wp-json\/wp\/v2\/posts\/48568"}],"collection":[{"href":"http:\/\/labestiadeportiva.com\/lbd\/wp-json\/wp\/v2\/posts"}],"about":[{"href":"http:\/\/labestiadeportiva.com\/lbd\/wp-json\/wp\/v2\/types\/post"}],"author":[{"embeddable":true,"href":"http:\/\/labestiadeportiva.com\/lbd\/wp-json\/wp\/v2\/users\/1"}],"replies":[{"embeddable":true,"href":"http:\/\/labestiadeportiva.com\/lbd\/wp-json\/wp\/v2\/comments?post=48568"}],"version-history":[{"count":2,"href":"http:\/\/labestiadeportiva.com\/lbd\/wp-json\/wp\/v2\/posts\/48568\/revisions"}],"predecessor-version":[{"id":48571,"href":"http:\/\/labestiadeportiva.com\/lbd\/wp-json\/wp\/v2\/posts\/48568\/revisions\/48571"}],"wp:attachment":[{"href":"http:\/\/labestiadeportiva.com\/lbd\/wp-json\/wp\/v2\/media?parent=48568"}],"wp:term":[{"taxonomy":"category","embeddable":true,"href":"http:\/\/labestiadeportiva.com\/lbd\/wp-json\/wp\/v2\/categories?post=48568"},{"taxonomy":"post_tag","embeddable":true,"href":"http:\/\/labestiadeportiva.com\/lbd\/wp-json\/wp\/v2\/tags?post=48568"}],"curies":[{"name":"wp","href":"https:\/\/api.w.org\/{rel}","templated":true}]}}