{"id":48844,"date":"2024-03-24T11:26:13","date_gmt":"2024-03-24T14:26:13","guid":{"rendered":"http:\/\/labestiadeportiva.com\/lbd\/?p=48844"},"modified":"2024-03-24T11:48:06","modified_gmt":"2024-03-24T14:48:06","slug":"massimo-lanzano-tiene-la-palabra","status":"publish","type":"post","link":"http:\/\/labestiadeportiva.com\/lbd\/massimo-lanzano-tiene-la-palabra\/","title":{"rendered":"Massimo Lanzano tiene la palabra"},"content":{"rendered":"\n<figure class=\"wp-block-image size-large\"><a href=\"http:\/\/labestiadeportiva.com\/lbd\/wp-content\/uploads\/2024\/03\/1000192781.jpg\"><img loading=\"lazy\" width=\"1024\" height=\"772\" src=\"http:\/\/labestiadeportiva.com\/lbd\/wp-content\/uploads\/2024\/03\/1000192781-1024x772.jpg\" alt=\"\" class=\"wp-image-48850\" srcset=\"http:\/\/labestiadeportiva.com\/lbd\/wp-content\/uploads\/2024\/03\/1000192781-1024x772.jpg 1024w, http:\/\/labestiadeportiva.com\/lbd\/wp-content\/uploads\/2024\/03\/1000192781-300x226.jpg 300w, http:\/\/labestiadeportiva.com\/lbd\/wp-content\/uploads\/2024\/03\/1000192781-768x579.jpg 768w, http:\/\/labestiadeportiva.com\/lbd\/wp-content\/uploads\/2024\/03\/1000192781-640x482.jpg 640w, http:\/\/labestiadeportiva.com\/lbd\/wp-content\/uploads\/2024\/03\/1000192781.jpg 1080w\" sizes=\"(max-width: 1024px) 100vw, 1024px\" \/><\/a><\/figure>\n\n\n\n<figure class=\"wp-block-image size-full is-resized\"><a href=\"http:\/\/labestiadeportiva.com\/lbd\/wp-content\/uploads\/2022\/11\/CARA_PEREZ-2.jpg\"><img loading=\"lazy\" src=\"http:\/\/labestiadeportiva.com\/lbd\/wp-content\/uploads\/2022\/11\/CARA_PEREZ-2.jpg\" alt=\"\" class=\"wp-image-43576\" width=\"366\" height=\"75\" srcset=\"http:\/\/labestiadeportiva.com\/lbd\/wp-content\/uploads\/2022\/11\/CARA_PEREZ-2.jpg 600w, http:\/\/labestiadeportiva.com\/lbd\/wp-content\/uploads\/2022\/11\/CARA_PEREZ-2-300x62.jpg 300w\" sizes=\"(max-width: 366px) 100vw, 366px\" \/><\/a><\/figure>\n\n\n\n<p>Luego del extraordinario Torneo Panamericano de Hockey Indoor realizado por la Selecci\u00f3n Argentina en Calgary, con t\u00edtulo y Subcampeonatos incluidos, lleg\u00f3 el momento del balance.<\/p>\n\n\n\n<p>Quien mejor que el propio Head Coach, que gentilmente nos aport\u00f3 en forma exclusiva, su an\u00e1lisis y proyecci\u00f3n de nuestros equipos.<\/p>\n\n\n\n<!--more-->\n\n\n\n<p>\u00bb A 24 horas de las dos  finales jugadas pienso  lo incre\u00edble y positivo que fue este torneo para los 2 equipos.<\/p>\n\n\n\n<p>Con las chicas no fue com\u00fan el crecimiento en el rendimiento en la cancha. Se mejor\u00f3 cada partido y los resultados hablan claro. En la final empatamos y perdimos solo en los shoot-out contra un equipo que es el top 10 del ranking mundial\u00bb.<br><\/p>\n\n\n\n<p>\u00abCon muy poco se logr\u00f3 algo muy grande: el t\u00edtulo de Subcampe\u00f3n en el Panamericano. Hay que sentir solo orgullo de lo que se logr\u00f3. El destino nos dijo que todav\u00eda no es el momento pero estamos cerca, muy cerca.<\/p>\n\n\n\n<p>\u00abCon los chicos, ya no me sorprenden mas. Tienen hambre, hambre de gloria. La superioridad fue clara siempre desde el primer al \u00faltimo minuto de juego del torneo. <\/p>\n\n\n\n<p>Ya no tienen rivales en el Panamericano este equipo puede luchar por algo mas grande. Est\u00e1n a un nivel impresionante y considero que pueden seguir creciendo.<br><\/p>\n\n\n\n<p>Ahora el pasito m\u00e1s deber\u00eda ser un pasito hacia el hockey profesional y de alta competencia con m\u00e1s continuidad para lograr una medalla mundial. Porque lo demostr\u00f3 en la cancha y los resultados hablan claro y hay que creer que si se puede\u00bb.<br><\/p>\n\n\n\n<p>\u00abSon un F1 y se merecen competir contra F1 y creer en ellos con un proyecto a la altura de las ambiciones y los objetivos porque los jugadores lo tienen muy claro\u00bb.<\/p>\n\n\n\n<p><strong>Las m\u00e1ximas de Massimo en LBD, gracias entrenador!<\/strong><\/p>\n<div class='epvc-post-count'><span class='epvc-eye'><\/span>  <span class=\"epvc-count\"> 2.518<\/span><span class='epvc-label'> veces le\u00edda<\/span><\/div>\n<div class=\"jwsharethis\">\nShare this: \n<br \/>\n<a href=\"mailto:?subject=Massimo%20Lanzano%20tiene%20la%20palabra&amp;body=http%3A%2F%2Flabestiadeportiva.com%2Flbd%2Fmassimo-lanzano-tiene-la-palabra%2F\">\n<img src=\"http:\/\/labestiadeportiva.com\/lbd\/wp-content\/plugins\/jw-share-this\/email.png\" alt=\"Share this page via Email\" \/>\n<\/a>\n<a target=\"_blank\" href=\"http:\/\/www.stumbleupon.com\/submit?url=http%3A%2F%2Flabestiadeportiva.com%2Flbd%2Fmassimo-lanzano-tiene-la-palabra%2F&amp;title=Massimo+Lanzano+tiene+la+palabra\">\n<img src=\"http:\/\/labestiadeportiva.com\/lbd\/wp-content\/plugins\/jw-share-this\/su.png\" alt=\"Share this page via Stumble Upon\" \/>\n<\/a>\n<a target=\"_blank\" href=\"http:\/\/digg.com\/submit?url=http%3A%2F%2Flabestiadeportiva.com%2Flbd%2Fmassimo-lanzano-tiene-la-palabra%2F&amp;title=Massimo+Lanzano+tiene+la+palabra\">\n<img src=\"http:\/\/labestiadeportiva.com\/lbd\/wp-content\/plugins\/jw-share-this\/digg.png\" alt=\"Share this page via Digg this\" \/>\n<\/a>\n<a target=\"_blank\" href=\"http:\/\/www.facebook.com\/sharer.php?u=http%3A%2F%2Flabestiadeportiva.com%2Flbd%2Fmassimo-lanzano-tiene-la-palabra%2F&amp;t=Massimo+Lanzano+tiene+la+palabra\">\n<img src=\"http:\/\/labestiadeportiva.com\/lbd\/wp-content\/plugins\/jw-share-this\/fb.png\" alt=\"Share this page via Facebook\" \/>\n<\/a>\n<a target=\"_blank\" href=\"http:\/\/twitter.com\/intent\/tweet?text=I+like+http%3A%2F%2Flabestiadeportiva.com%2Flbd%2Fmassimo-lanzano-tiene-la-palabra%2F&amp;title=Massimo+Lanzano+tiene+la+palabra\">\n<img src=\"http:\/\/labestiadeportiva.com\/lbd\/wp-content\/plugins\/jw-share-this\/twitter.png\" alt=\"Share this page via Twitter\" \/>\n<\/a>\n<\/div>\n","protected":false},"excerpt":{"rendered":"<p>Luego del extraordinario Torneo Panamericano de Hockey Indoor realizado por la Selecci\u00f3n Argentina en Calgary, con t\u00edtulo y Subcampeonatos incluidos, lleg\u00f3 el momento del balance. Quien mejor que el propio Head Coach, que gentilmente nos aport\u00f3 en forma exclusiva, su an\u00e1lisis y proyecci\u00f3n de nuestros equipos. 2.518 veces le\u00edda Share this:<\/p>\n","protected":false},"author":1,"featured_media":0,"comment_status":"open","ping_status":"open","sticky":false,"template":"","format":"standard","meta":[],"categories":[5,4,6,2422,1,4524],"tags":[296,5268,32,5292,88,1396],"_links":{"self":[{"href":"http:\/\/labestiadeportiva.com\/lbd\/wp-json\/wp\/v2\/posts\/48844"}],"collection":[{"href":"http:\/\/labestiadeportiva.com\/lbd\/wp-json\/wp\/v2\/posts"}],"about":[{"href":"http:\/\/labestiadeportiva.com\/lbd\/wp-json\/wp\/v2\/types\/post"}],"author":[{"embeddable":true,"href":"http:\/\/labestiadeportiva.com\/lbd\/wp-json\/wp\/v2\/users\/1"}],"replies":[{"embeddable":true,"href":"http:\/\/labestiadeportiva.com\/lbd\/wp-json\/wp\/v2\/comments?post=48844"}],"version-history":[{"count":4,"href":"http:\/\/labestiadeportiva.com\/lbd\/wp-json\/wp\/v2\/posts\/48844\/revisions"}],"predecessor-version":[{"id":48853,"href":"http:\/\/labestiadeportiva.com\/lbd\/wp-json\/wp\/v2\/posts\/48844\/revisions\/48853"}],"wp:attachment":[{"href":"http:\/\/labestiadeportiva.com\/lbd\/wp-json\/wp\/v2\/media?parent=48844"}],"wp:term":[{"taxonomy":"category","embeddable":true,"href":"http:\/\/labestiadeportiva.com\/lbd\/wp-json\/wp\/v2\/categories?post=48844"},{"taxonomy":"post_tag","embeddable":true,"href":"http:\/\/labestiadeportiva.com\/lbd\/wp-json\/wp\/v2\/tags?post=48844"}],"curies":[{"name":"wp","href":"https:\/\/api.w.org\/{rel}","templated":true}]}}