{"id":48956,"date":"2024-04-11T00:34:36","date_gmt":"2024-04-11T03:34:36","guid":{"rendered":"http:\/\/labestiadeportiva.com\/lbd\/?p=48956"},"modified":"2024-04-11T00:34:38","modified_gmt":"2024-04-11T03:34:38","slug":"lautaro-el-domingo-en-la-federacion-de-box-audio","status":"publish","type":"post","link":"http:\/\/labestiadeportiva.com\/lbd\/lautaro-el-domingo-en-la-federacion-de-box-audio\/","title":{"rendered":"Lautaro el domingo en la Federaci\u00f3n de Box (Audio)"},"content":{"rendered":"\n<figure class=\"wp-block-image size-large\"><a href=\"http:\/\/labestiadeportiva.com\/lbd\/wp-content\/uploads\/2024\/04\/1000205833-1.png\"><img loading=\"lazy\" width=\"888\" height=\"1024\" src=\"http:\/\/labestiadeportiva.com\/lbd\/wp-content\/uploads\/2024\/04\/1000205833-1-888x1024.png\" alt=\"\" class=\"wp-image-48958\" srcset=\"http:\/\/labestiadeportiva.com\/lbd\/wp-content\/uploads\/2024\/04\/1000205833-1-888x1024.png 888w, http:\/\/labestiadeportiva.com\/lbd\/wp-content\/uploads\/2024\/04\/1000205833-1-260x300.png 260w, http:\/\/labestiadeportiva.com\/lbd\/wp-content\/uploads\/2024\/04\/1000205833-1-768x886.png 768w, http:\/\/labestiadeportiva.com\/lbd\/wp-content\/uploads\/2024\/04\/1000205833-1-640x738.png 640w, http:\/\/labestiadeportiva.com\/lbd\/wp-content\/uploads\/2024\/04\/1000205833-1.png 1080w\" sizes=\"(max-width: 888px) 100vw, 888px\" \/><\/a><\/figure>\n\n\n\n<figure class=\"wp-block-image size-full is-resized\"><a href=\"http:\/\/labestiadeportiva.com\/lbd\/wp-content\/uploads\/2022\/11\/CARA_PEREZ-2.jpg\"><img loading=\"lazy\" src=\"http:\/\/labestiadeportiva.com\/lbd\/wp-content\/uploads\/2022\/11\/CARA_PEREZ-2.jpg\" alt=\"\" class=\"wp-image-43576\" width=\"398\" height=\"81\" srcset=\"http:\/\/labestiadeportiva.com\/lbd\/wp-content\/uploads\/2022\/11\/CARA_PEREZ-2.jpg 600w, http:\/\/labestiadeportiva.com\/lbd\/wp-content\/uploads\/2022\/11\/CARA_PEREZ-2-300x62.jpg 300w\" sizes=\"(max-width: 398px) 100vw, 398px\" \/><\/a><\/figure>\n\n\n\n<p>El peleador local, Lautaro Colsani, volver\u00e1 a subirse al ring este fin de semana en la Ciudad Aut\u00f3noma de Buenos Aires. Ser\u00e1 en la modalidad K1 ante Mat\u00edas Flores.<\/p>\n\n\n\n<p>Antes de partir dialogamos con \u00e9l en busca de detalles. Compartimos la entrevista lograda este mi\u00e9rcoles en la 94.1 FM del Sur.<\/p>\n\n\n\n<!--more-->\n\n\n\n<figure class=\"wp-block-embed is-type-video is-provider-youtube wp-block-embed-youtube wp-embed-aspect-4-3 wp-has-aspect-ratio\"><div class=\"wp-block-embed__wrapper\">\n<iframe loading=\"lazy\" title=\"Audio Lautaro Colsani\" width=\"474\" height=\"356\" src=\"https:\/\/www.youtube.com\/embed\/I7me3p6IPFA?feature=oembed\" frameborder=\"0\" allow=\"accelerometer; autoplay; clipboard-write; encrypted-media; gyroscope; picture-in-picture; web-share\" referrerpolicy=\"strict-origin-when-cross-origin\" allowfullscreen><\/iframe>\n<\/div><\/figure>\n<div class='epvc-post-count'><span class='epvc-eye'><\/span>  <span class=\"epvc-count\"> 1.257<\/span><span class='epvc-label'> veces le\u00edda<\/span><\/div>\n<div class=\"jwsharethis\">\nShare this: \n<br \/>\n<a href=\"mailto:?subject=Lautaro%20el%20domingo%20en%20la%20Federaci%C3%B3n%20de%20Box%20%28Audio%29&amp;body=http%3A%2F%2Flabestiadeportiva.com%2Flbd%2Flautaro-el-domingo-en-la-federacion-de-box-audio%2F\">\n<img src=\"http:\/\/labestiadeportiva.com\/lbd\/wp-content\/plugins\/jw-share-this\/email.png\" alt=\"Share this page via Email\" \/>\n<\/a>\n<a target=\"_blank\" href=\"http:\/\/www.stumbleupon.com\/submit?url=http%3A%2F%2Flabestiadeportiva.com%2Flbd%2Flautaro-el-domingo-en-la-federacion-de-box-audio%2F&amp;title=Lautaro+el+domingo+en+la+Federaci%C3%B3n+de+Box+%28Audio%29\">\n<img src=\"http:\/\/labestiadeportiva.com\/lbd\/wp-content\/plugins\/jw-share-this\/su.png\" alt=\"Share this page via Stumble Upon\" \/>\n<\/a>\n<a target=\"_blank\" href=\"http:\/\/digg.com\/submit?url=http%3A%2F%2Flabestiadeportiva.com%2Flbd%2Flautaro-el-domingo-en-la-federacion-de-box-audio%2F&amp;title=Lautaro+el+domingo+en+la+Federaci%C3%B3n+de+Box+%28Audio%29\">\n<img src=\"http:\/\/labestiadeportiva.com\/lbd\/wp-content\/plugins\/jw-share-this\/digg.png\" alt=\"Share this page via Digg this\" \/>\n<\/a>\n<a target=\"_blank\" href=\"http:\/\/www.facebook.com\/sharer.php?u=http%3A%2F%2Flabestiadeportiva.com%2Flbd%2Flautaro-el-domingo-en-la-federacion-de-box-audio%2F&amp;t=Lautaro+el+domingo+en+la+Federaci%C3%B3n+de+Box+%28Audio%29\">\n<img src=\"http:\/\/labestiadeportiva.com\/lbd\/wp-content\/plugins\/jw-share-this\/fb.png\" alt=\"Share this page via Facebook\" \/>\n<\/a>\n<a target=\"_blank\" href=\"http:\/\/twitter.com\/intent\/tweet?text=I+like+http%3A%2F%2Flabestiadeportiva.com%2Flbd%2Flautaro-el-domingo-en-la-federacion-de-box-audio%2F&amp;title=Lautaro+el+domingo+en+la+Federaci%C3%B3n+de+Box+%28Audio%29\">\n<img src=\"http:\/\/labestiadeportiva.com\/lbd\/wp-content\/plugins\/jw-share-this\/twitter.png\" alt=\"Share this page via Twitter\" \/>\n<\/a>\n<\/div>\n","protected":false},"excerpt":{"rendered":"<p>El peleador local, Lautaro Colsani, volver\u00e1 a subirse al ring este fin de semana en la Ciudad Aut\u00f3noma de Buenos Aires. Ser\u00e1 en la modalidad K1 ante Mat\u00edas Flores. Antes de partir dialogamos con \u00e9l en busca de detalles. Compartimos la entrevista lograda este mi\u00e9rcoles en la 94.1 FM del Sur. 1.257 veces le\u00edda Share &hellip; <a href=\"http:\/\/labestiadeportiva.com\/lbd\/lautaro-el-domingo-en-la-federacion-de-box-audio\/\" class=\"more-link\">Seguir leyendo <span class=\"screen-reader-text\">Lautaro el domingo en la Federaci\u00f3n de Box (Audio)<\/span> <span class=\"meta-nav\">&rarr;<\/span><\/a><\/p>\n","protected":false},"author":1,"featured_media":0,"comment_status":"open","ping_status":"open","sticky":false,"template":"","format":"standard","meta":[],"categories":[2237,5,6,60,1],"tags":[3568,4838,3144,83],"_links":{"self":[{"href":"http:\/\/labestiadeportiva.com\/lbd\/wp-json\/wp\/v2\/posts\/48956"}],"collection":[{"href":"http:\/\/labestiadeportiva.com\/lbd\/wp-json\/wp\/v2\/posts"}],"about":[{"href":"http:\/\/labestiadeportiva.com\/lbd\/wp-json\/wp\/v2\/types\/post"}],"author":[{"embeddable":true,"href":"http:\/\/labestiadeportiva.com\/lbd\/wp-json\/wp\/v2\/users\/1"}],"replies":[{"embeddable":true,"href":"http:\/\/labestiadeportiva.com\/lbd\/wp-json\/wp\/v2\/comments?post=48956"}],"version-history":[{"count":1,"href":"http:\/\/labestiadeportiva.com\/lbd\/wp-json\/wp\/v2\/posts\/48956\/revisions"}],"predecessor-version":[{"id":48959,"href":"http:\/\/labestiadeportiva.com\/lbd\/wp-json\/wp\/v2\/posts\/48956\/revisions\/48959"}],"wp:attachment":[{"href":"http:\/\/labestiadeportiva.com\/lbd\/wp-json\/wp\/v2\/media?parent=48956"}],"wp:term":[{"taxonomy":"category","embeddable":true,"href":"http:\/\/labestiadeportiva.com\/lbd\/wp-json\/wp\/v2\/categories?post=48956"},{"taxonomy":"post_tag","embeddable":true,"href":"http:\/\/labestiadeportiva.com\/lbd\/wp-json\/wp\/v2\/tags?post=48956"}],"curies":[{"name":"wp","href":"https:\/\/api.w.org\/{rel}","templated":true}]}}