{"id":4896,"date":"2013-06-09T03:55:15","date_gmt":"2013-06-09T03:55:15","guid":{"rendered":"http:\/\/labestiadeportiva.com\/lbd\/?p=4896"},"modified":"2013-06-09T03:55:15","modified_gmt":"2013-06-09T03:55:15","slug":"por-la-heroica","status":"publish","type":"post","link":"http:\/\/labestiadeportiva.com\/lbd\/por-la-heroica\/","title":{"rendered":"Por la heroica"},"content":{"rendered":"<p><a href=\"http:\/\/labestiadeportiva.com\/lbd\/wp-content\/uploads\/2013\/06\/IMG-20130608-00337.jpg\"><img loading=\"lazy\" class=\"alignleft size-medium wp-image-4897\" title=\"IMG-20130608-00337\" src=\"http:\/\/labestiadeportiva.com\/lbd\/wp-content\/uploads\/2013\/06\/IMG-20130608-00337-300x224.jpg\" alt=\"\" width=\"300\" height=\"224\" srcset=\"http:\/\/labestiadeportiva.com\/lbd\/wp-content\/uploads\/2013\/06\/IMG-20130608-00337-300x224.jpg 300w, http:\/\/labestiadeportiva.com\/lbd\/wp-content\/uploads\/2013\/06\/IMG-20130608-00337.jpg 628w\" sizes=\"(max-width: 300px) 100vw, 300px\" \/><\/a>El fueguino Lucas Garro tuvo un d\u00eda con sensaciones encontradas en el Mouras ya que en la clasificaci\u00f3n rompi\u00f3 los relojes y marc\u00f3 el r\u00e9cord hist\u00f3rico de la Clase 2 pero un neum\u00e1tico lo dej\u00f3 muy relegado en la serie obligando a la remontada ma\u00f1ana en la final. Fuente y foto prensa Lucas Garro.<\/p>\n<p>Ma\u00f1ana se estar\u00e1 desarrollando la final de la quinta fecha del Turismo Pista Clase 2 sobre la variante larga sin chicana del aut\u00f3dromo \u201cRoberto Mouras\u201d de La Plata donde Lucas Garro, piloto de Ushuaia, Tierra del Fuego, estar\u00e1 compitiendo con el Fiat Uno N\u00b0 8 que es atendido \u00edntegramente por Dacal Racing.<!--morePara leer Click Aqu\u00ed--><\/p>\n<p>El d\u00eda viernes hab\u00eda dejado las mejores sensaciones en el box del equipo tras la obtenci\u00f3n del tiempo m\u00e1s veloz en los ensayos siendo el \u00fanico en bajar el minuto 43 segundos y hoy desde temprano se ratificar\u00eda todo el potencial de la m\u00e1quina sobre el trazado platense. En la clasificaci\u00f3n marc\u00f3 una vuelta de 1:42.253 bajando cuatro d\u00e9cimas su registro de los entrenamientos y decretando una vara inalcanzable para el resto.<\/p>\n<p>Sin embargo, la fortuna jugar\u00eda una mala pasada en la serie ya que desde la vuelta previa uno de los neum\u00e1ticos traseros sufri\u00f3 un pinchazo y fue perdiendo aire hasta dejar la rueda totalmente en llanta en el giro tres. Si bien Garro estuvo en los tres primeros lugares hasta promediar la bater\u00eda, ya sin aire en su goma debi\u00f3 ponderar sus esfuerzos en mantener el auto arriba de la pista y completar la totalidad de las vueltas para no perder m\u00e1s posiciones en la grilla.<\/p>\n<p>En charla con la prensa dijo: <span style=\"color: #0000ff;\">\u00abLa verdad que el auto era un misil y en la clasificaci\u00f3n lo demostramos, pero un pinchazo en la vuelta previa de la serie, que suponemos se origina por pisar la parte sucia del trazado nos deja con las manos vac\u00edas. De todas formas ma\u00f1ana intentaremos ir lo m\u00e1s adelante posible para sumar puntos y no perder demasiado terreno en el certamen, objetivo final de la temporada\u201d<\/span>.<\/p>\n<p>Este Domingo 9, como antesala de la Clase 3 y el TC 2000, se disputar\u00e1 la final desde las 11:05 horas a 15 vueltas o 35 minutos de duraci\u00f3n, con transmisi\u00f3n en vivo y en directo de Canal 13 a trav\u00e9s del equipo t\u00e9cnico de Carburando.<\/p>\n<p>Lucas Garro y equipo agradecen a sus sponsors: Carbess, Club Lasserre, Concesionario LASAC, Constru Sec, Con Vial Fue SA, Cosmos, El Diario del Fin del Mundo, Insumos Industriales, Polirrubro Fede, Promat SRL, PVC Dise\u00f1o, Sartini Gas, Sky Glass y Tierra Fueguina SRL. Asimismo, a toda la gente de Tierra del Fuego, familia, amigos y a Dacal Racing por el auto que entrega en pista.<\/p>\n<p><span style=\"color: #993300;\">Campeonato TP Clase 2<\/span>: <span style=\"color: #ff0000;\">T-1\u00ba Garro 80; T-1\u00ba Yerobi 80<\/span>; 3\u00ba Cruzado 76; 4\u00ba Lastau 73.<\/p>\n<div class='epvc-post-count'><span class='epvc-eye'><\/span>  <span class=\"epvc-count\"> 1.028<\/span><span class='epvc-label'> veces le\u00edda<\/span><\/div>\n<div class=\"jwsharethis\">\nShare this: \n<br \/>\n<a href=\"mailto:?subject=Por%20la%20heroica&amp;body=http%3A%2F%2Flabestiadeportiva.com%2Flbd%2Fpor-la-heroica%2F\">\n<img src=\"http:\/\/labestiadeportiva.com\/lbd\/wp-content\/plugins\/jw-share-this\/email.png\" alt=\"Share this page via Email\" \/>\n<\/a>\n<a target=\"_blank\" href=\"http:\/\/www.stumbleupon.com\/submit?url=http%3A%2F%2Flabestiadeportiva.com%2Flbd%2Fpor-la-heroica%2F&amp;title=Por+la+heroica\">\n<img src=\"http:\/\/labestiadeportiva.com\/lbd\/wp-content\/plugins\/jw-share-this\/su.png\" alt=\"Share this page via Stumble Upon\" \/>\n<\/a>\n<a target=\"_blank\" href=\"http:\/\/digg.com\/submit?url=http%3A%2F%2Flabestiadeportiva.com%2Flbd%2Fpor-la-heroica%2F&amp;title=Por+la+heroica\">\n<img src=\"http:\/\/labestiadeportiva.com\/lbd\/wp-content\/plugins\/jw-share-this\/digg.png\" alt=\"Share this page via Digg this\" \/>\n<\/a>\n<a target=\"_blank\" href=\"http:\/\/www.facebook.com\/sharer.php?u=http%3A%2F%2Flabestiadeportiva.com%2Flbd%2Fpor-la-heroica%2F&amp;t=Por+la+heroica\">\n<img src=\"http:\/\/labestiadeportiva.com\/lbd\/wp-content\/plugins\/jw-share-this\/fb.png\" alt=\"Share this page via Facebook\" \/>\n<\/a>\n<a target=\"_blank\" href=\"http:\/\/twitter.com\/intent\/tweet?text=I+like+http%3A%2F%2Flabestiadeportiva.com%2Flbd%2Fpor-la-heroica%2F&amp;title=Por+la+heroica\">\n<img src=\"http:\/\/labestiadeportiva.com\/lbd\/wp-content\/plugins\/jw-share-this\/twitter.png\" alt=\"Share this page via Twitter\" \/>\n<\/a>\n<\/div>\n","protected":false},"excerpt":{"rendered":"<p>El fueguino Lucas Garro tuvo un d\u00eda con sensaciones encontradas en el Mouras ya que en la clasificaci\u00f3n rompi\u00f3 los relojes y marc\u00f3 el r\u00e9cord hist\u00f3rico de la Clase 2 pero un neum\u00e1tico lo dej\u00f3 muy relegado en la serie obligando a la remontada ma\u00f1ana en la final. Fuente y foto prensa Lucas Garro. Ma\u00f1ana &hellip; <a href=\"http:\/\/labestiadeportiva.com\/lbd\/por-la-heroica\/\" class=\"more-link\">Seguir leyendo <span class=\"screen-reader-text\">Por la heroica<\/span> <span class=\"meta-nav\">&rarr;<\/span><\/a><\/p>\n","protected":false},"author":1,"featured_media":4897,"comment_status":"open","ping_status":"open","sticky":false,"template":"","format":"standard","meta":[],"categories":[5,6,1],"tags":[524,151,525],"_links":{"self":[{"href":"http:\/\/labestiadeportiva.com\/lbd\/wp-json\/wp\/v2\/posts\/4896"}],"collection":[{"href":"http:\/\/labestiadeportiva.com\/lbd\/wp-json\/wp\/v2\/posts"}],"about":[{"href":"http:\/\/labestiadeportiva.com\/lbd\/wp-json\/wp\/v2\/types\/post"}],"author":[{"embeddable":true,"href":"http:\/\/labestiadeportiva.com\/lbd\/wp-json\/wp\/v2\/users\/1"}],"replies":[{"embeddable":true,"href":"http:\/\/labestiadeportiva.com\/lbd\/wp-json\/wp\/v2\/comments?post=4896"}],"version-history":[{"count":1,"href":"http:\/\/labestiadeportiva.com\/lbd\/wp-json\/wp\/v2\/posts\/4896\/revisions"}],"predecessor-version":[{"id":4898,"href":"http:\/\/labestiadeportiva.com\/lbd\/wp-json\/wp\/v2\/posts\/4896\/revisions\/4898"}],"wp:featuredmedia":[{"embeddable":true,"href":"http:\/\/labestiadeportiva.com\/lbd\/wp-json\/wp\/v2\/media\/4897"}],"wp:attachment":[{"href":"http:\/\/labestiadeportiva.com\/lbd\/wp-json\/wp\/v2\/media?parent=4896"}],"wp:term":[{"taxonomy":"category","embeddable":true,"href":"http:\/\/labestiadeportiva.com\/lbd\/wp-json\/wp\/v2\/categories?post=4896"},{"taxonomy":"post_tag","embeddable":true,"href":"http:\/\/labestiadeportiva.com\/lbd\/wp-json\/wp\/v2\/tags?post=4896"}],"curies":[{"name":"wp","href":"https:\/\/api.w.org\/{rel}","templated":true}]}}