{"id":4905,"date":"2013-06-10T03:50:05","date_gmt":"2013-06-10T03:50:05","guid":{"rendered":"http:\/\/labestiadeportiva.com\/lbd\/?p=4905"},"modified":"2013-06-10T03:50:05","modified_gmt":"2013-06-10T03:50:05","slug":"nadal-emperador-de-paris","status":"publish","type":"post","link":"http:\/\/labestiadeportiva.com\/lbd\/nadal-emperador-de-paris\/","title":{"rendered":"Nadal Emperador de Par\u00eds"},"content":{"rendered":"<p>Por Mat\u00edas Pouso (Corresponsal LBD en la Ciudad Aut\u00f3noma de Buenos Aires)<\/p>\n<p><a href=\"http:\/\/labestiadeportiva.com\/lbd\/wp-content\/uploads\/2013\/06\/941549_514542751944362_1060001624_n.jpg\"><img loading=\"lazy\" class=\"alignleft size-medium wp-image-4906\" title=\"941549_514542751944362_1060001624_n\" src=\"http:\/\/labestiadeportiva.com\/lbd\/wp-content\/uploads\/2013\/06\/941549_514542751944362_1060001624_n-300x296.jpg\" alt=\"\" width=\"300\" height=\"296\" srcset=\"http:\/\/labestiadeportiva.com\/lbd\/wp-content\/uploads\/2013\/06\/941549_514542751944362_1060001624_n-300x296.jpg 300w, http:\/\/labestiadeportiva.com\/lbd\/wp-content\/uploads\/2013\/06\/941549_514542751944362_1060001624_n.jpg 608w\" sizes=\"(max-width: 300px) 100vw, 300px\" \/><\/a>Rafael Nadal se coron\u00f3 campe\u00f3n de Roland Garros por octava vez en su carrera, en una final con m\u00e1s incidentes que buen tenis, venci\u00f3 a su compatriota David Ferrer por 6-3, 6-2, 6-3. Con este triunfo, Rafa se convirti\u00f3 en el primer tenista en ganar un mismo Grand Slam en ocho oportunidades.<\/p>\n<p>Ning\u00fan trofeo conoce la dentadura de Rafael Nadal como lo hace la Copa de los Mosqueteros, ya que por octava vez en la historia, el espa\u00f1ol le estamp\u00f3 su caracter\u00edstico mordisc\u00f3n al bot\u00edn que se le otorga al campe\u00f3n de Roland Garros.<!--morePara leer Click Aqu\u00ed--><\/p>\n<p>Ni la llovizna, ni el p\u00fablico adverso pudieron quitarle el foco al mallorqu\u00edn que en todo momento tuvo el dominio del encuentro. A los 27 a\u00f1os, logr\u00f3 su doceavo t\u00edtulo de Grand Slam e igual\u00f3 a Roy Emerson en el tercer lugar de los m\u00e1s ganadores de la historia, solo debajo de Pete Sampras (14) y Roger Federer (17).<\/p>\n<p>El tr\u00e1mite del encuentro decisivo comenz\u00f3 parejo, con largos peloteos y pocas oportunidades de quiebre. Ferrer sab\u00eda que sus chances vendr\u00edan por el lado del rev\u00e9s de su oponente, y por all\u00ed busc\u00f3 hasta el hartazgo.<\/p>\n<p>A Nadal le cost\u00f3 adaptarse a la t\u00e1ctica de su contrincante pero finalmente pudo asentarse en la l\u00ednea de base y logr\u00f3 encontrar su derecha pesada para controlar los embates del valenciano. Movi\u00e9ndolo de lado a lado, Rafa consigui\u00f3 el quiebre fundamental en el 3-3. Luego mantuvo la ventaja y cerr\u00f3 el parcial en 40 minutos.<\/p>\n<p>En la segunda manga, el tercer preclasificado logr\u00f3 adelantarse 3-0 en el marcador. Sin embargo el dominio en el resultado no coincid\u00eda con lo que se ve\u00eda en la cancha, Ferrer dominaba los peloteos pero Nadal ganaba los puntos importantes. Estando 1-5 y con el saque de su rival el orgullo del David espa\u00f1ol le hizo recuperar un quiebre que no le sirvi\u00f3 de nada ya que en el siguiente game no solo perdi\u00f3 su saque sino tambi\u00e9n el set.<\/p>\n<p><a href=\"http:\/\/labestiadeportiva.com\/lbd\/wp-content\/uploads\/2013\/06\/942839_514542691944368_177980794_n.jpg\"><img loading=\"lazy\" class=\"aligncenter size-medium wp-image-4907\" title=\"942839_514542691944368_177980794_n\" src=\"http:\/\/labestiadeportiva.com\/lbd\/wp-content\/uploads\/2013\/06\/942839_514542691944368_177980794_n-300x225.jpg\" alt=\"\" width=\"300\" height=\"225\" srcset=\"http:\/\/labestiadeportiva.com\/lbd\/wp-content\/uploads\/2013\/06\/942839_514542691944368_177980794_n-300x225.jpg 300w, http:\/\/labestiadeportiva.com\/lbd\/wp-content\/uploads\/2013\/06\/942839_514542691944368_177980794_n.jpg 640w\" sizes=\"(max-width: 300px) 100vw, 300px\" \/><\/a>La llovizna demor\u00f3 apenas unos minutos el final tan presagiado, el nivel ten\u00edstico fue disminuyendo a medida que el agua se hac\u00eda m\u00e1s densa. Quiebre tras quiebre fueron sumando juegos en el marcador, Ferrer estaba completamente entregado y tirando toda la carne al asador; del otro lado, Rafa daba muestras de serenidad y sobrada experiencia ante este tipo de compromisos.<\/p>\n<p>Luego de dos horas y 16 minutos, el nacido en Manacor festej\u00f3 su victoria n\u00famero 59 en el Bois de Boulogne desplom\u00e1ndose sobre el polvo de ladrillo del estadio Phillippe Chatrier.<\/p>\n<p>La \u00faltima final disputada entre dos compatriotas hab\u00eda sido en 2004 cuando Gast\u00f3n Gaudio venci\u00f3 a Guillermo Coria; en tanto que el \u00faltimo partido decisivo entre dos espa\u00f1oles fue en 2002, ese a\u00f1o Albert Costa derrot\u00f3 al ex n\u00famero 1 del planeta, Juan Carlos Ferrero.<\/p>\n<p><a href=\"http:\/\/labestiadeportiva.com\/lbd\/wp-content\/uploads\/2013\/06\/1004027_514542741944363_1680022617_n.jpg\"><img loading=\"lazy\" class=\"aligncenter size-medium wp-image-4908\" title=\"1004027_514542741944363_1680022617_n\" src=\"http:\/\/labestiadeportiva.com\/lbd\/wp-content\/uploads\/2013\/06\/1004027_514542741944363_1680022617_n-300x210.jpg\" alt=\"\" width=\"300\" height=\"210\" srcset=\"http:\/\/labestiadeportiva.com\/lbd\/wp-content\/uploads\/2013\/06\/1004027_514542741944363_1680022617_n-300x210.jpg 300w, http:\/\/labestiadeportiva.com\/lbd\/wp-content\/uploads\/2013\/06\/1004027_514542741944363_1680022617_n.jpg 640w\" sizes=\"(max-width: 300px) 100vw, 300px\" \/><\/a>Luego de siete meses fuera de las canchas, el mejor tenista espa\u00f1ol de la historia volvi\u00f3 a la cima del mundo del deporte. Es el mejor jugador de la actualidad y su pr\u00f3ximo objetivo es recuperar la cima del ranking ATP.<\/p>\n<p>En ese aspecto, corre con ventaja sobre el n\u00famero 1 del mundo, Novak\u00a0 Djokovic , ya que de aqu\u00ed a fin de a\u00f1o defender\u00e1 tan solo 45 puntos, mientras que el serbio tiene 6800 que revalidar.<\/p>\n<p>Serena Williams venci\u00f3 en la final femenina a la campeona reinante Mar\u00eda Sharapova. La n\u00famero 1 del mundo venci\u00f3 a la nacida en Siberia por 6-4 y 6-4, levant\u00f3 su segundo trofeo en Paris y el 16\u00b0 de Grand Slam.<\/p>\n<p><a href=\"http:\/\/labestiadeportiva.com\/lbd\/wp-content\/uploads\/2013\/06\/serena.jpg\"><img loading=\"lazy\" class=\"aligncenter size-medium wp-image-4909\" title=\"serena\" src=\"http:\/\/labestiadeportiva.com\/lbd\/wp-content\/uploads\/2013\/06\/serena-300x201.jpg\" alt=\"\" width=\"300\" height=\"201\" srcset=\"http:\/\/labestiadeportiva.com\/lbd\/wp-content\/uploads\/2013\/06\/serena-300x201.jpg 300w, http:\/\/labestiadeportiva.com\/lbd\/wp-content\/uploads\/2013\/06\/serena.jpg 640w\" sizes=\"(max-width: 300px) 100vw, 300px\" \/><\/a><\/p>\n<div class='epvc-post-count'><span class='epvc-eye'><\/span>  <span class=\"epvc-count\"> 832<\/span><span class='epvc-label'> veces le\u00edda<\/span><\/div>\n<div class=\"jwsharethis\">\nShare this: \n<br \/>\n<a href=\"mailto:?subject=Nadal%20Emperador%20de%20Par%C3%ADs&amp;body=http%3A%2F%2Flabestiadeportiva.com%2Flbd%2Fnadal-emperador-de-paris%2F\">\n<img src=\"http:\/\/labestiadeportiva.com\/lbd\/wp-content\/plugins\/jw-share-this\/email.png\" alt=\"Share this page via Email\" \/>\n<\/a>\n<a target=\"_blank\" href=\"http:\/\/www.stumbleupon.com\/submit?url=http%3A%2F%2Flabestiadeportiva.com%2Flbd%2Fnadal-emperador-de-paris%2F&amp;title=Nadal+Emperador+de+Par%C3%ADs\">\n<img src=\"http:\/\/labestiadeportiva.com\/lbd\/wp-content\/plugins\/jw-share-this\/su.png\" alt=\"Share this page via Stumble Upon\" \/>\n<\/a>\n<a target=\"_blank\" href=\"http:\/\/digg.com\/submit?url=http%3A%2F%2Flabestiadeportiva.com%2Flbd%2Fnadal-emperador-de-paris%2F&amp;title=Nadal+Emperador+de+Par%C3%ADs\">\n<img src=\"http:\/\/labestiadeportiva.com\/lbd\/wp-content\/plugins\/jw-share-this\/digg.png\" alt=\"Share this page via Digg this\" \/>\n<\/a>\n<a target=\"_blank\" href=\"http:\/\/www.facebook.com\/sharer.php?u=http%3A%2F%2Flabestiadeportiva.com%2Flbd%2Fnadal-emperador-de-paris%2F&amp;t=Nadal+Emperador+de+Par%C3%ADs\">\n<img src=\"http:\/\/labestiadeportiva.com\/lbd\/wp-content\/plugins\/jw-share-this\/fb.png\" alt=\"Share this page via Facebook\" \/>\n<\/a>\n<a target=\"_blank\" href=\"http:\/\/twitter.com\/intent\/tweet?text=I+like+http%3A%2F%2Flabestiadeportiva.com%2Flbd%2Fnadal-emperador-de-paris%2F&amp;title=Nadal+Emperador+de+Par%C3%ADs\">\n<img src=\"http:\/\/labestiadeportiva.com\/lbd\/wp-content\/plugins\/jw-share-this\/twitter.png\" alt=\"Share this page via Twitter\" \/>\n<\/a>\n<\/div>\n","protected":false},"excerpt":{"rendered":"<p>Por Mat\u00edas Pouso (Corresponsal LBD en la Ciudad Aut\u00f3noma de Buenos Aires) Rafael Nadal se coron\u00f3 campe\u00f3n de Roland Garros por octava vez en su carrera, en una final con m\u00e1s incidentes que buen tenis, venci\u00f3 a su compatriota David Ferrer por 6-3, 6-2, 6-3. Con este triunfo, Rafa se convirti\u00f3 en el primer tenista &hellip; <a href=\"http:\/\/labestiadeportiva.com\/lbd\/nadal-emperador-de-paris\/\" class=\"more-link\">Seguir leyendo <span class=\"screen-reader-text\">Nadal Emperador de Par\u00eds<\/span> <span class=\"meta-nav\">&rarr;<\/span><\/a><\/p>\n","protected":false},"author":1,"featured_media":4906,"comment_status":"open","ping_status":"open","sticky":false,"template":"","format":"standard","meta":[],"categories":[4,1,39],"tags":[4835],"_links":{"self":[{"href":"http:\/\/labestiadeportiva.com\/lbd\/wp-json\/wp\/v2\/posts\/4905"}],"collection":[{"href":"http:\/\/labestiadeportiva.com\/lbd\/wp-json\/wp\/v2\/posts"}],"about":[{"href":"http:\/\/labestiadeportiva.com\/lbd\/wp-json\/wp\/v2\/types\/post"}],"author":[{"embeddable":true,"href":"http:\/\/labestiadeportiva.com\/lbd\/wp-json\/wp\/v2\/users\/1"}],"replies":[{"embeddable":true,"href":"http:\/\/labestiadeportiva.com\/lbd\/wp-json\/wp\/v2\/comments?post=4905"}],"version-history":[{"count":1,"href":"http:\/\/labestiadeportiva.com\/lbd\/wp-json\/wp\/v2\/posts\/4905\/revisions"}],"predecessor-version":[{"id":4910,"href":"http:\/\/labestiadeportiva.com\/lbd\/wp-json\/wp\/v2\/posts\/4905\/revisions\/4910"}],"wp:featuredmedia":[{"embeddable":true,"href":"http:\/\/labestiadeportiva.com\/lbd\/wp-json\/wp\/v2\/media\/4906"}],"wp:attachment":[{"href":"http:\/\/labestiadeportiva.com\/lbd\/wp-json\/wp\/v2\/media?parent=4905"}],"wp:term":[{"taxonomy":"category","embeddable":true,"href":"http:\/\/labestiadeportiva.com\/lbd\/wp-json\/wp\/v2\/categories?post=4905"},{"taxonomy":"post_tag","embeddable":true,"href":"http:\/\/labestiadeportiva.com\/lbd\/wp-json\/wp\/v2\/tags?post=4905"}],"curies":[{"name":"wp","href":"https:\/\/api.w.org\/{rel}","templated":true}]}}