{"id":49543,"date":"2024-06-19T11:10:11","date_gmt":"2024-06-19T14:10:11","guid":{"rendered":"http:\/\/labestiadeportiva.com\/lbd\/?p=49543"},"modified":"2024-06-19T11:10:13","modified_gmt":"2024-06-19T14:10:13","slug":"cumpleanos-apertura-y-novedades","status":"publish","type":"post","link":"http:\/\/labestiadeportiva.com\/lbd\/cumpleanos-apertura-y-novedades\/","title":{"rendered":"Cumplea\u00f1os, apertura y novedades"},"content":{"rendered":"\n<figure class=\"wp-block-image size-large\"><a href=\"http:\/\/labestiadeportiva.com\/lbd\/wp-content\/uploads\/2024\/06\/1000291152-scaled.jpg\"><img loading=\"lazy\" width=\"1024\" height=\"683\" src=\"http:\/\/labestiadeportiva.com\/lbd\/wp-content\/uploads\/2024\/06\/1000291152-1024x683.jpg\" alt=\"\" class=\"wp-image-49544\" srcset=\"http:\/\/labestiadeportiva.com\/lbd\/wp-content\/uploads\/2024\/06\/1000291152-1024x683.jpg 1024w, http:\/\/labestiadeportiva.com\/lbd\/wp-content\/uploads\/2024\/06\/1000291152-300x200.jpg 300w, http:\/\/labestiadeportiva.com\/lbd\/wp-content\/uploads\/2024\/06\/1000291152-768x512.jpg 768w, http:\/\/labestiadeportiva.com\/lbd\/wp-content\/uploads\/2024\/06\/1000291152-1536x1024.jpg 1536w, http:\/\/labestiadeportiva.com\/lbd\/wp-content\/uploads\/2024\/06\/1000291152-2048x1365.jpg 2048w, http:\/\/labestiadeportiva.com\/lbd\/wp-content\/uploads\/2024\/06\/1000291152-640x427.jpg 640w\" sizes=\"(max-width: 1024px) 100vw, 1024px\" \/><\/a><\/figure>\n\n\n\n<p>El Centro de Esqui cumple 25 a\u00f1os y abre sus puertas el 28 de junio con novedades.  En su aniversario, el centro de esqu\u00ed invita a los fan\u00e1ticos de la nieve a vivir otra temporada inolvidable en la que se inaugura una nueva extensi\u00f3n de su red de nieve artificial y la ampliaci\u00f3n y refacci\u00f3n de dos rest\u00f3s. Fuente y fotos Prensa Cerro Castor.<\/p>\n\n\n\n<!--more-->\n\n\n\n<p>Cerro Castor abre sus puertas un a\u00f1o m\u00e1s para brindar otra larga temporada de nieve y aventuras para todos los residentes de Tierra Del Fuego. <\/p>\n\n\n\n<p>Este a\u00f1o, con la instalaci\u00f3n y la ampliaci\u00f3n de la red de nieve artificial, llegando al 35% de cobertura, asegura a los fan\u00e1ticos del esqu\u00ed y el snowboard una experiencia \u00fanica.\u00a0<\/p>\n\n\n\n<p>\u00abQueremos superar las expectativas de nuestros visitantes y hacer que su experiencia en Cerro Castor sea inolvidable. Por eso, invertimos en tecnolog\u00eda de primer nivel para mejorar nuestros servicios. Este a\u00f1o, hemos ampliado nuestra red de nieve artificial, llegando incluso a la pista Gran Castor\u00bb, <\/p>\n\n\n\n<p>coment\u00f3 Francisco Paranza, Gerente de Marketing.<\/p>\n\n\n\n<p>\u201cAdem\u00e1s, sumamos la ampliaci\u00f3n de la capacidad del Restaurant Viejo Castor en un 40%, y del caf\u00e9\/resto Snowbar, ubicado en la base. Tambi\u00e9n, comenzamos con los trabajos en la nueva telesilla cu\u00e1druple que acompa\u00f1ar\u00e1 a los Teleski del sol y del este\u00bb, concluy\u00f3 Paranza.<\/p>\n\n\n\n<p>En v\u00edsperas de la celebraci\u00f3n de un nuevo fin de semana largo Cerro Castor abri\u00f3 el pasado s\u00e1bado 15 de junio, el acceso a la Pista de Patinaje, Alpino Sports Bar y el punto gastron\u00f3mico Morada del \u00c1guila, donde es posible disfrutar de delicias locales como el cordero fueguino.<\/p>\n\n\n\n<figure class=\"wp-block-image\"><img\/><\/figure>\n<div class='epvc-post-count'><span class='epvc-eye'><\/span>  <span class=\"epvc-count\"> 1.157<\/span><span class='epvc-label'> veces le\u00edda<\/span><\/div>\n<div class=\"jwsharethis\">\nShare this: \n<br \/>\n<a href=\"mailto:?subject=Cumplea%C3%B1os%2C%20apertura%20y%20novedades&amp;body=http%3A%2F%2Flabestiadeportiva.com%2Flbd%2Fcumpleanos-apertura-y-novedades%2F\">\n<img src=\"http:\/\/labestiadeportiva.com\/lbd\/wp-content\/plugins\/jw-share-this\/email.png\" alt=\"Share this page via Email\" \/>\n<\/a>\n<a target=\"_blank\" href=\"http:\/\/www.stumbleupon.com\/submit?url=http%3A%2F%2Flabestiadeportiva.com%2Flbd%2Fcumpleanos-apertura-y-novedades%2F&amp;title=Cumplea%C3%B1os%2C+apertura+y+novedades\">\n<img src=\"http:\/\/labestiadeportiva.com\/lbd\/wp-content\/plugins\/jw-share-this\/su.png\" alt=\"Share this page via Stumble Upon\" \/>\n<\/a>\n<a target=\"_blank\" href=\"http:\/\/digg.com\/submit?url=http%3A%2F%2Flabestiadeportiva.com%2Flbd%2Fcumpleanos-apertura-y-novedades%2F&amp;title=Cumplea%C3%B1os%2C+apertura+y+novedades\">\n<img src=\"http:\/\/labestiadeportiva.com\/lbd\/wp-content\/plugins\/jw-share-this\/digg.png\" alt=\"Share this page via Digg this\" \/>\n<\/a>\n<a target=\"_blank\" href=\"http:\/\/www.facebook.com\/sharer.php?u=http%3A%2F%2Flabestiadeportiva.com%2Flbd%2Fcumpleanos-apertura-y-novedades%2F&amp;t=Cumplea%C3%B1os%2C+apertura+y+novedades\">\n<img src=\"http:\/\/labestiadeportiva.com\/lbd\/wp-content\/plugins\/jw-share-this\/fb.png\" alt=\"Share this page via Facebook\" \/>\n<\/a>\n<a target=\"_blank\" href=\"http:\/\/twitter.com\/intent\/tweet?text=I+like+http%3A%2F%2Flabestiadeportiva.com%2Flbd%2Fcumpleanos-apertura-y-novedades%2F&amp;title=Cumplea%C3%B1os%2C+apertura+y+novedades\">\n<img src=\"http:\/\/labestiadeportiva.com\/lbd\/wp-content\/plugins\/jw-share-this\/twitter.png\" alt=\"Share this page via Twitter\" \/>\n<\/a>\n<\/div>\n","protected":false},"excerpt":{"rendered":"<p>El Centro de Esqui cumple 25 a\u00f1os y abre sus puertas el 28 de junio con novedades. En su aniversario, el centro de esqu\u00ed invita a los fan\u00e1ticos de la nieve a vivir otra temporada inolvidable en la que se inaugura una nueva extensi\u00f3n de su red de nieve artificial y la ampliaci\u00f3n y refacci\u00f3n &hellip; <a href=\"http:\/\/labestiadeportiva.com\/lbd\/cumpleanos-apertura-y-novedades\/\" class=\"more-link\">Seguir leyendo <span class=\"screen-reader-text\">Cumplea\u00f1os, apertura y novedades<\/span> <span class=\"meta-nav\">&rarr;<\/span><\/a><\/p>\n","protected":false},"author":1,"featured_media":0,"comment_status":"open","ping_status":"open","sticky":false,"template":"","format":"standard","meta":[],"categories":[5,4,6,41,3944,1,3345],"tags":[3924,5056,5342,83],"_links":{"self":[{"href":"http:\/\/labestiadeportiva.com\/lbd\/wp-json\/wp\/v2\/posts\/49543"}],"collection":[{"href":"http:\/\/labestiadeportiva.com\/lbd\/wp-json\/wp\/v2\/posts"}],"about":[{"href":"http:\/\/labestiadeportiva.com\/lbd\/wp-json\/wp\/v2\/types\/post"}],"author":[{"embeddable":true,"href":"http:\/\/labestiadeportiva.com\/lbd\/wp-json\/wp\/v2\/users\/1"}],"replies":[{"embeddable":true,"href":"http:\/\/labestiadeportiva.com\/lbd\/wp-json\/wp\/v2\/comments?post=49543"}],"version-history":[{"count":1,"href":"http:\/\/labestiadeportiva.com\/lbd\/wp-json\/wp\/v2\/posts\/49543\/revisions"}],"predecessor-version":[{"id":49545,"href":"http:\/\/labestiadeportiva.com\/lbd\/wp-json\/wp\/v2\/posts\/49543\/revisions\/49545"}],"wp:attachment":[{"href":"http:\/\/labestiadeportiva.com\/lbd\/wp-json\/wp\/v2\/media?parent=49543"}],"wp:term":[{"taxonomy":"category","embeddable":true,"href":"http:\/\/labestiadeportiva.com\/lbd\/wp-json\/wp\/v2\/categories?post=49543"},{"taxonomy":"post_tag","embeddable":true,"href":"http:\/\/labestiadeportiva.com\/lbd\/wp-json\/wp\/v2\/tags?post=49543"}],"curies":[{"name":"wp","href":"https:\/\/api.w.org\/{rel}","templated":true}]}}