{"id":49561,"date":"2024-06-20T01:07:35","date_gmt":"2024-06-20T04:07:35","guid":{"rendered":"http:\/\/labestiadeportiva.com\/lbd\/?p=49561"},"modified":"2024-06-20T01:07:37","modified_gmt":"2024-06-20T04:07:37","slug":"agustin-al-varese-audio","status":"publish","type":"post","link":"http:\/\/labestiadeportiva.com\/lbd\/agustin-al-varese-audio\/","title":{"rendered":"Agust\u00edn al Varese (Audio)"},"content":{"rendered":"\n<figure class=\"wp-block-image size-large\"><a href=\"http:\/\/labestiadeportiva.com\/lbd\/wp-content\/uploads\/2024\/06\/1000291273.jpg\"><img loading=\"lazy\" width=\"1024\" height=\"762\" src=\"http:\/\/labestiadeportiva.com\/lbd\/wp-content\/uploads\/2024\/06\/1000291273-1024x762.jpg\" alt=\"\" class=\"wp-image-49562\" srcset=\"http:\/\/labestiadeportiva.com\/lbd\/wp-content\/uploads\/2024\/06\/1000291273-1024x762.jpg 1024w, http:\/\/labestiadeportiva.com\/lbd\/wp-content\/uploads\/2024\/06\/1000291273-300x223.jpg 300w, http:\/\/labestiadeportiva.com\/lbd\/wp-content\/uploads\/2024\/06\/1000291273-768x572.jpg 768w, http:\/\/labestiadeportiva.com\/lbd\/wp-content\/uploads\/2024\/06\/1000291273-640x476.jpg 640w, http:\/\/labestiadeportiva.com\/lbd\/wp-content\/uploads\/2024\/06\/1000291273.jpg 1080w\" sizes=\"(max-width: 1024px) 100vw, 1024px\" \/><\/a><\/figure>\n\n\n\n<figure class=\"wp-block-image size-full is-resized\"><a href=\"http:\/\/labestiadeportiva.com\/lbd\/wp-content\/uploads\/2022\/11\/CARA_PEREZ-2.jpg\"><img loading=\"lazy\" src=\"http:\/\/labestiadeportiva.com\/lbd\/wp-content\/uploads\/2022\/11\/CARA_PEREZ-2.jpg\" alt=\"\" class=\"wp-image-43576\" width=\"349\" height=\"71\" srcset=\"http:\/\/labestiadeportiva.com\/lbd\/wp-content\/uploads\/2022\/11\/CARA_PEREZ-2.jpg 600w, http:\/\/labestiadeportiva.com\/lbd\/wp-content\/uploads\/2022\/11\/CARA_PEREZ-2-300x62.jpg 300w\" sizes=\"(max-width: 349px) 100vw, 349px\" \/><\/a><\/figure>\n\n\n\n<p>El experimentado pivot r\u00edograndense, Agust\u00edn Cafure, continuar\u00e1 su carrera en el Varese C5 del futsal profesional italiano donde firm\u00f3 por dos temporadas.<\/p>\n\n\n\n<p>En la actualidad el jugador se encuentra descansando en la capital de la provincia de Buenos Aires. Desde all\u00ed nos envi\u00f3 en audio d\u00e1ndonos algunos detalles.<\/p>\n\n\n\n<!--more-->\n\n\n\n<figure class=\"wp-block-embed is-type-video is-provider-youtube wp-block-embed-youtube wp-embed-aspect-4-3 wp-has-aspect-ratio\"><div class=\"wp-block-embed__wrapper\">\n<iframe loading=\"lazy\" title=\"Audio Agust\u00edn Cafure\" width=\"474\" height=\"356\" src=\"https:\/\/www.youtube.com\/embed\/1U1TFhWm0SU?feature=oembed\" frameborder=\"0\" allow=\"accelerometer; autoplay; clipboard-write; encrypted-media; gyroscope; picture-in-picture; web-share\" referrerpolicy=\"strict-origin-when-cross-origin\" allowfullscreen><\/iframe>\n<\/div><\/figure>\n<div class='epvc-post-count'><span class='epvc-eye'><\/span>  <span class=\"epvc-count\"> 1.288<\/span><span class='epvc-label'> veces le\u00edda<\/span><\/div>\n<div class=\"jwsharethis\">\nShare this: \n<br \/>\n<a href=\"mailto:?subject=Agust%C3%ADn%20al%20Varese%20%28Audio%29&amp;body=http%3A%2F%2Flabestiadeportiva.com%2Flbd%2Fagustin-al-varese-audio%2F\">\n<img src=\"http:\/\/labestiadeportiva.com\/lbd\/wp-content\/plugins\/jw-share-this\/email.png\" alt=\"Share this page via Email\" \/>\n<\/a>\n<a target=\"_blank\" href=\"http:\/\/www.stumbleupon.com\/submit?url=http%3A%2F%2Flabestiadeportiva.com%2Flbd%2Fagustin-al-varese-audio%2F&amp;title=Agust%C3%ADn+al+Varese+%28Audio%29\">\n<img src=\"http:\/\/labestiadeportiva.com\/lbd\/wp-content\/plugins\/jw-share-this\/su.png\" alt=\"Share this page via Stumble Upon\" \/>\n<\/a>\n<a target=\"_blank\" href=\"http:\/\/digg.com\/submit?url=http%3A%2F%2Flabestiadeportiva.com%2Flbd%2Fagustin-al-varese-audio%2F&amp;title=Agust%C3%ADn+al+Varese+%28Audio%29\">\n<img src=\"http:\/\/labestiadeportiva.com\/lbd\/wp-content\/plugins\/jw-share-this\/digg.png\" alt=\"Share this page via Digg this\" \/>\n<\/a>\n<a target=\"_blank\" href=\"http:\/\/www.facebook.com\/sharer.php?u=http%3A%2F%2Flabestiadeportiva.com%2Flbd%2Fagustin-al-varese-audio%2F&amp;t=Agust%C3%ADn+al+Varese+%28Audio%29\">\n<img src=\"http:\/\/labestiadeportiva.com\/lbd\/wp-content\/plugins\/jw-share-this\/fb.png\" alt=\"Share this page via Facebook\" \/>\n<\/a>\n<a target=\"_blank\" href=\"http:\/\/twitter.com\/intent\/tweet?text=I+like+http%3A%2F%2Flabestiadeportiva.com%2Flbd%2Fagustin-al-varese-audio%2F&amp;title=Agust%C3%ADn+al+Varese+%28Audio%29\">\n<img src=\"http:\/\/labestiadeportiva.com\/lbd\/wp-content\/plugins\/jw-share-this\/twitter.png\" alt=\"Share this page via Twitter\" \/>\n<\/a>\n<\/div>\n","protected":false},"excerpt":{"rendered":"<p>El experimentado pivot r\u00edograndense, Agust\u00edn Cafure, continuar\u00e1 su carrera en el Varese C5 del futsal profesional italiano donde firm\u00f3 por dos temporadas. En la actualidad el jugador se encuentra descansando en la capital de la provincia de Buenos Aires. Desde all\u00ed nos envi\u00f3 en audio d\u00e1ndonos algunos detalles. 1.288 veces le\u00edda Share this:<\/p>\n","protected":false},"author":1,"featured_media":0,"comment_status":"open","ping_status":"open","sticky":false,"template":"","format":"standard","meta":[],"categories":[5,4,6,60,3177,4861,1],"tags":[4665,1953,83,5343],"_links":{"self":[{"href":"http:\/\/labestiadeportiva.com\/lbd\/wp-json\/wp\/v2\/posts\/49561"}],"collection":[{"href":"http:\/\/labestiadeportiva.com\/lbd\/wp-json\/wp\/v2\/posts"}],"about":[{"href":"http:\/\/labestiadeportiva.com\/lbd\/wp-json\/wp\/v2\/types\/post"}],"author":[{"embeddable":true,"href":"http:\/\/labestiadeportiva.com\/lbd\/wp-json\/wp\/v2\/users\/1"}],"replies":[{"embeddable":true,"href":"http:\/\/labestiadeportiva.com\/lbd\/wp-json\/wp\/v2\/comments?post=49561"}],"version-history":[{"count":1,"href":"http:\/\/labestiadeportiva.com\/lbd\/wp-json\/wp\/v2\/posts\/49561\/revisions"}],"predecessor-version":[{"id":49563,"href":"http:\/\/labestiadeportiva.com\/lbd\/wp-json\/wp\/v2\/posts\/49561\/revisions\/49563"}],"wp:attachment":[{"href":"http:\/\/labestiadeportiva.com\/lbd\/wp-json\/wp\/v2\/media?parent=49561"}],"wp:term":[{"taxonomy":"category","embeddable":true,"href":"http:\/\/labestiadeportiva.com\/lbd\/wp-json\/wp\/v2\/categories?post=49561"},{"taxonomy":"post_tag","embeddable":true,"href":"http:\/\/labestiadeportiva.com\/lbd\/wp-json\/wp\/v2\/tags?post=49561"}],"curies":[{"name":"wp","href":"https:\/\/api.w.org\/{rel}","templated":true}]}}