{"id":49586,"date":"2024-06-21T21:44:46","date_gmt":"2024-06-22T00:44:46","guid":{"rendered":"http:\/\/labestiadeportiva.com\/lbd\/?p=49586"},"modified":"2024-06-21T21:44:50","modified_gmt":"2024-06-22T00:44:50","slug":"fueguinos-en-san-luis","status":"publish","type":"post","link":"http:\/\/labestiadeportiva.com\/lbd\/fueguinos-en-san-luis\/","title":{"rendered":"Fueguinos en San Luis"},"content":{"rendered":"\n<figure class=\"wp-block-image size-large\"><a href=\"http:\/\/labestiadeportiva.com\/lbd\/wp-content\/uploads\/2024\/06\/1000295256.jpg\"><img loading=\"lazy\" width=\"1024\" height=\"768\" src=\"http:\/\/labestiadeportiva.com\/lbd\/wp-content\/uploads\/2024\/06\/1000295256-1024x768.jpg\" alt=\"\" class=\"wp-image-49595\" srcset=\"http:\/\/labestiadeportiva.com\/lbd\/wp-content\/uploads\/2024\/06\/1000295256-1024x768.jpg 1024w, http:\/\/labestiadeportiva.com\/lbd\/wp-content\/uploads\/2024\/06\/1000295256-300x225.jpg 300w, http:\/\/labestiadeportiva.com\/lbd\/wp-content\/uploads\/2024\/06\/1000295256-768x576.jpg 768w, http:\/\/labestiadeportiva.com\/lbd\/wp-content\/uploads\/2024\/06\/1000295256-1536x1152.jpg 1536w, http:\/\/labestiadeportiva.com\/lbd\/wp-content\/uploads\/2024\/06\/1000295256-640x480.jpg 640w, http:\/\/labestiadeportiva.com\/lbd\/wp-content\/uploads\/2024\/06\/1000295256.jpg 1600w\" sizes=\"(max-width: 1024px) 100vw, 1024px\" \/><\/a><\/figure>\n\n\n\n<figure class=\"wp-block-image size-full is-resized\"><a href=\"http:\/\/labestiadeportiva.com\/lbd\/wp-content\/uploads\/2022\/11\/CARA_PEREZ-2.jpg\"><img loading=\"lazy\" src=\"http:\/\/labestiadeportiva.com\/lbd\/wp-content\/uploads\/2022\/11\/CARA_PEREZ-2.jpg\" alt=\"\" class=\"wp-image-43576\" width=\"356\" height=\"73\" srcset=\"http:\/\/labestiadeportiva.com\/lbd\/wp-content\/uploads\/2022\/11\/CARA_PEREZ-2.jpg 600w, http:\/\/labestiadeportiva.com\/lbd\/wp-content\/uploads\/2022\/11\/CARA_PEREZ-2-300x62.jpg 300w\" sizes=\"(max-width: 356px) 100vw, 356px\" \/><\/a><\/figure>\n\n\n\n<p>En tan solo algunas horas la provincia puntana ser\u00e1 sede del Nacional U18 de atletismo. Nuevamente Tierra del Fuego tendr\u00e1 presencia, est\u00e1 vez con dos atletas, Santiago Aramayo y Nicol\u00e1s Ravassa.<\/p>\n\n\n\n<!--more-->\n\n\n\n<p>En esta oportunidad nuestros dos deportistas est\u00e1n acompa\u00f1ados por la profesora Juliana \u00abJuly\u00bb Mateu. <\/p>\n\n\n\n<p>El r\u00edograndense Santiago Aramayo se presentar\u00e1 en los 1.500 y 3.000 metros mientras que el capitalino \u00abNico\u00bb Ravassa lo har\u00e1 lanzando la jabalina, bala y disco.<\/p>\n\n\n\n<p><\/p>\n<div class='epvc-post-count'><span class='epvc-eye'><\/span>  <span class=\"epvc-count\"> 1.198<\/span><span class='epvc-label'> veces le\u00edda<\/span><\/div>\n<div class=\"jwsharethis\">\nShare this: \n<br \/>\n<a href=\"mailto:?subject=Fueguinos%20en%20San%20Luis&amp;body=http%3A%2F%2Flabestiadeportiva.com%2Flbd%2Ffueguinos-en-san-luis%2F\">\n<img src=\"http:\/\/labestiadeportiva.com\/lbd\/wp-content\/plugins\/jw-share-this\/email.png\" alt=\"Share this page via Email\" \/>\n<\/a>\n<a target=\"_blank\" href=\"http:\/\/www.stumbleupon.com\/submit?url=http%3A%2F%2Flabestiadeportiva.com%2Flbd%2Ffueguinos-en-san-luis%2F&amp;title=Fueguinos+en+San+Luis\">\n<img src=\"http:\/\/labestiadeportiva.com\/lbd\/wp-content\/plugins\/jw-share-this\/su.png\" alt=\"Share this page via Stumble Upon\" \/>\n<\/a>\n<a target=\"_blank\" href=\"http:\/\/digg.com\/submit?url=http%3A%2F%2Flabestiadeportiva.com%2Flbd%2Ffueguinos-en-san-luis%2F&amp;title=Fueguinos+en+San+Luis\">\n<img src=\"http:\/\/labestiadeportiva.com\/lbd\/wp-content\/plugins\/jw-share-this\/digg.png\" alt=\"Share this page via Digg this\" \/>\n<\/a>\n<a target=\"_blank\" href=\"http:\/\/www.facebook.com\/sharer.php?u=http%3A%2F%2Flabestiadeportiva.com%2Flbd%2Ffueguinos-en-san-luis%2F&amp;t=Fueguinos+en+San+Luis\">\n<img src=\"http:\/\/labestiadeportiva.com\/lbd\/wp-content\/plugins\/jw-share-this\/fb.png\" alt=\"Share this page via Facebook\" \/>\n<\/a>\n<a target=\"_blank\" href=\"http:\/\/twitter.com\/intent\/tweet?text=I+like+http%3A%2F%2Flabestiadeportiva.com%2Flbd%2Ffueguinos-en-san-luis%2F&amp;title=Fueguinos+en+San+Luis\">\n<img src=\"http:\/\/labestiadeportiva.com\/lbd\/wp-content\/plugins\/jw-share-this\/twitter.png\" alt=\"Share this page via Twitter\" \/>\n<\/a>\n<\/div>\n","protected":false},"excerpt":{"rendered":"<p>En tan solo algunas horas la provincia puntana ser\u00e1 sede del Nacional U18 de atletismo. Nuevamente Tierra del Fuego tendr\u00e1 presencia, est\u00e1 vez con dos atletas, Santiago Aramayo y Nicol\u00e1s Ravassa. 1.198 veces le\u00edda Share this:<\/p>\n","protected":false},"author":1,"featured_media":0,"comment_status":"open","ping_status":"open","sticky":false,"template":"","format":"standard","meta":[],"categories":[22,5,6,1],"tags":[4831,5344,83,1369],"_links":{"self":[{"href":"http:\/\/labestiadeportiva.com\/lbd\/wp-json\/wp\/v2\/posts\/49586"}],"collection":[{"href":"http:\/\/labestiadeportiva.com\/lbd\/wp-json\/wp\/v2\/posts"}],"about":[{"href":"http:\/\/labestiadeportiva.com\/lbd\/wp-json\/wp\/v2\/types\/post"}],"author":[{"embeddable":true,"href":"http:\/\/labestiadeportiva.com\/lbd\/wp-json\/wp\/v2\/users\/1"}],"replies":[{"embeddable":true,"href":"http:\/\/labestiadeportiva.com\/lbd\/wp-json\/wp\/v2\/comments?post=49586"}],"version-history":[{"count":1,"href":"http:\/\/labestiadeportiva.com\/lbd\/wp-json\/wp\/v2\/posts\/49586\/revisions"}],"predecessor-version":[{"id":49596,"href":"http:\/\/labestiadeportiva.com\/lbd\/wp-json\/wp\/v2\/posts\/49586\/revisions\/49596"}],"wp:attachment":[{"href":"http:\/\/labestiadeportiva.com\/lbd\/wp-json\/wp\/v2\/media?parent=49586"}],"wp:term":[{"taxonomy":"category","embeddable":true,"href":"http:\/\/labestiadeportiva.com\/lbd\/wp-json\/wp\/v2\/categories?post=49586"},{"taxonomy":"post_tag","embeddable":true,"href":"http:\/\/labestiadeportiva.com\/lbd\/wp-json\/wp\/v2\/tags?post=49586"}],"curies":[{"name":"wp","href":"https:\/\/api.w.org\/{rel}","templated":true}]}}