{"id":497,"date":"2012-09-16T20:41:27","date_gmt":"2012-09-16T20:41:27","guid":{"rendered":"http:\/\/labestiadeportiva.com\/lbd\/?p=497"},"modified":"2012-09-16T20:43:36","modified_gmt":"2012-09-16T20:43:36","slug":"ushuaia-campeon-argentino","status":"publish","type":"post","link":"http:\/\/labestiadeportiva.com\/lbd\/ushuaia-campeon-argentino\/","title":{"rendered":"\u00a1Ushuaia Campe\u00f3n Argentino!"},"content":{"rendered":"<p>Por Germ\u00e1n Fuentes (Futsal Federado para LBD)<\/p>\n<p><a href=\"http:\/\/labestiadeportiva.com\/lbd\/wp-content\/uploads\/2012\/09\/Ushuaia-camp.8-Mendoza-20121.jpg\"><img loading=\"lazy\" class=\"alignleft size-medium wp-image-501\" title=\"Ushuaia camp.8 Mendoza 2012\" src=\"http:\/\/labestiadeportiva.com\/lbd\/wp-content\/uploads\/2012\/09\/Ushuaia-camp.8-Mendoza-20121-300x114.jpg\" alt=\"\" width=\"300\" height=\"114\" srcset=\"http:\/\/labestiadeportiva.com\/lbd\/wp-content\/uploads\/2012\/09\/Ushuaia-camp.8-Mendoza-20121-300x114.jpg 300w, http:\/\/labestiadeportiva.com\/lbd\/wp-content\/uploads\/2012\/09\/Ushuaia-camp.8-Mendoza-20121.jpg 841w\" sizes=\"(max-width: 300px) 100vw, 300px\" \/><\/a>El seleccionado dirigido por Mart\u00edn Bonvehi logr\u00f3 hacer historia ganando por primera vez el Campeonato Argentino de Selecciones \u201cB\u201d, tras un triunfo muy justo ante el local Las Heras de Mendoza por 2 a 1 consiguiendo el ascenso. Las fotos son gentileza de Futsal Ushuaiense.<!--morePara leer Click Aqu\u00ed--><\/p>\n<p>En el Estadio Andes Talleres, con mucha solidez defensiva, contundencia en ataque y sobre todo convicci\u00f3n de campe\u00f3n, los chicos fueguinos consiguieron hacerse un hueco en la historia para decir presente cuando pasen los a\u00f1os y la gente ushuaiense pregunte por los que levantaron la copa nacional por primera vez.<\/p>\n<p>Las Heras era uno de los favoritos al comenzar el certamen, al menos en los papeles, pero los sure\u00f1os combatieron tambi\u00e9n contra esos prejuicios para cantar el tan esperado \u201cdale campe\u00f3n\u201d.<\/p>\n<p>El choque final fue parejo. Comenz\u00f3 con un tanto del zurdo Richard Remolcoy empuj\u00e1ndola por el segundo palo al minuto de juego, despu\u00e9s de una buena jugada previa del capit\u00e1n Marcelo \u201cChelo\u201d S\u00e1nchez.<\/p>\n<p>Los mendocinos buscaban la igualdad pero no ten\u00edan la efectividad necesaria ante el muy buen arquero Mauricio Ch\u00e1vez, que despejaba el peligro.<br \/>\nPasados 9 minutos de asedio de los mendocinos lleg\u00f3 el gol de Ariel Hern\u00e1ndez con un latigazo desde lejos para el empate que ya era merecido.<\/p>\n<p>Con el encuentro en tablas se iba la primera parte y Ushuaia so\u00f1aba con el ansiado triunfo pero todav\u00eda faltaba mucho.<\/p>\n<p>Despu\u00e9s de la charla t\u00e9cnica del entretiempo arrancaba la segunda etapa que era m\u00e1s para los de Bonvehi y en la cual generaron muchas chances pero no pod\u00edan hacer valer esto en el marcador ya que Lucas Zulueta, arquero de Las Heras, sacaba todo lo que le tiraban.<\/p>\n<p>All\u00ed los fueguinos no se desesperaron y con paciencia y constancia llegaron al tanto de la victoria. A los 9 minutos del cierre del juego apareci\u00f3 Marcelo \u201cChelo\u201d S\u00e1nchez con un bombazo que se clavo abajo y dej\u00f3 impotente la volada del arquero rival. 2 a 1 marcaba el tablero y restaba tiempo pero Ushuaia se sent\u00eda seguro y acariciaba la copa.<\/p>\n<p>Las llegadas del local no se hicieron esperar pero no lograron hacer da\u00f1o y cambiar la historia. De hecho, la diferencia de gol en el marcador pudo haber sido m\u00e1s amplia para los del sur del pa\u00eds pero no se consigui\u00f3 vulnerar al 1 de Las Heras, quien ya se vest\u00eda de figura de su equipo.<\/p>\n<p>Finalmente, lleg\u00f3 lo m\u00e1s esperado, termin\u00f3 el encuentro y Ushuaia a festejar. Llantos, l\u00e1grimas, sonrisas, ojos encendidos y miradas que expresaban la alegr\u00eda extrema de ser campe\u00f3n y hacer historia.<\/p>\n<p>Recordemos que los integrantes de este equipo son: <span style=\"color: #ff0000;\">Mauricio Ch\u00e1vez, Marcelo S\u00e1nchez, Dar\u00edo Marcovecchio, Richard Remolcoy\u00a0 y, el goleador del torneo, Mauricio Mart\u00ednez (los cinco iniciales), Mat\u00edas Villalba, Leonel Romero, Agust\u00edn Oliva, Gustavo Castillo, Ezequiel Hidalgo, Ram\u00f3n Quevedo, Ram\u00f3n Alderete y Alejandro Escobar.<\/span><\/p>\n<p>Ahora a festejar y a esperar por la m\u00e1xima divisi\u00f3n que espera a este seleccionado con los brazos abiertos.<\/p>\n<p><a href=\"http:\/\/labestiadeportiva.com\/lbd\/wp-content\/uploads\/2012\/09\/Ushuaia-camp.7-Mendoza-2012.jpg\"><img loading=\"lazy\" class=\"aligncenter size-medium wp-image-499\" title=\"Ushuaia camp.7 Mendoza 2012\" src=\"http:\/\/labestiadeportiva.com\/lbd\/wp-content\/uploads\/2012\/09\/Ushuaia-camp.7-Mendoza-2012-300x164.jpg\" alt=\"\" width=\"300\" height=\"164\" srcset=\"http:\/\/labestiadeportiva.com\/lbd\/wp-content\/uploads\/2012\/09\/Ushuaia-camp.7-Mendoza-2012-300x164.jpg 300w, http:\/\/labestiadeportiva.com\/lbd\/wp-content\/uploads\/2012\/09\/Ushuaia-camp.7-Mendoza-2012.jpg 1024w\" sizes=\"(max-width: 300px) 100vw, 300px\" \/><\/a><\/p>\n<div class='epvc-post-count'><span class='epvc-eye'><\/span>  <span class=\"epvc-count\"> 1.215<\/span><span class='epvc-label'> veces le\u00edda<\/span><\/div>\n<div class=\"jwsharethis\">\nShare this: \n<br \/>\n<a href=\"mailto:?subject=%C2%A1Ushuaia%20Campe%C3%B3n%20Argentino%21&amp;body=http%3A%2F%2Flabestiadeportiva.com%2Flbd%2Fushuaia-campeon-argentino%2F\">\n<img src=\"http:\/\/labestiadeportiva.com\/lbd\/wp-content\/plugins\/jw-share-this\/email.png\" alt=\"Share this page via Email\" \/>\n<\/a>\n<a target=\"_blank\" href=\"http:\/\/www.stumbleupon.com\/submit?url=http%3A%2F%2Flabestiadeportiva.com%2Flbd%2Fushuaia-campeon-argentino%2F&amp;title=%C2%A1Ushuaia+Campe%C3%B3n+Argentino%21\">\n<img src=\"http:\/\/labestiadeportiva.com\/lbd\/wp-content\/plugins\/jw-share-this\/su.png\" alt=\"Share this page via Stumble Upon\" \/>\n<\/a>\n<a target=\"_blank\" href=\"http:\/\/digg.com\/submit?url=http%3A%2F%2Flabestiadeportiva.com%2Flbd%2Fushuaia-campeon-argentino%2F&amp;title=%C2%A1Ushuaia+Campe%C3%B3n+Argentino%21\">\n<img src=\"http:\/\/labestiadeportiva.com\/lbd\/wp-content\/plugins\/jw-share-this\/digg.png\" alt=\"Share this page via Digg this\" \/>\n<\/a>\n<a target=\"_blank\" href=\"http:\/\/www.facebook.com\/sharer.php?u=http%3A%2F%2Flabestiadeportiva.com%2Flbd%2Fushuaia-campeon-argentino%2F&amp;t=%C2%A1Ushuaia+Campe%C3%B3n+Argentino%21\">\n<img src=\"http:\/\/labestiadeportiva.com\/lbd\/wp-content\/plugins\/jw-share-this\/fb.png\" alt=\"Share this page via Facebook\" \/>\n<\/a>\n<a target=\"_blank\" href=\"http:\/\/twitter.com\/intent\/tweet?text=I+like+http%3A%2F%2Flabestiadeportiva.com%2Flbd%2Fushuaia-campeon-argentino%2F&amp;title=%C2%A1Ushuaia+Campe%C3%B3n+Argentino%21\">\n<img src=\"http:\/\/labestiadeportiva.com\/lbd\/wp-content\/plugins\/jw-share-this\/twitter.png\" alt=\"Share this page via Twitter\" \/>\n<\/a>\n<\/div>\n","protected":false},"excerpt":{"rendered":"<p>Por Germ\u00e1n Fuentes (Futsal Federado para LBD) El seleccionado dirigido por Mart\u00edn Bonvehi logr\u00f3 hacer historia ganando por primera vez el Campeonato Argentino de Selecciones \u201cB\u201d, tras un triunfo muy justo ante el local Las Heras de Mendoza por 2 a 1 consiguiendo el ascenso. Las fotos son gentileza de Futsal Ushuaiense. 1.215 veces le\u00edda &hellip; <a href=\"http:\/\/labestiadeportiva.com\/lbd\/ushuaia-campeon-argentino\/\" class=\"more-link\">Seguir leyendo <span class=\"screen-reader-text\">\u00a1Ushuaia Campe\u00f3n Argentino!<\/span> <span class=\"meta-nav\">&rarr;<\/span><\/a><\/p>\n","protected":false},"author":1,"featured_media":501,"comment_status":"open","ping_status":"open","sticky":false,"template":"","format":"standard","meta":[],"categories":[5,6,31,1],"tags":[98],"_links":{"self":[{"href":"http:\/\/labestiadeportiva.com\/lbd\/wp-json\/wp\/v2\/posts\/497"}],"collection":[{"href":"http:\/\/labestiadeportiva.com\/lbd\/wp-json\/wp\/v2\/posts"}],"about":[{"href":"http:\/\/labestiadeportiva.com\/lbd\/wp-json\/wp\/v2\/types\/post"}],"author":[{"embeddable":true,"href":"http:\/\/labestiadeportiva.com\/lbd\/wp-json\/wp\/v2\/users\/1"}],"replies":[{"embeddable":true,"href":"http:\/\/labestiadeportiva.com\/lbd\/wp-json\/wp\/v2\/comments?post=497"}],"version-history":[{"count":2,"href":"http:\/\/labestiadeportiva.com\/lbd\/wp-json\/wp\/v2\/posts\/497\/revisions"}],"predecessor-version":[{"id":502,"href":"http:\/\/labestiadeportiva.com\/lbd\/wp-json\/wp\/v2\/posts\/497\/revisions\/502"}],"wp:featuredmedia":[{"embeddable":true,"href":"http:\/\/labestiadeportiva.com\/lbd\/wp-json\/wp\/v2\/media\/501"}],"wp:attachment":[{"href":"http:\/\/labestiadeportiva.com\/lbd\/wp-json\/wp\/v2\/media?parent=497"}],"wp:term":[{"taxonomy":"category","embeddable":true,"href":"http:\/\/labestiadeportiva.com\/lbd\/wp-json\/wp\/v2\/categories?post=497"},{"taxonomy":"post_tag","embeddable":true,"href":"http:\/\/labestiadeportiva.com\/lbd\/wp-json\/wp\/v2\/tags?post=497"}],"curies":[{"name":"wp","href":"https:\/\/api.w.org\/{rel}","templated":true}]}}