{"id":50105,"date":"2024-08-09T10:49:19","date_gmt":"2024-08-09T13:49:19","guid":{"rendered":"http:\/\/labestiadeportiva.com\/lbd\/?p=50105"},"modified":"2024-08-09T12:24:08","modified_gmt":"2024-08-09T15:24:08","slug":"mercantil-y-escuela-rumbo-a-gallegos","status":"publish","type":"post","link":"http:\/\/labestiadeportiva.com\/lbd\/mercantil-y-escuela-rumbo-a-gallegos\/","title":{"rendered":"Mercantil y Escuela rumbo a Gallegos"},"content":{"rendered":"\n<figure class=\"wp-block-image size-large is-resized\"><a href=\"http:\/\/labestiadeportiva.com\/lbd\/wp-content\/uploads\/2024\/08\/1000364895.jpg\"><img loading=\"lazy\" src=\"http:\/\/labestiadeportiva.com\/lbd\/wp-content\/uploads\/2024\/08\/1000364895-1024x1024.jpg\" alt=\"\" class=\"wp-image-50106\" width=\"417\" height=\"417\" srcset=\"http:\/\/labestiadeportiva.com\/lbd\/wp-content\/uploads\/2024\/08\/1000364895-1024x1024.jpg 1024w, http:\/\/labestiadeportiva.com\/lbd\/wp-content\/uploads\/2024\/08\/1000364895-300x300.jpg 300w, http:\/\/labestiadeportiva.com\/lbd\/wp-content\/uploads\/2024\/08\/1000364895-150x150.jpg 150w, http:\/\/labestiadeportiva.com\/lbd\/wp-content\/uploads\/2024\/08\/1000364895-768x768.jpg 768w, http:\/\/labestiadeportiva.com\/lbd\/wp-content\/uploads\/2024\/08\/1000364895-640x640.jpg 640w, http:\/\/labestiadeportiva.com\/lbd\/wp-content\/uploads\/2024\/08\/1000364895.jpg 1080w\" sizes=\"(max-width: 417px) 100vw, 417px\" \/><\/a><\/figure>\n\n\n\n<figure class=\"wp-block-image size-full is-resized\"><a href=\"http:\/\/labestiadeportiva.com\/lbd\/wp-content\/uploads\/2022\/11\/CARA_PEREZ-2.jpg\"><img loading=\"lazy\" src=\"http:\/\/labestiadeportiva.com\/lbd\/wp-content\/uploads\/2022\/11\/CARA_PEREZ-2.jpg\" alt=\"\" class=\"wp-image-43576\" width=\"381\" height=\"78\" srcset=\"http:\/\/labestiadeportiva.com\/lbd\/wp-content\/uploads\/2022\/11\/CARA_PEREZ-2.jpg 600w, http:\/\/labestiadeportiva.com\/lbd\/wp-content\/uploads\/2022\/11\/CARA_PEREZ-2-300x62.jpg 300w\" sizes=\"(max-width: 381px) 100vw, 381px\" \/><\/a><\/figure>\n\n\n\n<p>Los planteles saloneros de Mercantil y Escuela Municipal jugar\u00e1n este s\u00e1bado en la capital santacruce\u00f1a en el marco de la instancia Regional de la Copa Argentina de Futsal AFA. Desde LBD, los detalles.<\/p>\n\n\n\n<figure class=\"wp-block-image size-large\"><a href=\"http:\/\/labestiadeportiva.com\/lbd\/wp-content\/uploads\/2024\/08\/1000364897.jpg\"><img loading=\"lazy\" width=\"1024\" height=\"1024\" src=\"http:\/\/labestiadeportiva.com\/lbd\/wp-content\/uploads\/2024\/08\/1000364897-1024x1024.jpg\" alt=\"\" class=\"wp-image-50107\" srcset=\"http:\/\/labestiadeportiva.com\/lbd\/wp-content\/uploads\/2024\/08\/1000364897-1024x1024.jpg 1024w, http:\/\/labestiadeportiva.com\/lbd\/wp-content\/uploads\/2024\/08\/1000364897-300x300.jpg 300w, http:\/\/labestiadeportiva.com\/lbd\/wp-content\/uploads\/2024\/08\/1000364897-150x150.jpg 150w, http:\/\/labestiadeportiva.com\/lbd\/wp-content\/uploads\/2024\/08\/1000364897-768x768.jpg 768w, http:\/\/labestiadeportiva.com\/lbd\/wp-content\/uploads\/2024\/08\/1000364897-640x640.jpg 640w, http:\/\/labestiadeportiva.com\/lbd\/wp-content\/uploads\/2024\/08\/1000364897.jpg 1079w\" sizes=\"(max-width: 1024px) 100vw, 1024px\" \/><\/a><\/figure>\n\n\n\n<!--more-->\n\n\n\n<p>Momento de seguir demostrando el nivel adquirido para los planteles de Martin Bonvehi y Lucas Ceballos, est\u00e1 vez en el continente. <\/p>\n\n\n\n<p>En cuanto a la log\u00edstica del viaje al nuevo compromiso eliminatorio ser\u00e1 diferente seg\u00fan el equipo.<\/p>\n\n\n\n<p>Los mercantiles lo har\u00e1n v\u00eda a\u00e9rea permitiendo llegar m\u00e1s descansados y con tiempo de ensayar antes del partido.<\/p>\n\n\n\n<p>Por el lado del \u00abPoli\u00bb las chicas viajar\u00e1n en autos particulares partiendo de Ushuaia el viernes por la ma\u00f1ana. <\/p>\n\n\n\n<p>El escenario donde se disputar\u00e1n los dos choque ser\u00e1 el gimnasio Juan Bautista Rocha. El primer turno de las 20 horas ser\u00e1 para el femenino donde Escuela Municipal se medir\u00e1 ante las locales de Estudiantes.<\/p>\n\n\n\n<p>En el horario central de 21.45 el masculino tendr\u00e1 el choque estelar entre Escorpi\u00f3n recibiendo a Mercantil.<\/p>\n\n\n\n<p>Promesa de gran espect\u00e1culo por el nivel de los equipos y la presi\u00f3n que genera una instancia eliminatoria.<\/p>\n\n\n\n<p>El premio? representar a la regi\u00f3n en el Nacional de la Copa Argentina que no es poca cosa. <\/p>\n<div class='epvc-post-count'><span class='epvc-eye'><\/span>  <span class=\"epvc-count\"> 898<\/span><span class='epvc-label'> veces le\u00edda<\/span><\/div>\n<div class=\"jwsharethis\">\nShare this: \n<br \/>\n<a href=\"mailto:?subject=Mercantil%20y%20Escuela%20rumbo%20a%20Gallegos&amp;body=http%3A%2F%2Flabestiadeportiva.com%2Flbd%2Fmercantil-y-escuela-rumbo-a-gallegos%2F\">\n<img src=\"http:\/\/labestiadeportiva.com\/lbd\/wp-content\/plugins\/jw-share-this\/email.png\" alt=\"Share this page via Email\" \/>\n<\/a>\n<a target=\"_blank\" href=\"http:\/\/www.stumbleupon.com\/submit?url=http%3A%2F%2Flabestiadeportiva.com%2Flbd%2Fmercantil-y-escuela-rumbo-a-gallegos%2F&amp;title=Mercantil+y+Escuela+rumbo+a+Gallegos\">\n<img src=\"http:\/\/labestiadeportiva.com\/lbd\/wp-content\/plugins\/jw-share-this\/su.png\" alt=\"Share this page via Stumble Upon\" \/>\n<\/a>\n<a target=\"_blank\" href=\"http:\/\/digg.com\/submit?url=http%3A%2F%2Flabestiadeportiva.com%2Flbd%2Fmercantil-y-escuela-rumbo-a-gallegos%2F&amp;title=Mercantil+y+Escuela+rumbo+a+Gallegos\">\n<img src=\"http:\/\/labestiadeportiva.com\/lbd\/wp-content\/plugins\/jw-share-this\/digg.png\" alt=\"Share this page via Digg this\" \/>\n<\/a>\n<a target=\"_blank\" href=\"http:\/\/www.facebook.com\/sharer.php?u=http%3A%2F%2Flabestiadeportiva.com%2Flbd%2Fmercantil-y-escuela-rumbo-a-gallegos%2F&amp;t=Mercantil+y+Escuela+rumbo+a+Gallegos\">\n<img src=\"http:\/\/labestiadeportiva.com\/lbd\/wp-content\/plugins\/jw-share-this\/fb.png\" alt=\"Share this page via Facebook\" \/>\n<\/a>\n<a target=\"_blank\" href=\"http:\/\/twitter.com\/intent\/tweet?text=I+like+http%3A%2F%2Flabestiadeportiva.com%2Flbd%2Fmercantil-y-escuela-rumbo-a-gallegos%2F&amp;title=Mercantil+y+Escuela+rumbo+a+Gallegos\">\n<img src=\"http:\/\/labestiadeportiva.com\/lbd\/wp-content\/plugins\/jw-share-this\/twitter.png\" alt=\"Share this page via Twitter\" \/>\n<\/a>\n<\/div>\n","protected":false},"excerpt":{"rendered":"<p>Los planteles saloneros de Mercantil y Escuela Municipal jugar\u00e1n este s\u00e1bado en la capital santacruce\u00f1a en el marco de la instancia Regional de la Copa Argentina de Futsal AFA. Desde LBD, los detalles. 898 veces le\u00edda Share this:<\/p>\n","protected":false},"author":1,"featured_media":0,"comment_status":"open","ping_status":"open","sticky":false,"template":"","format":"standard","meta":[],"categories":[4486,5,6,2343,3084,1],"tags":[387,5381,30,83],"_links":{"self":[{"href":"http:\/\/labestiadeportiva.com\/lbd\/wp-json\/wp\/v2\/posts\/50105"}],"collection":[{"href":"http:\/\/labestiadeportiva.com\/lbd\/wp-json\/wp\/v2\/posts"}],"about":[{"href":"http:\/\/labestiadeportiva.com\/lbd\/wp-json\/wp\/v2\/types\/post"}],"author":[{"embeddable":true,"href":"http:\/\/labestiadeportiva.com\/lbd\/wp-json\/wp\/v2\/users\/1"}],"replies":[{"embeddable":true,"href":"http:\/\/labestiadeportiva.com\/lbd\/wp-json\/wp\/v2\/comments?post=50105"}],"version-history":[{"count":2,"href":"http:\/\/labestiadeportiva.com\/lbd\/wp-json\/wp\/v2\/posts\/50105\/revisions"}],"predecessor-version":[{"id":50109,"href":"http:\/\/labestiadeportiva.com\/lbd\/wp-json\/wp\/v2\/posts\/50105\/revisions\/50109"}],"wp:attachment":[{"href":"http:\/\/labestiadeportiva.com\/lbd\/wp-json\/wp\/v2\/media?parent=50105"}],"wp:term":[{"taxonomy":"category","embeddable":true,"href":"http:\/\/labestiadeportiva.com\/lbd\/wp-json\/wp\/v2\/categories?post=50105"},{"taxonomy":"post_tag","embeddable":true,"href":"http:\/\/labestiadeportiva.com\/lbd\/wp-json\/wp\/v2\/tags?post=50105"}],"curies":[{"name":"wp","href":"https:\/\/api.w.org\/{rel}","templated":true}]}}