{"id":50157,"date":"2024-08-14T16:38:58","date_gmt":"2024-08-14T19:38:58","guid":{"rendered":"http:\/\/labestiadeportiva.com\/lbd\/?p=50157"},"modified":"2024-08-14T16:39:00","modified_gmt":"2024-08-14T19:39:00","slug":"fiesta-en-el-valle-audio","status":"publish","type":"post","link":"http:\/\/labestiadeportiva.com\/lbd\/fiesta-en-el-valle-audio\/","title":{"rendered":"Fiesta en el Valle (Audio)"},"content":{"rendered":"\n<figure class=\"wp-block-image size-large\"><a href=\"http:\/\/labestiadeportiva.com\/lbd\/wp-content\/uploads\/2024\/08\/1000372899.png\"><img loading=\"lazy\" width=\"1024\" height=\"831\" src=\"http:\/\/labestiadeportiva.com\/lbd\/wp-content\/uploads\/2024\/08\/1000372899-1024x831.png\" alt=\"\" class=\"wp-image-50158\" srcset=\"http:\/\/labestiadeportiva.com\/lbd\/wp-content\/uploads\/2024\/08\/1000372899-1024x831.png 1024w, http:\/\/labestiadeportiva.com\/lbd\/wp-content\/uploads\/2024\/08\/1000372899-300x244.png 300w, http:\/\/labestiadeportiva.com\/lbd\/wp-content\/uploads\/2024\/08\/1000372899-768x623.png 768w, http:\/\/labestiadeportiva.com\/lbd\/wp-content\/uploads\/2024\/08\/1000372899-640x520.png 640w, http:\/\/labestiadeportiva.com\/lbd\/wp-content\/uploads\/2024\/08\/1000372899.png 1041w\" sizes=\"(max-width: 1024px) 100vw, 1024px\" \/><\/a><\/figure>\n\n\n\n<figure class=\"wp-block-image size-full\"><a href=\"http:\/\/labestiadeportiva.com\/lbd\/wp-content\/uploads\/2022\/11\/CARA_PEREZ-2.jpg\"><img loading=\"lazy\" width=\"600\" height=\"124\" src=\"http:\/\/labestiadeportiva.com\/lbd\/wp-content\/uploads\/2022\/11\/CARA_PEREZ-2.jpg\" alt=\"\" class=\"wp-image-43576\" srcset=\"http:\/\/labestiadeportiva.com\/lbd\/wp-content\/uploads\/2022\/11\/CARA_PEREZ-2.jpg 600w, http:\/\/labestiadeportiva.com\/lbd\/wp-content\/uploads\/2022\/11\/CARA_PEREZ-2-300x62.jpg 300w\" sizes=\"(max-width: 600px) 100vw, 600px\" \/><\/a><\/figure>\n\n\n\n<p>Contacto con el profesor Pablo Valcheff, referente local del esqui de fondo del CAU.  El CEO de Marchablanca y Ushuaia Loppet di\u00f3 detalles de lo que suceder\u00e1 el pr\u00f3ximo fin de semana.<\/p>\n\n\n\n<p>La jornada sabatina ser\u00e1 para la Mini Marchablanca donde se calcula alrededor de 150 participantes mientras que a la hora de los 21 y 42 k del domingo se prev\u00e9 un n\u00famero de 300 esquiadores.<\/p>\n\n\n\n<p>Compartimos la entrevista lograda este mi\u00e9rcoles en la 99.9 Radio Provincia.<\/p>\n\n\n\n<!--more-->\n\n\n\n<figure class=\"wp-block-embed is-type-video is-provider-youtube wp-block-embed-youtube wp-embed-aspect-4-3 wp-has-aspect-ratio\"><div class=\"wp-block-embed__wrapper\">\n<iframe loading=\"lazy\" title=\"Audio Pablo Valcheff\" width=\"474\" height=\"356\" src=\"https:\/\/www.youtube.com\/embed\/KU43bkSG68k?feature=oembed\" frameborder=\"0\" allow=\"accelerometer; autoplay; clipboard-write; encrypted-media; gyroscope; picture-in-picture; web-share\" referrerpolicy=\"strict-origin-when-cross-origin\" allowfullscreen><\/iframe>\n<\/div><\/figure>\n<div class='epvc-post-count'><span class='epvc-eye'><\/span>  <span class=\"epvc-count\"> 868<\/span><span class='epvc-label'> veces le\u00edda<\/span><\/div>\n<div class=\"jwsharethis\">\nShare this: \n<br \/>\n<a href=\"mailto:?subject=Fiesta%20en%20el%20Valle%20%28Audio%29&amp;body=http%3A%2F%2Flabestiadeportiva.com%2Flbd%2Ffiesta-en-el-valle-audio%2F\">\n<img src=\"http:\/\/labestiadeportiva.com\/lbd\/wp-content\/plugins\/jw-share-this\/email.png\" alt=\"Share this page via Email\" \/>\n<\/a>\n<a target=\"_blank\" href=\"http:\/\/www.stumbleupon.com\/submit?url=http%3A%2F%2Flabestiadeportiva.com%2Flbd%2Ffiesta-en-el-valle-audio%2F&amp;title=Fiesta+en+el+Valle+%28Audio%29\">\n<img src=\"http:\/\/labestiadeportiva.com\/lbd\/wp-content\/plugins\/jw-share-this\/su.png\" alt=\"Share this page via Stumble Upon\" \/>\n<\/a>\n<a target=\"_blank\" href=\"http:\/\/digg.com\/submit?url=http%3A%2F%2Flabestiadeportiva.com%2Flbd%2Ffiesta-en-el-valle-audio%2F&amp;title=Fiesta+en+el+Valle+%28Audio%29\">\n<img src=\"http:\/\/labestiadeportiva.com\/lbd\/wp-content\/plugins\/jw-share-this\/digg.png\" alt=\"Share this page via Digg this\" \/>\n<\/a>\n<a target=\"_blank\" href=\"http:\/\/www.facebook.com\/sharer.php?u=http%3A%2F%2Flabestiadeportiva.com%2Flbd%2Ffiesta-en-el-valle-audio%2F&amp;t=Fiesta+en+el+Valle+%28Audio%29\">\n<img src=\"http:\/\/labestiadeportiva.com\/lbd\/wp-content\/plugins\/jw-share-this\/fb.png\" alt=\"Share this page via Facebook\" \/>\n<\/a>\n<a target=\"_blank\" href=\"http:\/\/twitter.com\/intent\/tweet?text=I+like+http%3A%2F%2Flabestiadeportiva.com%2Flbd%2Ffiesta-en-el-valle-audio%2F&amp;title=Fiesta+en+el+Valle+%28Audio%29\">\n<img src=\"http:\/\/labestiadeportiva.com\/lbd\/wp-content\/plugins\/jw-share-this\/twitter.png\" alt=\"Share this page via Twitter\" \/>\n<\/a>\n<\/div>\n","protected":false},"excerpt":{"rendered":"<p>Contacto con el profesor Pablo Valcheff, referente local del esqui de fondo del CAU. El CEO de Marchablanca y Ushuaia Loppet di\u00f3 detalles de lo que suceder\u00e1 el pr\u00f3ximo fin de semana. La jornada sabatina ser\u00e1 para la Mini Marchablanca donde se calcula alrededor de 150 participantes mientras que a la hora de los 21 &hellip; <a href=\"http:\/\/labestiadeportiva.com\/lbd\/fiesta-en-el-valle-audio\/\" class=\"more-link\">Seguir leyendo <span class=\"screen-reader-text\">Fiesta en el Valle (Audio)<\/span> <span class=\"meta-nav\">&rarr;<\/span><\/a><\/p>\n","protected":false},"author":1,"featured_media":0,"comment_status":"open","ping_status":"open","sticky":false,"template":"","format":"standard","meta":[],"categories":[5,4,6,41,29,1],"tags":[42,5383,1632,83,3270],"_links":{"self":[{"href":"http:\/\/labestiadeportiva.com\/lbd\/wp-json\/wp\/v2\/posts\/50157"}],"collection":[{"href":"http:\/\/labestiadeportiva.com\/lbd\/wp-json\/wp\/v2\/posts"}],"about":[{"href":"http:\/\/labestiadeportiva.com\/lbd\/wp-json\/wp\/v2\/types\/post"}],"author":[{"embeddable":true,"href":"http:\/\/labestiadeportiva.com\/lbd\/wp-json\/wp\/v2\/users\/1"}],"replies":[{"embeddable":true,"href":"http:\/\/labestiadeportiva.com\/lbd\/wp-json\/wp\/v2\/comments?post=50157"}],"version-history":[{"count":1,"href":"http:\/\/labestiadeportiva.com\/lbd\/wp-json\/wp\/v2\/posts\/50157\/revisions"}],"predecessor-version":[{"id":50159,"href":"http:\/\/labestiadeportiva.com\/lbd\/wp-json\/wp\/v2\/posts\/50157\/revisions\/50159"}],"wp:attachment":[{"href":"http:\/\/labestiadeportiva.com\/lbd\/wp-json\/wp\/v2\/media?parent=50157"}],"wp:term":[{"taxonomy":"category","embeddable":true,"href":"http:\/\/labestiadeportiva.com\/lbd\/wp-json\/wp\/v2\/categories?post=50157"},{"taxonomy":"post_tag","embeddable":true,"href":"http:\/\/labestiadeportiva.com\/lbd\/wp-json\/wp\/v2\/tags?post=50157"}],"curies":[{"name":"wp","href":"https:\/\/api.w.org\/{rel}","templated":true}]}}