{"id":50177,"date":"2024-08-16T20:55:34","date_gmt":"2024-08-16T23:55:34","guid":{"rendered":"http:\/\/labestiadeportiva.com\/lbd\/?p=50177"},"modified":"2024-08-16T21:42:29","modified_gmt":"2024-08-17T00:42:29","slug":"mini-marchablanca-postergada","status":"publish","type":"post","link":"http:\/\/labestiadeportiva.com\/lbd\/mini-marchablanca-postergada\/","title":{"rendered":"Mini Marchablanca postergada"},"content":{"rendered":"\n<figure class=\"wp-block-image size-full\"><a href=\"http:\/\/labestiadeportiva.com\/lbd\/wp-content\/uploads\/2024\/08\/1000376922.jpg\"><img loading=\"lazy\" width=\"800\" height=\"533\" src=\"http:\/\/labestiadeportiva.com\/lbd\/wp-content\/uploads\/2024\/08\/1000376922.jpg\" alt=\"\" class=\"wp-image-50186\" srcset=\"http:\/\/labestiadeportiva.com\/lbd\/wp-content\/uploads\/2024\/08\/1000376922.jpg 800w, http:\/\/labestiadeportiva.com\/lbd\/wp-content\/uploads\/2024\/08\/1000376922-300x200.jpg 300w, http:\/\/labestiadeportiva.com\/lbd\/wp-content\/uploads\/2024\/08\/1000376922-768x512.jpg 768w, http:\/\/labestiadeportiva.com\/lbd\/wp-content\/uploads\/2024\/08\/1000376922-640x426.jpg 640w\" sizes=\"(max-width: 800px) 100vw, 800px\" \/><\/a><\/figure>\n\n\n\n<p>En las \u00faltimas horas los organizadores confirmaron la postergaci\u00f3n de la actividad prevista para este s\u00e1bado, traslad\u00e1ndola al pr\u00f3ximo 24 de Agosto.<\/p>\n\n\n\n<p>Las condiciones del clima en las \u00faltimas horas han modificado el estado actual de la nieve en el Valle de Tierra Mayor. <\/p>\n\n\n\n<p>Asimismo los eventos del domingo 18 se mantienen con su cronograma original poni\u00e9ndose en marcha desde  las 10.30 horas.<\/p>\n<div class='epvc-post-count'><span class='epvc-eye'><\/span>  <span class=\"epvc-count\"> 764<\/span><span class='epvc-label'> veces le\u00edda<\/span><\/div>\n<div class=\"jwsharethis\">\nShare this: \n<br \/>\n<a href=\"mailto:?subject=Mini%20Marchablanca%20postergada&amp;body=http%3A%2F%2Flabestiadeportiva.com%2Flbd%2Fmini-marchablanca-postergada%2F\">\n<img src=\"http:\/\/labestiadeportiva.com\/lbd\/wp-content\/plugins\/jw-share-this\/email.png\" alt=\"Share this page via Email\" \/>\n<\/a>\n<a target=\"_blank\" href=\"http:\/\/www.stumbleupon.com\/submit?url=http%3A%2F%2Flabestiadeportiva.com%2Flbd%2Fmini-marchablanca-postergada%2F&amp;title=Mini+Marchablanca+postergada\">\n<img src=\"http:\/\/labestiadeportiva.com\/lbd\/wp-content\/plugins\/jw-share-this\/su.png\" alt=\"Share this page via Stumble Upon\" \/>\n<\/a>\n<a target=\"_blank\" href=\"http:\/\/digg.com\/submit?url=http%3A%2F%2Flabestiadeportiva.com%2Flbd%2Fmini-marchablanca-postergada%2F&amp;title=Mini+Marchablanca+postergada\">\n<img src=\"http:\/\/labestiadeportiva.com\/lbd\/wp-content\/plugins\/jw-share-this\/digg.png\" alt=\"Share this page via Digg this\" \/>\n<\/a>\n<a target=\"_blank\" href=\"http:\/\/www.facebook.com\/sharer.php?u=http%3A%2F%2Flabestiadeportiva.com%2Flbd%2Fmini-marchablanca-postergada%2F&amp;t=Mini+Marchablanca+postergada\">\n<img src=\"http:\/\/labestiadeportiva.com\/lbd\/wp-content\/plugins\/jw-share-this\/fb.png\" alt=\"Share this page via Facebook\" \/>\n<\/a>\n<a target=\"_blank\" href=\"http:\/\/twitter.com\/intent\/tweet?text=I+like+http%3A%2F%2Flabestiadeportiva.com%2Flbd%2Fmini-marchablanca-postergada%2F&amp;title=Mini+Marchablanca+postergada\">\n<img src=\"http:\/\/labestiadeportiva.com\/lbd\/wp-content\/plugins\/jw-share-this\/twitter.png\" alt=\"Share this page via Twitter\" \/>\n<\/a>\n<\/div>\n","protected":false},"excerpt":{"rendered":"<p>En las \u00faltimas horas los organizadores confirmaron la postergaci\u00f3n de la actividad prevista para este s\u00e1bado, traslad\u00e1ndola al pr\u00f3ximo 24 de Agosto. Las condiciones del clima en las \u00faltimas horas han modificado el estado actual de la nieve en el Valle de Tierra Mayor. Asimismo los eventos del domingo 18 se mantienen con su cronograma &hellip; <a href=\"http:\/\/labestiadeportiva.com\/lbd\/mini-marchablanca-postergada\/\" class=\"more-link\">Seguir leyendo <span class=\"screen-reader-text\">Mini Marchablanca postergada<\/span> <span class=\"meta-nav\">&rarr;<\/span><\/a><\/p>\n","protected":false},"author":1,"featured_media":0,"comment_status":"open","ping_status":"open","sticky":false,"template":"","format":"standard","meta":[],"categories":[5,41,29,1],"tags":[42,5130,83,2582],"_links":{"self":[{"href":"http:\/\/labestiadeportiva.com\/lbd\/wp-json\/wp\/v2\/posts\/50177"}],"collection":[{"href":"http:\/\/labestiadeportiva.com\/lbd\/wp-json\/wp\/v2\/posts"}],"about":[{"href":"http:\/\/labestiadeportiva.com\/lbd\/wp-json\/wp\/v2\/types\/post"}],"author":[{"embeddable":true,"href":"http:\/\/labestiadeportiva.com\/lbd\/wp-json\/wp\/v2\/users\/1"}],"replies":[{"embeddable":true,"href":"http:\/\/labestiadeportiva.com\/lbd\/wp-json\/wp\/v2\/comments?post=50177"}],"version-history":[{"count":2,"href":"http:\/\/labestiadeportiva.com\/lbd\/wp-json\/wp\/v2\/posts\/50177\/revisions"}],"predecessor-version":[{"id":50198,"href":"http:\/\/labestiadeportiva.com\/lbd\/wp-json\/wp\/v2\/posts\/50177\/revisions\/50198"}],"wp:attachment":[{"href":"http:\/\/labestiadeportiva.com\/lbd\/wp-json\/wp\/v2\/media?parent=50177"}],"wp:term":[{"taxonomy":"category","embeddable":true,"href":"http:\/\/labestiadeportiva.com\/lbd\/wp-json\/wp\/v2\/categories?post=50177"},{"taxonomy":"post_tag","embeddable":true,"href":"http:\/\/labestiadeportiva.com\/lbd\/wp-json\/wp\/v2\/tags?post=50177"}],"curies":[{"name":"wp","href":"https:\/\/api.w.org\/{rel}","templated":true}]}}