{"id":50663,"date":"2024-10-09T13:38:24","date_gmt":"2024-10-09T16:38:24","guid":{"rendered":"http:\/\/labestiadeportiva.com\/lbd\/?p=50663"},"modified":"2024-10-09T13:38:26","modified_gmt":"2024-10-09T16:38:26","slug":"podemos-decir-que-fue-una-desgracia-con-suerte-audio","status":"publish","type":"post","link":"http:\/\/labestiadeportiva.com\/lbd\/podemos-decir-que-fue-una-desgracia-con-suerte-audio\/","title":{"rendered":"\u00abPodemos decir que fue una desgracia con suerte\u00bb (Audio)"},"content":{"rendered":"\n<figure class=\"wp-block-image size-full\"><a href=\"http:\/\/labestiadeportiva.com\/lbd\/wp-content\/uploads\/2024\/10\/1000467858.png\"><img loading=\"lazy\" width=\"571\" height=\"464\" src=\"http:\/\/labestiadeportiva.com\/lbd\/wp-content\/uploads\/2024\/10\/1000467858.png\" alt=\"\" class=\"wp-image-50664\" srcset=\"http:\/\/labestiadeportiva.com\/lbd\/wp-content\/uploads\/2024\/10\/1000467858.png 571w, http:\/\/labestiadeportiva.com\/lbd\/wp-content\/uploads\/2024\/10\/1000467858-300x244.png 300w\" sizes=\"(max-width: 571px) 100vw, 571px\" \/><\/a><\/figure>\n\n\n\n<figure class=\"wp-block-image size-full is-resized\"><a href=\"http:\/\/labestiadeportiva.com\/lbd\/wp-content\/uploads\/2022\/11\/CARA_PEREZ-2.jpg\"><img loading=\"lazy\" src=\"http:\/\/labestiadeportiva.com\/lbd\/wp-content\/uploads\/2022\/11\/CARA_PEREZ-2.jpg\" alt=\"\" class=\"wp-image-43576\" width=\"364\" height=\"74\" srcset=\"http:\/\/labestiadeportiva.com\/lbd\/wp-content\/uploads\/2022\/11\/CARA_PEREZ-2.jpg 600w, http:\/\/labestiadeportiva.com\/lbd\/wp-content\/uploads\/2022\/11\/CARA_PEREZ-2-300x62.jpg 300w\" sizes=\"(max-width: 364px) 100vw, 364px\" \/><\/a><\/figure>\n\n\n\n<p>Luego de la brutal agresi\u00f3n recibida por Diego Mierez el pasado domingo el el gimnasio de Campolter en el marco de una fecha oficial del Futsal Federado entre Argentinos del Sur y El Porvenir fuimos en busca de la palabra de Alejandro Rivero, Presidente de Jueces Deportivos TDF.<\/p>\n\n\n\n<p>An\u00e1lisis, repercusiones y consecuencias de lo sucedido que termin\u00f3 con el \u00e1rbitro en terapia intensiva durante 24 horas. Compartimos la entrevista lograda este mi\u00e9rcoles en la 99.9 Radio Provincia.<\/p>\n\n\n\n<!--more-->\n\n\n\n<p><\/p>\n\n\n\n<figure class=\"wp-block-embed is-type-video is-provider-youtube wp-block-embed-youtube wp-embed-aspect-4-3 wp-has-aspect-ratio\"><div class=\"wp-block-embed__wrapper\">\n<iframe loading=\"lazy\" title=\"Audio Alejandro Rivero\" width=\"474\" height=\"356\" src=\"https:\/\/www.youtube.com\/embed\/5BRENPfjp5E?feature=oembed\" frameborder=\"0\" allow=\"accelerometer; autoplay; clipboard-write; encrypted-media; gyroscope; picture-in-picture; web-share\" referrerpolicy=\"strict-origin-when-cross-origin\" allowfullscreen><\/iframe>\n<\/div><\/figure>\n<div class='epvc-post-count'><span class='epvc-eye'><\/span>  <span class=\"epvc-count\"> 1.182<\/span><span class='epvc-label'> veces le\u00edda<\/span><\/div>\n<div class=\"jwsharethis\">\nShare this: \n<br \/>\n<a href=\"mailto:?subject=%C2%ABPodemos%20decir%20que%20fue%20una%20desgracia%20con%20suerte%C2%BB%20%28Audio%29&amp;body=http%3A%2F%2Flabestiadeportiva.com%2Flbd%2Fpodemos-decir-que-fue-una-desgracia-con-suerte-audio%2F\">\n<img src=\"http:\/\/labestiadeportiva.com\/lbd\/wp-content\/plugins\/jw-share-this\/email.png\" alt=\"Share this page via Email\" \/>\n<\/a>\n<a target=\"_blank\" href=\"http:\/\/www.stumbleupon.com\/submit?url=http%3A%2F%2Flabestiadeportiva.com%2Flbd%2Fpodemos-decir-que-fue-una-desgracia-con-suerte-audio%2F&amp;title=%C2%ABPodemos+decir+que+fue+una+desgracia+con+suerte%C2%BB+%28Audio%29\">\n<img src=\"http:\/\/labestiadeportiva.com\/lbd\/wp-content\/plugins\/jw-share-this\/su.png\" alt=\"Share this page via Stumble Upon\" \/>\n<\/a>\n<a target=\"_blank\" href=\"http:\/\/digg.com\/submit?url=http%3A%2F%2Flabestiadeportiva.com%2Flbd%2Fpodemos-decir-que-fue-una-desgracia-con-suerte-audio%2F&amp;title=%C2%ABPodemos+decir+que+fue+una+desgracia+con+suerte%C2%BB+%28Audio%29\">\n<img src=\"http:\/\/labestiadeportiva.com\/lbd\/wp-content\/plugins\/jw-share-this\/digg.png\" alt=\"Share this page via Digg this\" \/>\n<\/a>\n<a target=\"_blank\" href=\"http:\/\/www.facebook.com\/sharer.php?u=http%3A%2F%2Flabestiadeportiva.com%2Flbd%2Fpodemos-decir-que-fue-una-desgracia-con-suerte-audio%2F&amp;t=%C2%ABPodemos+decir+que+fue+una+desgracia+con+suerte%C2%BB+%28Audio%29\">\n<img src=\"http:\/\/labestiadeportiva.com\/lbd\/wp-content\/plugins\/jw-share-this\/fb.png\" alt=\"Share this page via Facebook\" \/>\n<\/a>\n<a target=\"_blank\" href=\"http:\/\/twitter.com\/intent\/tweet?text=I+like+http%3A%2F%2Flabestiadeportiva.com%2Flbd%2Fpodemos-decir-que-fue-una-desgracia-con-suerte-audio%2F&amp;title=%C2%ABPodemos+decir+que+fue+una+desgracia+con+suerte%C2%BB+%28Audio%29\">\n<img src=\"http:\/\/labestiadeportiva.com\/lbd\/wp-content\/plugins\/jw-share-this\/twitter.png\" alt=\"Share this page via Twitter\" \/>\n<\/a>\n<\/div>\n","protected":false},"excerpt":{"rendered":"<p>Luego de la brutal agresi\u00f3n recibida por Diego Mierez el pasado domingo el el gimnasio de Campolter en el marco de una fecha oficial del Futsal Federado entre Argentinos del Sur y El Porvenir fuimos en busca de la palabra de Alejandro Rivero, Presidente de Jueces Deportivos TDF. An\u00e1lisis, repercusiones y consecuencias de lo sucedido &hellip; <a href=\"http:\/\/labestiadeportiva.com\/lbd\/podemos-decir-que-fue-una-desgracia-con-suerte-audio\/\" class=\"more-link\">Seguir leyendo <span class=\"screen-reader-text\">\u00abPodemos decir que fue una desgracia con suerte\u00bb (Audio)<\/span> <span class=\"meta-nav\">&rarr;<\/span><\/a><\/p>\n","protected":false},"author":1,"featured_media":0,"comment_status":"open","ping_status":"open","sticky":false,"template":"","format":"standard","meta":[],"categories":[5,31,1],"tags":[5431,5430,4838,793,4143],"_links":{"self":[{"href":"http:\/\/labestiadeportiva.com\/lbd\/wp-json\/wp\/v2\/posts\/50663"}],"collection":[{"href":"http:\/\/labestiadeportiva.com\/lbd\/wp-json\/wp\/v2\/posts"}],"about":[{"href":"http:\/\/labestiadeportiva.com\/lbd\/wp-json\/wp\/v2\/types\/post"}],"author":[{"embeddable":true,"href":"http:\/\/labestiadeportiva.com\/lbd\/wp-json\/wp\/v2\/users\/1"}],"replies":[{"embeddable":true,"href":"http:\/\/labestiadeportiva.com\/lbd\/wp-json\/wp\/v2\/comments?post=50663"}],"version-history":[{"count":1,"href":"http:\/\/labestiadeportiva.com\/lbd\/wp-json\/wp\/v2\/posts\/50663\/revisions"}],"predecessor-version":[{"id":50665,"href":"http:\/\/labestiadeportiva.com\/lbd\/wp-json\/wp\/v2\/posts\/50663\/revisions\/50665"}],"wp:attachment":[{"href":"http:\/\/labestiadeportiva.com\/lbd\/wp-json\/wp\/v2\/media?parent=50663"}],"wp:term":[{"taxonomy":"category","embeddable":true,"href":"http:\/\/labestiadeportiva.com\/lbd\/wp-json\/wp\/v2\/categories?post=50663"},{"taxonomy":"post_tag","embeddable":true,"href":"http:\/\/labestiadeportiva.com\/lbd\/wp-json\/wp\/v2\/tags?post=50663"}],"curies":[{"name":"wp","href":"https:\/\/api.w.org\/{rel}","templated":true}]}}