{"id":50701,"date":"2024-10-15T10:14:29","date_gmt":"2024-10-15T13:14:29","guid":{"rendered":"http:\/\/labestiadeportiva.com\/lbd\/?p=50701"},"modified":"2024-10-15T10:14:31","modified_gmt":"2024-10-15T13:14:31","slug":"debuta-hispano","status":"publish","type":"post","link":"http:\/\/labestiadeportiva.com\/lbd\/debuta-hispano\/","title":{"rendered":"Debuta Hispano"},"content":{"rendered":"\n<figure class=\"wp-block-image size-large\"><a href=\"http:\/\/labestiadeportiva.com\/lbd\/wp-content\/uploads\/2024\/10\/1000477967.jpg\"><img loading=\"lazy\" width=\"1024\" height=\"768\" src=\"http:\/\/labestiadeportiva.com\/lbd\/wp-content\/uploads\/2024\/10\/1000477967-1024x768.jpg\" alt=\"\" class=\"wp-image-50710\" srcset=\"http:\/\/labestiadeportiva.com\/lbd\/wp-content\/uploads\/2024\/10\/1000477967-1024x768.jpg 1024w, http:\/\/labestiadeportiva.com\/lbd\/wp-content\/uploads\/2024\/10\/1000477967-300x225.jpg 300w, http:\/\/labestiadeportiva.com\/lbd\/wp-content\/uploads\/2024\/10\/1000477967-768x576.jpg 768w, http:\/\/labestiadeportiva.com\/lbd\/wp-content\/uploads\/2024\/10\/1000477967-640x480.jpg 640w, http:\/\/labestiadeportiva.com\/lbd\/wp-content\/uploads\/2024\/10\/1000477967.jpg 1280w\" sizes=\"(max-width: 1024px) 100vw, 1024px\" \/><\/a><\/figure>\n\n\n\n<figure class=\"wp-block-image size-full is-resized\"><a href=\"http:\/\/labestiadeportiva.com\/lbd\/wp-content\/uploads\/2022\/11\/CARA_BAROLI-1.jpg\"><img loading=\"lazy\" src=\"http:\/\/labestiadeportiva.com\/lbd\/wp-content\/uploads\/2022\/11\/CARA_BAROLI-1.jpg\" alt=\"\" class=\"wp-image-43574\" width=\"348\" height=\"71\" srcset=\"http:\/\/labestiadeportiva.com\/lbd\/wp-content\/uploads\/2022\/11\/CARA_BAROLI-1.jpg 600w, http:\/\/labestiadeportiva.com\/lbd\/wp-content\/uploads\/2022\/11\/CARA_BAROLI-1-300x62.jpg 300w\" sizes=\"(max-width: 348px) 100vw, 348px\" \/><\/a><\/figure>\n\n\n\n<p>El representante santacruce\u00f1o en la segunda categor\u00eda del b\u00e1squet nacional debutar\u00e1 este mi\u00e9rcoles 16 de octubre a las 21 horas, en el gimnasio municipal \u00abEva Per\u00f3n\u00bb del barrio Bicentenario, frente a El Talar, equipo de la provincia de Buenos Aires.<\/p>\n\n\n\n<!--more-->\n\n\n\n<p>Con la ilusi\u00f3n intacta y la responsabilidad de representar no solo a una instituci\u00f3n, sino tambi\u00e9n a la ciudad de R\u00edo Gallegos y a toda la provincia de Santa Cruz, el \u00abCeleste\u00bb de la calle Alberdi iniciar\u00e1 una nueva participaci\u00f3n en la Liga Argentina de B\u00e1squet. <\/p>\n\n\n\n<p>El plantel cuenta con varios jugadores surgidos de su cantera, como Franco Gauna, Yuthiel Da Silva y Zuriel Fern\u00e1ndez, adem\u00e1s del aporte de jugadores experimentados como Lucas Machuca y el brasile\u00f1o R\u00f4mulo Gusm\u00e3o. A esto se suma el regreso de Johu Castillo, la renovaci\u00f3n de Jerem\u00edas Cardona y la apuesta por el alero Lucas Gorostarrazu, entre otras piezas claves.<\/p>\n\n\n\n<p>El equipo, dirigido t\u00e1cticamente por Pablo Castro, recibir\u00e1 a un debutante en la competencia: El Talar, que logr\u00f3 el ascenso a la Liga Argentina en la pasada temporada. Con la ilusi\u00f3n de toda una provincia y la decisi\u00f3n institucional de llevar el b\u00e1squet a los barrios de R\u00edo Gallegos, Hispano Americano comenzar\u00e1 este mi\u00e9rcoles su camino en la Liga Argentina, enfrentando a El Talar a partir de las 21 horas.<\/p>\n<div class='epvc-post-count'><span class='epvc-eye'><\/span>  <span class=\"epvc-count\"> 1.451<\/span><span class='epvc-label'> veces le\u00edda<\/span><\/div>\n<div class=\"jwsharethis\">\nShare this: \n<br \/>\n<a href=\"mailto:?subject=Debuta%20Hispano&amp;body=http%3A%2F%2Flabestiadeportiva.com%2Flbd%2Fdebuta-hispano%2F\">\n<img src=\"http:\/\/labestiadeportiva.com\/lbd\/wp-content\/plugins\/jw-share-this\/email.png\" alt=\"Share this page via Email\" \/>\n<\/a>\n<a target=\"_blank\" href=\"http:\/\/www.stumbleupon.com\/submit?url=http%3A%2F%2Flabestiadeportiva.com%2Flbd%2Fdebuta-hispano%2F&amp;title=Debuta+Hispano\">\n<img src=\"http:\/\/labestiadeportiva.com\/lbd\/wp-content\/plugins\/jw-share-this\/su.png\" alt=\"Share this page via Stumble Upon\" \/>\n<\/a>\n<a target=\"_blank\" href=\"http:\/\/digg.com\/submit?url=http%3A%2F%2Flabestiadeportiva.com%2Flbd%2Fdebuta-hispano%2F&amp;title=Debuta+Hispano\">\n<img src=\"http:\/\/labestiadeportiva.com\/lbd\/wp-content\/plugins\/jw-share-this\/digg.png\" alt=\"Share this page via Digg this\" \/>\n<\/a>\n<a target=\"_blank\" href=\"http:\/\/www.facebook.com\/sharer.php?u=http%3A%2F%2Flabestiadeportiva.com%2Flbd%2Fdebuta-hispano%2F&amp;t=Debuta+Hispano\">\n<img src=\"http:\/\/labestiadeportiva.com\/lbd\/wp-content\/plugins\/jw-share-this\/fb.png\" alt=\"Share this page via Facebook\" \/>\n<\/a>\n<a target=\"_blank\" href=\"http:\/\/twitter.com\/intent\/tweet?text=I+like+http%3A%2F%2Flabestiadeportiva.com%2Flbd%2Fdebuta-hispano%2F&amp;title=Debuta+Hispano\">\n<img src=\"http:\/\/labestiadeportiva.com\/lbd\/wp-content\/plugins\/jw-share-this\/twitter.png\" alt=\"Share this page via Twitter\" \/>\n<\/a>\n<\/div>\n","protected":false},"excerpt":{"rendered":"<p>El representante santacruce\u00f1o en la segunda categor\u00eda del b\u00e1squet nacional debutar\u00e1 este mi\u00e9rcoles 16 de octubre a las 21 horas, en el gimnasio municipal \u00abEva Per\u00f3n\u00bb del barrio Bicentenario, frente a El Talar, equipo de la provincia de Buenos Aires. 1.451 veces le\u00edda Share this:<\/p>\n","protected":false},"author":1,"featured_media":0,"comment_status":"open","ping_status":"open","sticky":false,"template":"","format":"standard","meta":[],"categories":[2432,6,5020,1],"tags":[171,3120,4917,83],"_links":{"self":[{"href":"http:\/\/labestiadeportiva.com\/lbd\/wp-json\/wp\/v2\/posts\/50701"}],"collection":[{"href":"http:\/\/labestiadeportiva.com\/lbd\/wp-json\/wp\/v2\/posts"}],"about":[{"href":"http:\/\/labestiadeportiva.com\/lbd\/wp-json\/wp\/v2\/types\/post"}],"author":[{"embeddable":true,"href":"http:\/\/labestiadeportiva.com\/lbd\/wp-json\/wp\/v2\/users\/1"}],"replies":[{"embeddable":true,"href":"http:\/\/labestiadeportiva.com\/lbd\/wp-json\/wp\/v2\/comments?post=50701"}],"version-history":[{"count":1,"href":"http:\/\/labestiadeportiva.com\/lbd\/wp-json\/wp\/v2\/posts\/50701\/revisions"}],"predecessor-version":[{"id":50711,"href":"http:\/\/labestiadeportiva.com\/lbd\/wp-json\/wp\/v2\/posts\/50701\/revisions\/50711"}],"wp:attachment":[{"href":"http:\/\/labestiadeportiva.com\/lbd\/wp-json\/wp\/v2\/media?parent=50701"}],"wp:term":[{"taxonomy":"category","embeddable":true,"href":"http:\/\/labestiadeportiva.com\/lbd\/wp-json\/wp\/v2\/categories?post=50701"},{"taxonomy":"post_tag","embeddable":true,"href":"http:\/\/labestiadeportiva.com\/lbd\/wp-json\/wp\/v2\/tags?post=50701"}],"curies":[{"name":"wp","href":"https:\/\/api.w.org\/{rel}","templated":true}]}}