{"id":50768,"date":"2024-10-21T16:06:17","date_gmt":"2024-10-21T19:06:17","guid":{"rendered":"http:\/\/labestiadeportiva.com\/lbd\/?p=50768"},"modified":"2024-10-21T16:06:19","modified_gmt":"2024-10-21T19:06:19","slug":"nuevo-comienzo-en-el-fin-del-mundo","status":"publish","type":"post","link":"http:\/\/labestiadeportiva.com\/lbd\/nuevo-comienzo-en-el-fin-del-mundo\/","title":{"rendered":"Nuevo comienzo en el Fin del Mundo"},"content":{"rendered":"\n<p><\/p>\n\n\n\n<figure class=\"wp-block-image size-full\"><a href=\"http:\/\/labestiadeportiva.com\/lbd\/wp-content\/uploads\/2024\/10\/1000489393.jpg\"><img loading=\"lazy\" width=\"829\" height=\"384\" src=\"http:\/\/labestiadeportiva.com\/lbd\/wp-content\/uploads\/2024\/10\/1000489393.jpg\" alt=\"\" class=\"wp-image-50770\" srcset=\"http:\/\/labestiadeportiva.com\/lbd\/wp-content\/uploads\/2024\/10\/1000489393.jpg 829w, http:\/\/labestiadeportiva.com\/lbd\/wp-content\/uploads\/2024\/10\/1000489393-300x139.jpg 300w, http:\/\/labestiadeportiva.com\/lbd\/wp-content\/uploads\/2024\/10\/1000489393-768x356.jpg 768w, http:\/\/labestiadeportiva.com\/lbd\/wp-content\/uploads\/2024\/10\/1000489393-640x296.jpg 640w\" sizes=\"(max-width: 829px) 100vw, 829px\" \/><\/a><\/figure>\n\n\n\n<figure class=\"wp-block-image size-full\"><a href=\"http:\/\/labestiadeportiva.com\/lbd\/wp-content\/uploads\/2022\/11\/CARA_TORRES-1.jpg\"><img loading=\"lazy\" width=\"600\" height=\"124\" src=\"http:\/\/labestiadeportiva.com\/lbd\/wp-content\/uploads\/2022\/11\/CARA_TORRES-1.jpg\" alt=\"\" class=\"wp-image-43579\" srcset=\"http:\/\/labestiadeportiva.com\/lbd\/wp-content\/uploads\/2022\/11\/CARA_TORRES-1.jpg 600w, http:\/\/labestiadeportiva.com\/lbd\/wp-content\/uploads\/2022\/11\/CARA_TORRES-1-300x62.jpg 300w\" sizes=\"(max-width: 600px) 100vw, 600px\" \/><\/a><\/figure>\n\n\n\n<p>A partir de ma\u00f1ana, martes,  comienza un nuevo camino con vistas al 3 de febrero del 2025 frente a Ir\u00e1n en el Mundial Indoor que se jugar\u00e1 desde el 3 al 9 de febrero en el \u00abZatica Arena\u00bb de la ciudad de Parenzo (Porec), Croacia. <\/p>\n\n\n\n<!--more-->\n\n\n\n<p>Todav\u00eda est\u00e1n claras y frescas las im\u00e1genes del Campeonato Panamericano Indoor que la Selecci\u00f3n Argentina de varones conquist\u00f3 el 22 de marzo de este mismo a\u00f1o cuando se impuso a Trinidad y Tobago por un contundente 5 a 2.<\/p>\n\n\n\n<p>La primera concentraci\u00f3n se realizar\u00e1 en la ciudad de Ushuaia donde los entrenamientos se realizar\u00e1n a partir del martes 22 de octubre de 19 a 21,  mi\u00e9rcoles y jueves de 9 a 11 y 18 a  20 mientras  el viernes lo har\u00e1n  de 9 a 11 horas. <\/p>\n\n\n\n<p>Con la presencia del Cuerpo T\u00e9cnico del seleccionado argentino, el lugar de entrenamiento ser\u00e1 la pista del Ushuaia Rugby Club. <\/p>\n\n\n\n<p>El conjunto nacional contar\u00e1 con la presencia de cinco jugadores fueguino convocados a la preselecci\u00f3n: <\/p>\n\n\n\n<p>Juan Eleicegui, Gast\u00f3n Rodriguez, Ger\u00f3nimo Viera, Juan Imbert y Thiago Schultz. <\/p>\n\n\n\n<p>El profesor Fabi\u00e1n P\u00e9rez tambi\u00e9n estar\u00e1 a cargo de los entrenamiento como miembro del staff del conjunto nacional. Asimismo fueron convocados algunos jugadores del \u00e1mbito local para ser sparrings en los entrenamientos.  <\/p>\n\n\n\n<figure class=\"wp-block-image size-full\"><a href=\"http:\/\/labestiadeportiva.com\/lbd\/wp-content\/uploads\/2024\/10\/1000489134.jpg\"><img loading=\"lazy\" width=\"627\" height=\"601\" src=\"http:\/\/labestiadeportiva.com\/lbd\/wp-content\/uploads\/2024\/10\/1000489134.jpg\" alt=\"\" class=\"wp-image-50771\" srcset=\"http:\/\/labestiadeportiva.com\/lbd\/wp-content\/uploads\/2024\/10\/1000489134.jpg 627w, http:\/\/labestiadeportiva.com\/lbd\/wp-content\/uploads\/2024\/10\/1000489134-300x288.jpg 300w\" sizes=\"(max-width: 627px) 100vw, 627px\" \/><\/a><\/figure>\n<div class='epvc-post-count'><span class='epvc-eye'><\/span>  <span class=\"epvc-count\"> 1.132<\/span><span class='epvc-label'> veces le\u00edda<\/span><\/div>\n<div class=\"jwsharethis\">\nShare this: \n<br \/>\n<a href=\"mailto:?subject=Nuevo%20comienzo%20en%20el%20Fin%20del%20Mundo&amp;body=http%3A%2F%2Flabestiadeportiva.com%2Flbd%2Fnuevo-comienzo-en-el-fin-del-mundo%2F\">\n<img src=\"http:\/\/labestiadeportiva.com\/lbd\/wp-content\/plugins\/jw-share-this\/email.png\" alt=\"Share this page via Email\" \/>\n<\/a>\n<a target=\"_blank\" href=\"http:\/\/www.stumbleupon.com\/submit?url=http%3A%2F%2Flabestiadeportiva.com%2Flbd%2Fnuevo-comienzo-en-el-fin-del-mundo%2F&amp;title=Nuevo+comienzo+en+el+Fin+del+Mundo\">\n<img src=\"http:\/\/labestiadeportiva.com\/lbd\/wp-content\/plugins\/jw-share-this\/su.png\" alt=\"Share this page via Stumble Upon\" \/>\n<\/a>\n<a target=\"_blank\" href=\"http:\/\/digg.com\/submit?url=http%3A%2F%2Flabestiadeportiva.com%2Flbd%2Fnuevo-comienzo-en-el-fin-del-mundo%2F&amp;title=Nuevo+comienzo+en+el+Fin+del+Mundo\">\n<img src=\"http:\/\/labestiadeportiva.com\/lbd\/wp-content\/plugins\/jw-share-this\/digg.png\" alt=\"Share this page via Digg this\" \/>\n<\/a>\n<a target=\"_blank\" href=\"http:\/\/www.facebook.com\/sharer.php?u=http%3A%2F%2Flabestiadeportiva.com%2Flbd%2Fnuevo-comienzo-en-el-fin-del-mundo%2F&amp;t=Nuevo+comienzo+en+el+Fin+del+Mundo\">\n<img src=\"http:\/\/labestiadeportiva.com\/lbd\/wp-content\/plugins\/jw-share-this\/fb.png\" alt=\"Share this page via Facebook\" \/>\n<\/a>\n<a target=\"_blank\" href=\"http:\/\/twitter.com\/intent\/tweet?text=I+like+http%3A%2F%2Flabestiadeportiva.com%2Flbd%2Fnuevo-comienzo-en-el-fin-del-mundo%2F&amp;title=Nuevo+comienzo+en+el+Fin+del+Mundo\">\n<img src=\"http:\/\/labestiadeportiva.com\/lbd\/wp-content\/plugins\/jw-share-this\/twitter.png\" alt=\"Share this page via Twitter\" \/>\n<\/a>\n<\/div>\n","protected":false},"excerpt":{"rendered":"<p>A partir de ma\u00f1ana, martes, comienza un nuevo camino con vistas al 3 de febrero del 2025 frente a Ir\u00e1n en el Mundial Indoor que se jugar\u00e1 desde el 3 al 9 de febrero en el \u00abZatica Arena\u00bb de la ciudad de Parenzo (Porec), Croacia. 1.132 veces le\u00edda Share this:<\/p>\n","protected":false},"author":1,"featured_media":0,"comment_status":"open","ping_status":"open","sticky":false,"template":"","format":"standard","meta":[],"categories":[5,4,6,650,2422,1,3946],"tags":[32,83,88],"_links":{"self":[{"href":"http:\/\/labestiadeportiva.com\/lbd\/wp-json\/wp\/v2\/posts\/50768"}],"collection":[{"href":"http:\/\/labestiadeportiva.com\/lbd\/wp-json\/wp\/v2\/posts"}],"about":[{"href":"http:\/\/labestiadeportiva.com\/lbd\/wp-json\/wp\/v2\/types\/post"}],"author":[{"embeddable":true,"href":"http:\/\/labestiadeportiva.com\/lbd\/wp-json\/wp\/v2\/users\/1"}],"replies":[{"embeddable":true,"href":"http:\/\/labestiadeportiva.com\/lbd\/wp-json\/wp\/v2\/comments?post=50768"}],"version-history":[{"count":1,"href":"http:\/\/labestiadeportiva.com\/lbd\/wp-json\/wp\/v2\/posts\/50768\/revisions"}],"predecessor-version":[{"id":50772,"href":"http:\/\/labestiadeportiva.com\/lbd\/wp-json\/wp\/v2\/posts\/50768\/revisions\/50772"}],"wp:attachment":[{"href":"http:\/\/labestiadeportiva.com\/lbd\/wp-json\/wp\/v2\/media?parent=50768"}],"wp:term":[{"taxonomy":"category","embeddable":true,"href":"http:\/\/labestiadeportiva.com\/lbd\/wp-json\/wp\/v2\/categories?post=50768"},{"taxonomy":"post_tag","embeddable":true,"href":"http:\/\/labestiadeportiva.com\/lbd\/wp-json\/wp\/v2\/tags?post=50768"}],"curies":[{"name":"wp","href":"https:\/\/api.w.org\/{rel}","templated":true}]}}