{"id":51142,"date":"2024-11-17T20:50:51","date_gmt":"2024-11-17T23:50:51","guid":{"rendered":"http:\/\/labestiadeportiva.com\/lbd\/?p=51142"},"modified":"2024-11-17T22:15:33","modified_gmt":"2024-11-18T01:15:33","slug":"rio-negro-lo-hizo-otra-vez","status":"publish","type":"post","link":"http:\/\/labestiadeportiva.com\/lbd\/rio-negro-lo-hizo-otra-vez\/","title":{"rendered":"R\u00edo Negro lo hizo otra vez"},"content":{"rendered":"\n<figure class=\"wp-block-image size-large\"><a href=\"http:\/\/labestiadeportiva.com\/lbd\/wp-content\/uploads\/2024\/11\/1000537549.jpg\"><img loading=\"lazy\" width=\"1024\" height=\"682\" src=\"http:\/\/labestiadeportiva.com\/lbd\/wp-content\/uploads\/2024\/11\/1000537549-1024x682.jpg\" alt=\"\" class=\"wp-image-51151\" srcset=\"http:\/\/labestiadeportiva.com\/lbd\/wp-content\/uploads\/2024\/11\/1000537549-1024x682.jpg 1024w, http:\/\/labestiadeportiva.com\/lbd\/wp-content\/uploads\/2024\/11\/1000537549-300x200.jpg 300w, http:\/\/labestiadeportiva.com\/lbd\/wp-content\/uploads\/2024\/11\/1000537549-768x511.jpg 768w, http:\/\/labestiadeportiva.com\/lbd\/wp-content\/uploads\/2024\/11\/1000537549-640x426.jpg 640w, http:\/\/labestiadeportiva.com\/lbd\/wp-content\/uploads\/2024\/11\/1000537549.jpg 1080w\" sizes=\"(max-width: 1024px) 100vw, 1024px\" \/><\/a><\/figure>\n\n\n\n<p>Finalizaron los Juegos Binacionales de la Araucania, Ays\u00e9n 2024. Volvi\u00f3 a repetirse el podio argentino con R\u00edo Negro (177), Chubut (171)  y La Pampa (168) en ese orden.<\/p>\n\n\n\n<p>La delegacion fueguina ya viaja hacia la provincia previendo arribar a la isla el domingo por la tarde noche.<\/p>\n\n\n\n<p>Desde LBD los n\u00fameros finales de la XXXI edici\u00f3n y el detalle de la producci\u00f3n de TDF que finaliz\u00f3 en el puesto 12 con 79 unidades. <\/p>\n\n\n\n<p>Las fotos son gentileza de Prensa Secretaria de Deportes Provincial.<\/p>\n\n\n\n<!--more-->\n\n\n\n<figure class=\"wp-block-image size-large\"><a href=\"http:\/\/labestiadeportiva.com\/lbd\/wp-content\/uploads\/2024\/11\/1000538466.jpg\"><img loading=\"lazy\" width=\"1024\" height=\"768\" src=\"http:\/\/labestiadeportiva.com\/lbd\/wp-content\/uploads\/2024\/11\/1000538466-1024x768.jpg\" alt=\"\" class=\"wp-image-51152\" srcset=\"http:\/\/labestiadeportiva.com\/lbd\/wp-content\/uploads\/2024\/11\/1000538466-1024x768.jpg 1024w, http:\/\/labestiadeportiva.com\/lbd\/wp-content\/uploads\/2024\/11\/1000538466-300x225.jpg 300w, http:\/\/labestiadeportiva.com\/lbd\/wp-content\/uploads\/2024\/11\/1000538466-768x576.jpg 768w, http:\/\/labestiadeportiva.com\/lbd\/wp-content\/uploads\/2024\/11\/1000538466-640x480.jpg 640w, http:\/\/labestiadeportiva.com\/lbd\/wp-content\/uploads\/2024\/11\/1000538466.jpg 1280w\" sizes=\"(max-width: 1024px) 100vw, 1024px\" \/><\/a><\/figure>\n\n\n\n<p>Como era de esperar en la \u00faltima jornada las disciplinas de conjunto definieron la edici\u00f3n 2024. All\u00ed la multicampeona R\u00edo Negro volvi\u00f3 a imponerse seguida de cerca por la siempre competitiva Chubut dejando tercera a la provincia de La Pampa.<\/p>\n\n\n\n<p>En el inicio de la cobertura dijimos que la condici\u00f3n de competir en territorio chileno potenciaba la posibilidad que alguna region trasandina irrumpiera en el podio.<\/p>\n\n\n\n<p>Finalmente esto no sucedi\u00f3, tan solo la Regi\u00f3n de Araucania finaliz\u00f3 en el cuarto lugar con 157 unidades a 11 del tercer escal\u00f3n del podio ocupado por los pampeanos.<\/p>\n\n\n\n<p>A modo de cierre revisaremos los n\u00famero de la delegaci\u00f3n de Tierra del Fuego que finaliz\u00f3 en 12\u00b0 puesto con 79 puntos, solo por arriba de la regi\u00f3n de Ays\u00e9n.<\/p>\n\n\n\n<p>Claramente dos deportes individuales fueron los que sostuvieron el puntaje y medallero fueguino: Judo y Atletismo.<\/p>\n\n\n\n<p>22 puntos para los judocas y 16 de los atletas significan casi el 50% del total conseguido, demasiado teniendo en cuenta que entre las cinco disciplinas restantes en sus dos ramas aportaron el resto.<\/p>\n\n\n\n<p>A decir verdad son n\u00fameros fr\u00edos de una realidad que hay que saber leer o simplemente interpretar.  Nosotros aportaremos nuestro humilde analisis de lo sucedido.<\/p>\n\n\n\n<p>Lo del judo y el atletismo no es sorpresa. Habr\u00e1 que tener en cuenta que en la pr\u00f3xima edici\u00f3n que organizaremos, donde seguramente nuestros atletas competir\u00e1n fuera de nuestro territorio por falta de una pista sint\u00e9tica, ya no tendremos nuestro \u00abAncho de Espadas\u00bb Renata Godoy.<\/p>\n\n\n\n<p>A pesar de la mejora de varios deportes respecto a ediciones anteriores, f\u00fatbol femenino y b\u00e1squet masculino principalmente, la \u00fanica disciplina de conjunto que estuvo a nivel de los Juegos fue el v\u00f3ley femenino.<\/p>\n\n\n\n<p>Para mejorar aqu\u00ed no hay secreto, trabajo y volumen de juego con competencias y giras de todo tipo. Lo del ciclismo, nataci\u00f3n (sin lugar de entrenamiento en la capital) y b\u00e1squet femenino es m\u00e1s complicado.<\/p>\n\n\n\n<p>Aunque la nataci\u00f3n y el b\u00e1squet femenino aparecen como deportes que podr\u00edan tener recuperaci\u00f3n en menor lapso de tiempo.<\/p>\n\n\n\n<p>En las condiciones actuales TDF logra casi 80 puntos. De conseguir subir un par de puestos finales en las disciplinas de conjunto, sextos lugares, podr\u00eda superar holgadamente las 100 unidades lo que significar\u00eda escalar a la 9\u00b0 posici\u00f3n final y hasta so\u00f1ar con el octavo puesto.<\/p>\n\n\n\n<p>Para ello desde la Secretar\u00eda de Deportes Provincial deber\u00eda revisar algunas cuestiones como si se justifica el gasto en relaci\u00f3n a los resultados de los head coach e invertir en todo sentido, dinero, log\u00edstica, concentraciones, giras, para mejorar el nivel y vol\u00famenes de juego de sus planteles. <\/p>\n\n\n\n<p>Asimismo los Cuerpos T\u00e9cnicos ajustar su cronograma de trabajo y realizar un mayor y mejor seguimiento de los jugadores\/as que actuan en el continente para presentar en cancha, en todos los casos, los mejores planteles posibles.<\/p>\n\n\n\n<p>Es decir empezar a pensar en serio en la XXXII edici\u00f3n de los Juegos Binacionales de la Araucania TDF 2025.<\/p>\n\n\n\n<p>Yo me pregunt\u00f3&#8230; habr\u00e1 intenciones de hacerlo? <\/p>\n\n\n\n<p><strong>Juegos Binacionales de la Araucania<\/strong><\/p>\n\n\n\n<p><strong>Posiciones Finales <\/strong><\/p>\n\n\n\n<p><strong>Campe\u00f3n: R\u00edo Negro 177 Pts.<\/strong><\/p>\n\n\n\n<p>Sub campe\u00f3n:  Chubut 171 <\/p>\n\n\n\n<p>3\u00b0 La Pampa 168<\/p>\n\n\n\n<p>4\u00b0 Araucan\u00eda 157<\/p>\n\n\n\n<p> 5\u00b0 B\u00edo B\u00edo 156<\/p>\n\n\n\n<p>6\u00b0 Los Lagos 148<\/p>\n\n\n\n<p>7\u00b0 Neuqu\u00e9n 147<\/p>\n\n\n\n<p>8\u00b0 Los R\u00edos 129<\/p>\n\n\n\n<p>9\u00b0 Santa Cruz 104<\/p>\n\n\n\n<p>10\u00b0 \u00d1uble 94<\/p>\n\n\n\n<p>11\u00b0 Magallanes 90<\/p>\n\n\n\n<p><strong>12\u00b0 TDF 79<\/strong><\/p>\n\n\n\n<p>13\u00b0 Ays\u00e9n 71<\/p>\n\n\n\n<p><strong>El desglose de los fueguinos por disciplina <\/strong><\/p>\n\n\n\n<p>Judo<\/p>\n\n\n\n<p>Femenino 3\u00b0 (16 puntos)<\/p>\n\n\n\n<p>Masculino 8\u00b0 (6 puntos)<\/p>\n\n\n\n<p>Atletismo <\/p>\n\n\n\n<p>Femenino 5\u00b0 (12 pts.)<\/p>\n\n\n\n<p>Masculino 10\u00b0 (4 pts)<\/p>\n\n\n\n<p>Futbol <\/p>\n\n\n\n<p>Femenino 8\u00b0 (6 pts.)<\/p>\n\n\n\n<p>Masculino 9\u00b0 (5\u00b0 pts)<\/p>\n\n\n\n<p>B\u00e1squet <\/p>\n\n\n\n<p>Femenino 13\u00b0 (1 pts.)<\/p>\n\n\n\n<p>Masculino 8\u00b0 (6 pts.)<\/p>\n\n\n\n<p>V\u00f3ley<\/p>\n\n\n\n<p>Femenino 5\u00b0 (12 pts.)<\/p>\n\n\n\n<p>Masculino 12\u00b0 (2 pts.)<\/p>\n\n\n\n<p>Ciclismo <\/p>\n\n\n\n<p>Femenino 13\u00b0 (0)<\/p>\n\n\n\n<p>Madculino 13\u00b0 (1)<\/p>\n\n\n\n<p>Natacion <\/p>\n\n\n\n<p>Femenino 10\u00b0 (4 pts.)<\/p>\n\n\n\n<p>Masculino 10\u00b0 (4 pts.)<\/p>\n\n\n\n<figure class=\"wp-block-image size-large\"><a href=\"http:\/\/labestiadeportiva.com\/lbd\/wp-content\/uploads\/2024\/11\/1000538464.jpg\"><img loading=\"lazy\" width=\"1024\" height=\"682\" src=\"http:\/\/labestiadeportiva.com\/lbd\/wp-content\/uploads\/2024\/11\/1000538464-1024x682.jpg\" alt=\"\" class=\"wp-image-51153\" srcset=\"http:\/\/labestiadeportiva.com\/lbd\/wp-content\/uploads\/2024\/11\/1000538464-1024x682.jpg 1024w, http:\/\/labestiadeportiva.com\/lbd\/wp-content\/uploads\/2024\/11\/1000538464-300x200.jpg 300w, http:\/\/labestiadeportiva.com\/lbd\/wp-content\/uploads\/2024\/11\/1000538464-768x511.jpg 768w, http:\/\/labestiadeportiva.com\/lbd\/wp-content\/uploads\/2024\/11\/1000538464-640x426.jpg 640w, http:\/\/labestiadeportiva.com\/lbd\/wp-content\/uploads\/2024\/11\/1000538464.jpg 1280w\" sizes=\"(max-width: 1024px) 100vw, 1024px\" \/><\/a><\/figure>\n\n\n\n<p><\/p>\n<div class='epvc-post-count'><span class='epvc-eye'><\/span>  <span class=\"epvc-count\"> 1.029<\/span><span class='epvc-label'> veces le\u00edda<\/span><\/div>\n<div class=\"jwsharethis\">\nShare this: \n<br \/>\n<a href=\"mailto:?subject=R%C3%ADo%20Negro%20lo%20hizo%20otra%20vez&amp;body=http%3A%2F%2Flabestiadeportiva.com%2Flbd%2Frio-negro-lo-hizo-otra-vez%2F\">\n<img src=\"http:\/\/labestiadeportiva.com\/lbd\/wp-content\/plugins\/jw-share-this\/email.png\" alt=\"Share this page via Email\" \/>\n<\/a>\n<a target=\"_blank\" href=\"http:\/\/www.stumbleupon.com\/submit?url=http%3A%2F%2Flabestiadeportiva.com%2Flbd%2Frio-negro-lo-hizo-otra-vez%2F&amp;title=R%C3%ADo+Negro+lo+hizo+otra+vez\">\n<img src=\"http:\/\/labestiadeportiva.com\/lbd\/wp-content\/plugins\/jw-share-this\/su.png\" alt=\"Share this page via Stumble Upon\" \/>\n<\/a>\n<a target=\"_blank\" href=\"http:\/\/digg.com\/submit?url=http%3A%2F%2Flabestiadeportiva.com%2Flbd%2Frio-negro-lo-hizo-otra-vez%2F&amp;title=R%C3%ADo+Negro+lo+hizo+otra+vez\">\n<img src=\"http:\/\/labestiadeportiva.com\/lbd\/wp-content\/plugins\/jw-share-this\/digg.png\" alt=\"Share this page via Digg this\" \/>\n<\/a>\n<a target=\"_blank\" href=\"http:\/\/www.facebook.com\/sharer.php?u=http%3A%2F%2Flabestiadeportiva.com%2Flbd%2Frio-negro-lo-hizo-otra-vez%2F&amp;t=R%C3%ADo+Negro+lo+hizo+otra+vez\">\n<img src=\"http:\/\/labestiadeportiva.com\/lbd\/wp-content\/plugins\/jw-share-this\/fb.png\" alt=\"Share this page via Facebook\" \/>\n<\/a>\n<a target=\"_blank\" href=\"http:\/\/twitter.com\/intent\/tweet?text=I+like+http%3A%2F%2Flabestiadeportiva.com%2Flbd%2Frio-negro-lo-hizo-otra-vez%2F&amp;title=R%C3%ADo+Negro+lo+hizo+otra+vez\">\n<img src=\"http:\/\/labestiadeportiva.com\/lbd\/wp-content\/plugins\/jw-share-this\/twitter.png\" alt=\"Share this page via Twitter\" \/>\n<\/a>\n<\/div>\n","protected":false},"excerpt":{"rendered":"<p>Finalizaron los Juegos Binacionales de la Araucania, Ays\u00e9n 2024. Volvi\u00f3 a repetirse el podio argentino con R\u00edo Negro (177), Chubut (171) y La Pampa (168) en ese orden. La delegacion fueguina ya viaja hacia la provincia previendo arribar a la isla el domingo por la tarde noche. Desde LBD los n\u00fameros finales de la XXXI &hellip; <a href=\"http:\/\/labestiadeportiva.com\/lbd\/rio-negro-lo-hizo-otra-vez\/\" class=\"more-link\">Seguir leyendo <span class=\"screen-reader-text\">R\u00edo Negro lo hizo otra vez<\/span> <span class=\"meta-nav\">&rarr;<\/span><\/a><\/p>\n","protected":false},"author":1,"featured_media":0,"comment_status":"open","ping_status":"open","sticky":false,"template":"","format":"standard","meta":[],"categories":[5,4,6,2277,1],"tags":[5459,3099,4926,83],"_links":{"self":[{"href":"http:\/\/labestiadeportiva.com\/lbd\/wp-json\/wp\/v2\/posts\/51142"}],"collection":[{"href":"http:\/\/labestiadeportiva.com\/lbd\/wp-json\/wp\/v2\/posts"}],"about":[{"href":"http:\/\/labestiadeportiva.com\/lbd\/wp-json\/wp\/v2\/types\/post"}],"author":[{"embeddable":true,"href":"http:\/\/labestiadeportiva.com\/lbd\/wp-json\/wp\/v2\/users\/1"}],"replies":[{"embeddable":true,"href":"http:\/\/labestiadeportiva.com\/lbd\/wp-json\/wp\/v2\/comments?post=51142"}],"version-history":[{"count":9,"href":"http:\/\/labestiadeportiva.com\/lbd\/wp-json\/wp\/v2\/posts\/51142\/revisions"}],"predecessor-version":[{"id":51163,"href":"http:\/\/labestiadeportiva.com\/lbd\/wp-json\/wp\/v2\/posts\/51142\/revisions\/51163"}],"wp:attachment":[{"href":"http:\/\/labestiadeportiva.com\/lbd\/wp-json\/wp\/v2\/media?parent=51142"}],"wp:term":[{"taxonomy":"category","embeddable":true,"href":"http:\/\/labestiadeportiva.com\/lbd\/wp-json\/wp\/v2\/categories?post=51142"},{"taxonomy":"post_tag","embeddable":true,"href":"http:\/\/labestiadeportiva.com\/lbd\/wp-json\/wp\/v2\/tags?post=51142"}],"curies":[{"name":"wp","href":"https:\/\/api.w.org\/{rel}","templated":true}]}}