{"id":51409,"date":"2025-01-06T18:23:32","date_gmt":"2025-01-06T21:23:32","guid":{"rendered":"http:\/\/labestiadeportiva.com\/lbd\/?p=51409"},"modified":"2025-01-06T18:23:36","modified_gmt":"2025-01-06T21:23:36","slug":"emi-arranca-el-ano-en-douglas-audio","status":"publish","type":"post","link":"http:\/\/labestiadeportiva.com\/lbd\/emi-arranca-el-ano-en-douglas-audio\/","title":{"rendered":"\u00abEmi\u00bb arranca el a\u00f1o en Douglas (Audio)"},"content":{"rendered":"\n<figure class=\"wp-block-image size-full\"><a href=\"http:\/\/labestiadeportiva.com\/lbd\/wp-content\/uploads\/2025\/01\/1000629565.jpg\"><img loading=\"lazy\" width=\"720\" height=\"776\" src=\"http:\/\/labestiadeportiva.com\/lbd\/wp-content\/uploads\/2025\/01\/1000629565.jpg\" alt=\"\" class=\"wp-image-51410\" srcset=\"http:\/\/labestiadeportiva.com\/lbd\/wp-content\/uploads\/2025\/01\/1000629565.jpg 720w, http:\/\/labestiadeportiva.com\/lbd\/wp-content\/uploads\/2025\/01\/1000629565-278x300.jpg 278w, http:\/\/labestiadeportiva.com\/lbd\/wp-content\/uploads\/2025\/01\/1000629565-640x690.jpg 640w\" sizes=\"(max-width: 720px) 100vw, 720px\" \/><\/a><\/figure>\n\n\n\n<figure class=\"wp-block-image size-full is-resized\"><a href=\"http:\/\/labestiadeportiva.com\/lbd\/wp-content\/uploads\/2022\/11\/CARA_PEREZ-2.jpg\"><img loading=\"lazy\" src=\"http:\/\/labestiadeportiva.com\/lbd\/wp-content\/uploads\/2022\/11\/CARA_PEREZ-2.jpg\" alt=\"\" class=\"wp-image-43576\" width=\"347\" height=\"71\" srcset=\"http:\/\/labestiadeportiva.com\/lbd\/wp-content\/uploads\/2022\/11\/CARA_PEREZ-2.jpg 600w, http:\/\/labestiadeportiva.com\/lbd\/wp-content\/uploads\/2022\/11\/CARA_PEREZ-2-300x62.jpg 300w\" sizes=\"(max-width: 347px) 100vw, 347px\" \/><\/a><\/figure>\n\n\n\n<p>El delantero ushuaiense, Emiliano Bogado, comenzar\u00e1 el 2025 en la instituci\u00f3n de Pergamino.<\/p>\n\n\n\n<p>V\u00e9lez Sarsfield, Santamarina, Alvarado, Atl\u00e9tico Paran\u00e1, Chaco For Ever y Douglas Haig los clubes  por d\u00f3nde el fueguino despleg\u00f3 su talento.<\/p>\n\n\n\n<p>En su paso por nuestra ciudad este lunes visit\u00f3 los estudios de la 99.9 Radio Provincia realizando un repaso de su carrera profesional.<\/p>\n\n\n\n<!--more-->\n\n\n\n<figure class=\"wp-block-embed is-type-video is-provider-youtube wp-block-embed-youtube wp-embed-aspect-4-3 wp-has-aspect-ratio\"><div class=\"wp-block-embed__wrapper\">\n<iframe loading=\"lazy\" title=\"Audio Emiliano Bogado\" width=\"474\" height=\"356\" src=\"https:\/\/www.youtube.com\/embed\/Fg8hQPTiIWw?feature=oembed\" frameborder=\"0\" allow=\"accelerometer; autoplay; clipboard-write; encrypted-media; gyroscope; picture-in-picture; web-share\" referrerpolicy=\"strict-origin-when-cross-origin\" allowfullscreen><\/iframe>\n<\/div><\/figure>\n<div class='epvc-post-count'><span class='epvc-eye'><\/span>  <span class=\"epvc-count\"> 1.414<\/span><span class='epvc-label'> veces le\u00edda<\/span><\/div>\n<div class=\"jwsharethis\">\nShare this: \n<br \/>\n<a href=\"mailto:?subject=%C2%ABEmi%C2%BB%20arranca%20el%20a%C3%B1o%20en%20Douglas%20%28Audio%29&amp;body=http%3A%2F%2Flabestiadeportiva.com%2Flbd%2Femi-arranca-el-ano-en-douglas-audio%2F\">\n<img src=\"http:\/\/labestiadeportiva.com\/lbd\/wp-content\/plugins\/jw-share-this\/email.png\" alt=\"Share this page via Email\" \/>\n<\/a>\n<a target=\"_blank\" href=\"http:\/\/www.stumbleupon.com\/submit?url=http%3A%2F%2Flabestiadeportiva.com%2Flbd%2Femi-arranca-el-ano-en-douglas-audio%2F&amp;title=%C2%ABEmi%C2%BB+arranca+el+a%C3%B1o+en+Douglas+%28Audio%29\">\n<img src=\"http:\/\/labestiadeportiva.com\/lbd\/wp-content\/plugins\/jw-share-this\/su.png\" alt=\"Share this page via Stumble Upon\" \/>\n<\/a>\n<a target=\"_blank\" href=\"http:\/\/digg.com\/submit?url=http%3A%2F%2Flabestiadeportiva.com%2Flbd%2Femi-arranca-el-ano-en-douglas-audio%2F&amp;title=%C2%ABEmi%C2%BB+arranca+el+a%C3%B1o+en+Douglas+%28Audio%29\">\n<img src=\"http:\/\/labestiadeportiva.com\/lbd\/wp-content\/plugins\/jw-share-this\/digg.png\" alt=\"Share this page via Digg this\" \/>\n<\/a>\n<a target=\"_blank\" href=\"http:\/\/www.facebook.com\/sharer.php?u=http%3A%2F%2Flabestiadeportiva.com%2Flbd%2Femi-arranca-el-ano-en-douglas-audio%2F&amp;t=%C2%ABEmi%C2%BB+arranca+el+a%C3%B1o+en+Douglas+%28Audio%29\">\n<img src=\"http:\/\/labestiadeportiva.com\/lbd\/wp-content\/plugins\/jw-share-this\/fb.png\" alt=\"Share this page via Facebook\" \/>\n<\/a>\n<a target=\"_blank\" href=\"http:\/\/twitter.com\/intent\/tweet?text=I+like+http%3A%2F%2Flabestiadeportiva.com%2Flbd%2Femi-arranca-el-ano-en-douglas-audio%2F&amp;title=%C2%ABEmi%C2%BB+arranca+el+a%C3%B1o+en+Douglas+%28Audio%29\">\n<img src=\"http:\/\/labestiadeportiva.com\/lbd\/wp-content\/plugins\/jw-share-this\/twitter.png\" alt=\"Share this page via Twitter\" \/>\n<\/a>\n<\/div>\n","protected":false},"excerpt":{"rendered":"<p>El delantero ushuaiense, Emiliano Bogado, comenzar\u00e1 el 2025 en la instituci\u00f3n de Pergamino. V\u00e9lez Sarsfield, Santamarina, Alvarado, Atl\u00e9tico Paran\u00e1, Chaco For Ever y Douglas Haig los clubes por d\u00f3nde el fueguino despleg\u00f3 su talento. En su paso por nuestra ciudad este lunes visit\u00f3 los estudios de la 99.9 Radio Provincia realizando un repaso de su &hellip; <a href=\"http:\/\/labestiadeportiva.com\/lbd\/emi-arranca-el-ano-en-douglas-audio\/\" class=\"more-link\">Seguir leyendo <span class=\"screen-reader-text\">\u00abEmi\u00bb arranca el a\u00f1o en Douglas (Audio)<\/span> <span class=\"meta-nav\">&rarr;<\/span><\/a><\/p>\n","protected":false},"author":1,"featured_media":0,"comment_status":"open","ping_status":"open","sticky":false,"template":"","format":"standard","meta":[],"categories":[5,6,60,3083,1],"tags":[1498,4838,1853,17,83],"_links":{"self":[{"href":"http:\/\/labestiadeportiva.com\/lbd\/wp-json\/wp\/v2\/posts\/51409"}],"collection":[{"href":"http:\/\/labestiadeportiva.com\/lbd\/wp-json\/wp\/v2\/posts"}],"about":[{"href":"http:\/\/labestiadeportiva.com\/lbd\/wp-json\/wp\/v2\/types\/post"}],"author":[{"embeddable":true,"href":"http:\/\/labestiadeportiva.com\/lbd\/wp-json\/wp\/v2\/users\/1"}],"replies":[{"embeddable":true,"href":"http:\/\/labestiadeportiva.com\/lbd\/wp-json\/wp\/v2\/comments?post=51409"}],"version-history":[{"count":1,"href":"http:\/\/labestiadeportiva.com\/lbd\/wp-json\/wp\/v2\/posts\/51409\/revisions"}],"predecessor-version":[{"id":51411,"href":"http:\/\/labestiadeportiva.com\/lbd\/wp-json\/wp\/v2\/posts\/51409\/revisions\/51411"}],"wp:attachment":[{"href":"http:\/\/labestiadeportiva.com\/lbd\/wp-json\/wp\/v2\/media?parent=51409"}],"wp:term":[{"taxonomy":"category","embeddable":true,"href":"http:\/\/labestiadeportiva.com\/lbd\/wp-json\/wp\/v2\/categories?post=51409"},{"taxonomy":"post_tag","embeddable":true,"href":"http:\/\/labestiadeportiva.com\/lbd\/wp-json\/wp\/v2\/tags?post=51409"}],"curies":[{"name":"wp","href":"https:\/\/api.w.org\/{rel}","templated":true}]}}