{"id":51438,"date":"2025-01-14T00:13:37","date_gmt":"2025-01-14T03:13:37","guid":{"rendered":"http:\/\/labestiadeportiva.com\/lbd\/?p=51438"},"modified":"2025-01-14T00:13:45","modified_gmt":"2025-01-14T03:13:45","slug":"mariano-a-cargo-de-la-8-del-lobo-audio","status":"publish","type":"post","link":"http:\/\/labestiadeportiva.com\/lbd\/mariano-a-cargo-de-la-8-del-lobo-audio\/","title":{"rendered":"Mariano a cargo de la 8\u00b0 del \u00abLobo\u00bb (Audio)"},"content":{"rendered":"\n<figure class=\"wp-block-image size-large\"><a href=\"http:\/\/labestiadeportiva.com\/lbd\/wp-content\/uploads\/2025\/01\/1000641589-scaled.jpg\"><img loading=\"lazy\" width=\"685\" height=\"1024\" src=\"http:\/\/labestiadeportiva.com\/lbd\/wp-content\/uploads\/2025\/01\/1000641589-685x1024.jpg\" alt=\"\" class=\"wp-image-51447\" srcset=\"http:\/\/labestiadeportiva.com\/lbd\/wp-content\/uploads\/2025\/01\/1000641589-685x1024.jpg 685w, http:\/\/labestiadeportiva.com\/lbd\/wp-content\/uploads\/2025\/01\/1000641589-201x300.jpg 201w, http:\/\/labestiadeportiva.com\/lbd\/wp-content\/uploads\/2025\/01\/1000641589-768x1148.jpg 768w, http:\/\/labestiadeportiva.com\/lbd\/wp-content\/uploads\/2025\/01\/1000641589-1027x1536.jpg 1027w, http:\/\/labestiadeportiva.com\/lbd\/wp-content\/uploads\/2025\/01\/1000641589-1370x2048.jpg 1370w, http:\/\/labestiadeportiva.com\/lbd\/wp-content\/uploads\/2025\/01\/1000641589-640x957.jpg 640w, http:\/\/labestiadeportiva.com\/lbd\/wp-content\/uploads\/2025\/01\/1000641589-scaled.jpg 1712w\" sizes=\"(max-width: 685px) 100vw, 685px\" \/><\/a><\/figure>\n\n\n\n<figure class=\"wp-block-image size-full is-resized\"><a href=\"http:\/\/labestiadeportiva.com\/lbd\/wp-content\/uploads\/2022\/11\/CARA_PEREZ-2.jpg\"><img loading=\"lazy\" src=\"http:\/\/labestiadeportiva.com\/lbd\/wp-content\/uploads\/2022\/11\/CARA_PEREZ-2.jpg\" alt=\"\" class=\"wp-image-43576\" width=\"362\" height=\"74\" srcset=\"http:\/\/labestiadeportiva.com\/lbd\/wp-content\/uploads\/2022\/11\/CARA_PEREZ-2.jpg 600w, http:\/\/labestiadeportiva.com\/lbd\/wp-content\/uploads\/2022\/11\/CARA_PEREZ-2-300x62.jpg 300w\" sizes=\"(max-width: 362px) 100vw, 362px\" \/><\/a><\/figure>\n\n\n\n<p>El ushuaiense Mariano Maida fue confirmado como entrenador de la octava divisi\u00f3n del Club Atl\u00e9tico Gimnasia Esgrima La Plata.<\/p>\n\n\n\n<p>Un dia antes de regresar al continente visit\u00f3 los estudios de la 99.9 Radio Provincia.<\/p>\n\n\n\n<p>Balance del 2024 salonero, repaso de su trayectoria profesional y detalles del nuevo desaf\u00edo deportivo, los principales temas de la amena charla.<\/p>\n\n\n\n<!--more-->\n\n\n\n<figure class=\"wp-block-embed is-type-video is-provider-youtube wp-block-embed-youtube wp-embed-aspect-4-3 wp-has-aspect-ratio\"><div class=\"wp-block-embed__wrapper\">\n<iframe loading=\"lazy\" title=\"Audio Mariano Maida\" width=\"474\" height=\"356\" src=\"https:\/\/www.youtube.com\/embed\/HtFm3M-moeo?feature=oembed\" frameborder=\"0\" allow=\"accelerometer; autoplay; clipboard-write; encrypted-media; gyroscope; picture-in-picture; web-share\" referrerpolicy=\"strict-origin-when-cross-origin\" allowfullscreen><\/iframe>\n<\/div><\/figure>\n<div class='epvc-post-count'><span class='epvc-eye'><\/span>  <span class=\"epvc-count\"> 979<\/span><span class='epvc-label'> veces le\u00edda<\/span><\/div>\n<div class=\"jwsharethis\">\nShare this: \n<br \/>\n<a href=\"mailto:?subject=Mariano%20a%20cargo%20de%20la%208%C2%B0%20del%20%C2%ABLobo%C2%BB%20%28Audio%29&amp;body=http%3A%2F%2Flabestiadeportiva.com%2Flbd%2Fmariano-a-cargo-de-la-8-del-lobo-audio%2F\">\n<img src=\"http:\/\/labestiadeportiva.com\/lbd\/wp-content\/plugins\/jw-share-this\/email.png\" alt=\"Share this page via Email\" \/>\n<\/a>\n<a target=\"_blank\" href=\"http:\/\/www.stumbleupon.com\/submit?url=http%3A%2F%2Flabestiadeportiva.com%2Flbd%2Fmariano-a-cargo-de-la-8-del-lobo-audio%2F&amp;title=Mariano+a+cargo+de+la+8%C2%B0+del+%C2%ABLobo%C2%BB+%28Audio%29\">\n<img src=\"http:\/\/labestiadeportiva.com\/lbd\/wp-content\/plugins\/jw-share-this\/su.png\" alt=\"Share this page via Stumble Upon\" \/>\n<\/a>\n<a target=\"_blank\" href=\"http:\/\/digg.com\/submit?url=http%3A%2F%2Flabestiadeportiva.com%2Flbd%2Fmariano-a-cargo-de-la-8-del-lobo-audio%2F&amp;title=Mariano+a+cargo+de+la+8%C2%B0+del+%C2%ABLobo%C2%BB+%28Audio%29\">\n<img src=\"http:\/\/labestiadeportiva.com\/lbd\/wp-content\/plugins\/jw-share-this\/digg.png\" alt=\"Share this page via Digg this\" \/>\n<\/a>\n<a target=\"_blank\" href=\"http:\/\/www.facebook.com\/sharer.php?u=http%3A%2F%2Flabestiadeportiva.com%2Flbd%2Fmariano-a-cargo-de-la-8-del-lobo-audio%2F&amp;t=Mariano+a+cargo+de+la+8%C2%B0+del+%C2%ABLobo%C2%BB+%28Audio%29\">\n<img src=\"http:\/\/labestiadeportiva.com\/lbd\/wp-content\/plugins\/jw-share-this\/fb.png\" alt=\"Share this page via Facebook\" \/>\n<\/a>\n<a target=\"_blank\" href=\"http:\/\/twitter.com\/intent\/tweet?text=I+like+http%3A%2F%2Flabestiadeportiva.com%2Flbd%2Fmariano-a-cargo-de-la-8-del-lobo-audio%2F&amp;title=Mariano+a+cargo+de+la+8%C2%B0+del+%C2%ABLobo%C2%BB+%28Audio%29\">\n<img src=\"http:\/\/labestiadeportiva.com\/lbd\/wp-content\/plugins\/jw-share-this\/twitter.png\" alt=\"Share this page via Twitter\" \/>\n<\/a>\n<\/div>\n","protected":false},"excerpt":{"rendered":"<p>El ushuaiense Mariano Maida fue confirmado como entrenador de la octava divisi\u00f3n del Club Atl\u00e9tico Gimnasia Esgrima La Plata. Un dia antes de regresar al continente visit\u00f3 los estudios de la 99.9 Radio Provincia. Balance del 2024 salonero, repaso de su trayectoria profesional y detalles del nuevo desaf\u00edo deportivo, los principales temas de la amena &hellip; <a href=\"http:\/\/labestiadeportiva.com\/lbd\/mariano-a-cargo-de-la-8-del-lobo-audio\/\" class=\"more-link\">Seguir leyendo <span class=\"screen-reader-text\">Mariano a cargo de la 8\u00b0 del \u00abLobo\u00bb (Audio)<\/span> <span class=\"meta-nav\">&rarr;<\/span><\/a><\/p>\n","protected":false},"author":1,"featured_media":0,"comment_status":"open","ping_status":"open","sticky":false,"template":"","format":"standard","meta":[],"categories":[5,6,60,3083,2343,1],"tags":[394,4838,17,457,4241,83],"_links":{"self":[{"href":"http:\/\/labestiadeportiva.com\/lbd\/wp-json\/wp\/v2\/posts\/51438"}],"collection":[{"href":"http:\/\/labestiadeportiva.com\/lbd\/wp-json\/wp\/v2\/posts"}],"about":[{"href":"http:\/\/labestiadeportiva.com\/lbd\/wp-json\/wp\/v2\/types\/post"}],"author":[{"embeddable":true,"href":"http:\/\/labestiadeportiva.com\/lbd\/wp-json\/wp\/v2\/users\/1"}],"replies":[{"embeddable":true,"href":"http:\/\/labestiadeportiva.com\/lbd\/wp-json\/wp\/v2\/comments?post=51438"}],"version-history":[{"count":1,"href":"http:\/\/labestiadeportiva.com\/lbd\/wp-json\/wp\/v2\/posts\/51438\/revisions"}],"predecessor-version":[{"id":51448,"href":"http:\/\/labestiadeportiva.com\/lbd\/wp-json\/wp\/v2\/posts\/51438\/revisions\/51448"}],"wp:attachment":[{"href":"http:\/\/labestiadeportiva.com\/lbd\/wp-json\/wp\/v2\/media?parent=51438"}],"wp:term":[{"taxonomy":"category","embeddable":true,"href":"http:\/\/labestiadeportiva.com\/lbd\/wp-json\/wp\/v2\/categories?post=51438"},{"taxonomy":"post_tag","embeddable":true,"href":"http:\/\/labestiadeportiva.com\/lbd\/wp-json\/wp\/v2\/tags?post=51438"}],"curies":[{"name":"wp","href":"https:\/\/api.w.org\/{rel}","templated":true}]}}