{"id":51557,"date":"2025-01-28T00:36:37","date_gmt":"2025-01-28T03:36:37","guid":{"rendered":"http:\/\/labestiadeportiva.com\/lbd\/?p=51557"},"modified":"2025-01-28T00:36:39","modified_gmt":"2025-01-28T03:36:39","slug":"derrota-en-el-final","status":"publish","type":"post","link":"http:\/\/labestiadeportiva.com\/lbd\/derrota-en-el-final\/","title":{"rendered":"Derrota en el final"},"content":{"rendered":"\n<figure class=\"wp-block-image size-full\"><a href=\"http:\/\/labestiadeportiva.com\/lbd\/wp-content\/uploads\/2025\/01\/1000664219-1.jpg\"><img loading=\"lazy\" width=\"872\" height=\"581\" src=\"http:\/\/labestiadeportiva.com\/lbd\/wp-content\/uploads\/2025\/01\/1000664219-1.jpg\" alt=\"\" class=\"wp-image-51571\" srcset=\"http:\/\/labestiadeportiva.com\/lbd\/wp-content\/uploads\/2025\/01\/1000664219-1.jpg 872w, http:\/\/labestiadeportiva.com\/lbd\/wp-content\/uploads\/2025\/01\/1000664219-1-300x200.jpg 300w, http:\/\/labestiadeportiva.com\/lbd\/wp-content\/uploads\/2025\/01\/1000664219-1-768x512.jpg 768w, http:\/\/labestiadeportiva.com\/lbd\/wp-content\/uploads\/2025\/01\/1000664219-1-640x426.jpg 640w\" sizes=\"(max-width: 872px) 100vw, 872px\" \/><\/a><\/figure>\n\n\n\n<figure class=\"wp-block-image size-full is-resized\"><a href=\"http:\/\/labestiadeportiva.com\/lbd\/wp-content\/uploads\/2022\/11\/CARA_TORRES-1.jpg\"><img loading=\"lazy\" src=\"http:\/\/labestiadeportiva.com\/lbd\/wp-content\/uploads\/2022\/11\/CARA_TORRES-1.jpg\" alt=\"\" class=\"wp-image-43579\" width=\"359\" height=\"73\" srcset=\"http:\/\/labestiadeportiva.com\/lbd\/wp-content\/uploads\/2022\/11\/CARA_TORRES-1.jpg 600w, http:\/\/labestiadeportiva.com\/lbd\/wp-content\/uploads\/2022\/11\/CARA_TORRES-1-300x62.jpg 300w\" sizes=\"(max-width: 359px) 100vw, 359px\" \/><\/a><\/figure>\n\n\n\n<p>\u00abLos Gladiadores\u00bb se despidieron del mundial con una derrota ante Islandia por 30 a 21.  Finalmente el joven equipo de \u00abPucho\u00bb Jung finaliz\u00f3 en el puesto 20 de la clasificaci\u00f3n.<\/p>\n\n\n\n<!--more-->\n\n\n\n<figure class=\"wp-block-image size-full\"><a href=\"http:\/\/labestiadeportiva.com\/lbd\/wp-content\/uploads\/2025\/01\/1000664217-1.jpg\"><img loading=\"lazy\" width=\"871\" height=\"582\" src=\"http:\/\/labestiadeportiva.com\/lbd\/wp-content\/uploads\/2025\/01\/1000664217-1.jpg\" alt=\"\" class=\"wp-image-51572\" srcset=\"http:\/\/labestiadeportiva.com\/lbd\/wp-content\/uploads\/2025\/01\/1000664217-1.jpg 871w, http:\/\/labestiadeportiva.com\/lbd\/wp-content\/uploads\/2025\/01\/1000664217-1-300x200.jpg 300w, http:\/\/labestiadeportiva.com\/lbd\/wp-content\/uploads\/2025\/01\/1000664217-1-768x513.jpg 768w, http:\/\/labestiadeportiva.com\/lbd\/wp-content\/uploads\/2025\/01\/1000664217-1-640x428.jpg 640w\" sizes=\"(max-width: 871px) 100vw, 871px\" \/><\/a><\/figure>\n\n\n\n<p>El partido ante Cabo Verde, jugado el pasado viernes pasado, fue el segundo \u00e9xito para los argentinos, un b\u00e1lsamo entre tantas penurias que sufri\u00f3 en este mundial. <\/p>\n\n\n\n<p>Desde completar la plantilla sin un extremo izquierdo lo que hizo que Pedro Martinez tome generalmente esa posici\u00f3n hasta la lesi\u00f3n de Moscariello con una fractura en su mano, <\/p>\n\n\n\n<p>adem\u00e1s de no contar en sus filas con jugadores de peso como los hermanos Simonet, algo que gener\u00f3 suspicacias e informaci\u00f3nes cruzadas. <\/p>\n\n\n\n<p>Un combo letal que poco a poco se fue desactivando a medida que avanzaba la competencia. Con un equipo joven, Rodolfo Jung su actual entrenador, pudo ir armando partido a partido un equipo que muestre el ADN de \u00abLos Gladiadores\u00bb  a cuentagotas pero con un potencial que se ver\u00e1 en los pr\u00f3ximos encuentros internacionales. <\/p>\n\n\n\n<p>Ante Cabo Verde, pudo sacar adelante el juego con un gran trabajo f\u00edsico y al buen momento de Leonel Maciel en el arco y el aprovechamientos que hizo Mouri\u00f1o desde el pivot. <\/p>\n\n\n\n<p>El triunfo ante los africanos fue de 30 a 26 con un parcial de igualdad en 14  al cierre del primer tiempo. <\/p>\n\n\n\n<figure class=\"wp-block-image size-full\"><a href=\"http:\/\/labestiadeportiva.com\/lbd\/wp-content\/uploads\/2025\/01\/1000664220.jpg\"><img loading=\"lazy\" width=\"873\" height=\"582\" src=\"http:\/\/labestiadeportiva.com\/lbd\/wp-content\/uploads\/2025\/01\/1000664220.jpg\" alt=\"\" class=\"wp-image-51573\" srcset=\"http:\/\/labestiadeportiva.com\/lbd\/wp-content\/uploads\/2025\/01\/1000664220.jpg 873w, http:\/\/labestiadeportiva.com\/lbd\/wp-content\/uploads\/2025\/01\/1000664220-300x200.jpg 300w, http:\/\/labestiadeportiva.com\/lbd\/wp-content\/uploads\/2025\/01\/1000664220-768x512.jpg 768w, http:\/\/labestiadeportiva.com\/lbd\/wp-content\/uploads\/2025\/01\/1000664220-640x427.jpg 640w\" sizes=\"(max-width: 873px) 100vw, 873px\" \/><\/a><\/figure>\n\n\n\n<p>Luego de cinco partidos de mucha intensidad f\u00edsica, Islandia fue una parada fuerte para las reservas f\u00edsicas del conjunto nacional. <\/p>\n\n\n\n<p>El conjunto argento jug\u00f3 los primeros minutos  del partido a buen ritmo. En el minuto10 la diferencia era de dos goles a favor convertidos por Mouri\u00f1o y Mart\u00ednez.<\/p>\n\n\n\n<p>Cinco minutos despu\u00e9s el marcador estaba igualado, a partir de all\u00ed empez\u00f3 a crecer el arquero island\u00e9s Hallgrimsson que termin\u00f3 siendo una de las figuras del partido. <\/p>\n\n\n\n<p>Los continuos ataques nacionales  se encontraron con un arquero imbatible. Islandia se empez\u00f3 a despegar en el marcador a partir de los 23 hasta cerrar el primer per\u00edodo con un parcial de 15 a 10 para los de la isla. <\/p>\n\n\n\n<p>El complemento comenz\u00f3 con un equipo argento muy fr\u00edo con cuatro goles parciales de los islandeses y reci\u00e9n a los 6 minutos de del segundo tiempo, el juvenil Gull pudo romper la sequ\u00eda. <\/p>\n\n\n\n<p>A esa altura  la merma f\u00edsica fue determinante, dejando en claro que ya no habia respuestas para detener los ataques de Islandia que se sab\u00eda due\u00f1o de las acciones. 30 a 21 final y el cierre del mundial para el equipo nacional. <\/p>\n\n\n\n<p>A partir de aqu\u00ed llegar\u00e1n los Cuartos de Final de la cita internacional donde la grata sorpresa es Brasil. Lo del scratch no tiene precedentes dejando en el camino a dos pesos pesados como Espa\u00f1a y Suecia.<\/p>\n\n\n\n<p>En el pr\u00f3ximo compromiso tendr\u00e1 en frente al gran candidato, Dinamarca, sin nada que perder.  Independientemente de lo que suceda en salto de calidad realizado es sorprendente e inspirador.<\/p>\n\n\n\n<figure class=\"wp-block-image size-full\"><a href=\"http:\/\/labestiadeportiva.com\/lbd\/wp-content\/uploads\/2025\/01\/1000664218.jpg\"><img loading=\"lazy\" width=\"877\" height=\"576\" src=\"http:\/\/labestiadeportiva.com\/lbd\/wp-content\/uploads\/2025\/01\/1000664218.jpg\" alt=\"\" class=\"wp-image-51570\" srcset=\"http:\/\/labestiadeportiva.com\/lbd\/wp-content\/uploads\/2025\/01\/1000664218.jpg 877w, http:\/\/labestiadeportiva.com\/lbd\/wp-content\/uploads\/2025\/01\/1000664218-300x197.jpg 300w, http:\/\/labestiadeportiva.com\/lbd\/wp-content\/uploads\/2025\/01\/1000664218-768x504.jpg 768w, http:\/\/labestiadeportiva.com\/lbd\/wp-content\/uploads\/2025\/01\/1000664218-640x420.jpg 640w\" sizes=\"(max-width: 877px) 100vw, 877px\" \/><\/a><\/figure>\n\n\n\n<figure class=\"wp-block-image size-large\"><a href=\"http:\/\/labestiadeportiva.com\/lbd\/wp-content\/uploads\/2025\/01\/1000664593.png\"><img loading=\"lazy\" width=\"1024\" height=\"724\" src=\"http:\/\/labestiadeportiva.com\/lbd\/wp-content\/uploads\/2025\/01\/1000664593-1024x724.png\" alt=\"\" class=\"wp-image-51566\" srcset=\"http:\/\/labestiadeportiva.com\/lbd\/wp-content\/uploads\/2025\/01\/1000664593-1024x724.png 1024w, http:\/\/labestiadeportiva.com\/lbd\/wp-content\/uploads\/2025\/01\/1000664593-300x212.png 300w, http:\/\/labestiadeportiva.com\/lbd\/wp-content\/uploads\/2025\/01\/1000664593-768x543.png 768w, http:\/\/labestiadeportiva.com\/lbd\/wp-content\/uploads\/2025\/01\/1000664593-640x453.png 640w, http:\/\/labestiadeportiva.com\/lbd\/wp-content\/uploads\/2025\/01\/1000664593.png 1080w\" sizes=\"(max-width: 1024px) 100vw, 1024px\" \/><\/a><\/figure>\n\n\n\n<figure class=\"wp-block-image size-large\"><a href=\"http:\/\/labestiadeportiva.com\/lbd\/wp-content\/uploads\/2025\/01\/1000664589.png\"><img loading=\"lazy\" width=\"1024\" height=\"949\" src=\"http:\/\/labestiadeportiva.com\/lbd\/wp-content\/uploads\/2025\/01\/1000664589-1024x949.png\" alt=\"\" class=\"wp-image-51567\" srcset=\"http:\/\/labestiadeportiva.com\/lbd\/wp-content\/uploads\/2025\/01\/1000664589-1024x949.png 1024w, http:\/\/labestiadeportiva.com\/lbd\/wp-content\/uploads\/2025\/01\/1000664589-300x278.png 300w, http:\/\/labestiadeportiva.com\/lbd\/wp-content\/uploads\/2025\/01\/1000664589-768x712.png 768w, http:\/\/labestiadeportiva.com\/lbd\/wp-content\/uploads\/2025\/01\/1000664589-640x593.png 640w, http:\/\/labestiadeportiva.com\/lbd\/wp-content\/uploads\/2025\/01\/1000664589.png 1080w\" sizes=\"(max-width: 1024px) 100vw, 1024px\" \/><\/a><\/figure>\n<div class='epvc-post-count'><span class='epvc-eye'><\/span>  <span class=\"epvc-count\"> 1.245<\/span><span class='epvc-label'> veces le\u00edda<\/span><\/div>\n<div class=\"jwsharethis\">\nShare this: \n<br \/>\n<a href=\"mailto:?subject=Derrota%20en%20el%20final&amp;body=http%3A%2F%2Flabestiadeportiva.com%2Flbd%2Fderrota-en-el-final%2F\">\n<img src=\"http:\/\/labestiadeportiva.com\/lbd\/wp-content\/plugins\/jw-share-this\/email.png\" alt=\"Share this page via Email\" \/>\n<\/a>\n<a target=\"_blank\" href=\"http:\/\/www.stumbleupon.com\/submit?url=http%3A%2F%2Flabestiadeportiva.com%2Flbd%2Fderrota-en-el-final%2F&amp;title=Derrota+en+el+final\">\n<img src=\"http:\/\/labestiadeportiva.com\/lbd\/wp-content\/plugins\/jw-share-this\/su.png\" alt=\"Share this page via Stumble Upon\" \/>\n<\/a>\n<a target=\"_blank\" href=\"http:\/\/digg.com\/submit?url=http%3A%2F%2Flabestiadeportiva.com%2Flbd%2Fderrota-en-el-final%2F&amp;title=Derrota+en+el+final\">\n<img src=\"http:\/\/labestiadeportiva.com\/lbd\/wp-content\/plugins\/jw-share-this\/digg.png\" alt=\"Share this page via Digg this\" \/>\n<\/a>\n<a target=\"_blank\" href=\"http:\/\/www.facebook.com\/sharer.php?u=http%3A%2F%2Flabestiadeportiva.com%2Flbd%2Fderrota-en-el-final%2F&amp;t=Derrota+en+el+final\">\n<img src=\"http:\/\/labestiadeportiva.com\/lbd\/wp-content\/plugins\/jw-share-this\/fb.png\" alt=\"Share this page via Facebook\" \/>\n<\/a>\n<a target=\"_blank\" href=\"http:\/\/twitter.com\/intent\/tweet?text=I+like+http%3A%2F%2Flabestiadeportiva.com%2Flbd%2Fderrota-en-el-final%2F&amp;title=Derrota+en+el+final\">\n<img src=\"http:\/\/labestiadeportiva.com\/lbd\/wp-content\/plugins\/jw-share-this\/twitter.png\" alt=\"Share this page via Twitter\" \/>\n<\/a>\n<\/div>\n","protected":false},"excerpt":{"rendered":"<p>\u00abLos Gladiadores\u00bb se despidieron del mundial con una derrota ante Islandia por 30 a 21. Finalmente el joven equipo de \u00abPucho\u00bb Jung finaliz\u00f3 en el puesto 20 de la clasificaci\u00f3n. 1.245 veces le\u00edda Share this:<\/p>\n","protected":false},"author":1,"featured_media":0,"comment_status":"open","ping_status":"open","sticky":false,"template":"","format":"standard","meta":[],"categories":[4,2286,1,3946],"tags":[329,5499,83,88],"_links":{"self":[{"href":"http:\/\/labestiadeportiva.com\/lbd\/wp-json\/wp\/v2\/posts\/51557"}],"collection":[{"href":"http:\/\/labestiadeportiva.com\/lbd\/wp-json\/wp\/v2\/posts"}],"about":[{"href":"http:\/\/labestiadeportiva.com\/lbd\/wp-json\/wp\/v2\/types\/post"}],"author":[{"embeddable":true,"href":"http:\/\/labestiadeportiva.com\/lbd\/wp-json\/wp\/v2\/users\/1"}],"replies":[{"embeddable":true,"href":"http:\/\/labestiadeportiva.com\/lbd\/wp-json\/wp\/v2\/comments?post=51557"}],"version-history":[{"count":1,"href":"http:\/\/labestiadeportiva.com\/lbd\/wp-json\/wp\/v2\/posts\/51557\/revisions"}],"predecessor-version":[{"id":51574,"href":"http:\/\/labestiadeportiva.com\/lbd\/wp-json\/wp\/v2\/posts\/51557\/revisions\/51574"}],"wp:attachment":[{"href":"http:\/\/labestiadeportiva.com\/lbd\/wp-json\/wp\/v2\/media?parent=51557"}],"wp:term":[{"taxonomy":"category","embeddable":true,"href":"http:\/\/labestiadeportiva.com\/lbd\/wp-json\/wp\/v2\/categories?post=51557"},{"taxonomy":"post_tag","embeddable":true,"href":"http:\/\/labestiadeportiva.com\/lbd\/wp-json\/wp\/v2\/tags?post=51557"}],"curies":[{"name":"wp","href":"https:\/\/api.w.org\/{rel}","templated":true}]}}