{"id":51591,"date":"2025-01-29T23:28:06","date_gmt":"2025-01-30T02:28:06","guid":{"rendered":"http:\/\/labestiadeportiva.com\/lbd\/?p=51591"},"modified":"2025-01-29T23:30:03","modified_gmt":"2025-01-30T02:30:03","slug":"a-paso-firme-5","status":"publish","type":"post","link":"http:\/\/labestiadeportiva.com\/lbd\/a-paso-firme-5\/","title":{"rendered":"A paso firme"},"content":{"rendered":"\n<figure class=\"wp-block-image size-full is-resized\"><a href=\"http:\/\/labestiadeportiva.com\/lbd\/wp-content\/uploads\/2025\/01\/1000668171.png\"><img loading=\"lazy\" src=\"http:\/\/labestiadeportiva.com\/lbd\/wp-content\/uploads\/2025\/01\/1000668171.png\" alt=\"\" class=\"wp-image-51592\" width=\"413\" height=\"230\" srcset=\"http:\/\/labestiadeportiva.com\/lbd\/wp-content\/uploads\/2025\/01\/1000668171.png 919w, http:\/\/labestiadeportiva.com\/lbd\/wp-content\/uploads\/2025\/01\/1000668171-300x168.png 300w, http:\/\/labestiadeportiva.com\/lbd\/wp-content\/uploads\/2025\/01\/1000668171-768x430.png 768w, http:\/\/labestiadeportiva.com\/lbd\/wp-content\/uploads\/2025\/01\/1000668171-640x358.png 640w, http:\/\/labestiadeportiva.com\/lbd\/wp-content\/uploads\/2025\/01\/1000668171-672x372.png 672w\" sizes=\"(max-width: 413px) 100vw, 413px\" \/><\/a><\/figure>\n\n\n\n<p>(Colaboraci\u00f3n Especial para LBD Franco C\u00e1ceres)<\/p>\n\n\n\n<p>La \u00abAlbiceleste\u00bb  lidera su grupo tras una hist\u00f3rica goleada sobre Brasil, un empate ante Colombia y victoria por la m\u00ednima con Bolivia que le permiten mandar c\u00f3modamente su grupo. Fecha libre y cierre de fase ante Ecuador lo que vendr\u00e1 para nuestra selecci\u00f3n en el Sudamericano Sub 20 que se juega en Venezuela.<\/p>\n\n\n\n<!--more-->\n\n\n\n<figure class=\"wp-block-image size-full\"><a href=\"http:\/\/labestiadeportiva.com\/lbd\/wp-content\/uploads\/2025\/01\/1000668170.png\"><img loading=\"lazy\" width=\"927\" height=\"512\" src=\"http:\/\/labestiadeportiva.com\/lbd\/wp-content\/uploads\/2025\/01\/1000668170.png\" alt=\"\" class=\"wp-image-51595\" srcset=\"http:\/\/labestiadeportiva.com\/lbd\/wp-content\/uploads\/2025\/01\/1000668170.png 927w, http:\/\/labestiadeportiva.com\/lbd\/wp-content\/uploads\/2025\/01\/1000668170-300x166.png 300w, http:\/\/labestiadeportiva.com\/lbd\/wp-content\/uploads\/2025\/01\/1000668170-768x424.png 768w, http:\/\/labestiadeportiva.com\/lbd\/wp-content\/uploads\/2025\/01\/1000668170-640x353.png 640w, http:\/\/labestiadeportiva.com\/lbd\/wp-content\/uploads\/2025\/01\/1000668170-672x372.png 672w\" sizes=\"(max-width: 927px) 100vw, 927px\" \/><\/a><\/figure>\n\n\n\n<p>La Selecci\u00f3n Sub 20, dirigida por Diego Placente, ha tenido un inicio destacado en el Sudamericano que se celebra en Venezuela. <\/p>\n\n\n\n<p>En su debut, el equipo argentino logr\u00f3 una victoria hist\u00f3rica al vencer 6 a 0 a Brasil, con una actuaci\u00f3n estelar de Claudio \u201cEl Diablito\u201d Echeverri, quien anot\u00f3 dos goles y brind\u00f3 dos asistencias. <\/p>\n\n\n\n<p>Est\u00e1 victoria es la goleada m\u00e1s importante en todas las categor\u00edas entre Brasil y Argentina, la anterior era un 6 a 1 a favor de la \u201cCanarinha\u201d.<\/p>\n\n\n\n<p>En su segundo encuentro empat\u00f3 en 1 tanto contra Colombia,  con un gol de la gran figura del equipo albiceleste, Claudio Echeverr\u00ed. <\/p>\n\n\n\n<p>Para los cafeteros convirti\u00f3 \u00d3scar Perea, delantero de 19 a\u00f1os que milita en el Racing de Estrasburgo de la primera divisi\u00f3n francesa.<\/p>\n\n\n\n<p>En su tercera presentaci\u00f3n, Placente presento un equipo totalmente alternativo: salvo el arquero Santino Barbi, los otros 10 jugadores fueron suplentes y eso repercuti\u00f3 en el equipo; se not\u00f3 la falta de entendimiento. <\/p>\n\n\n\n<p>Le cost\u00f3 arrancar pero con el gol de Teo Rodr\u00edguez Pagano, lateral izquierdo perteneciente a las divisiones inferiores de San Lorenzo de Almagro, el equipo se clasific\u00f3 por anticipado al Hexagonal Final.<\/p>\n\n\n\n<p>El equipo ha mostrado un juego s\u00f3lido y efectivo. La contundente victoria inicial no solo marc\u00f3 un hito hist\u00f3rico, sino que le permiti\u00f3 al equipo de Diego Placente,  con un Claudio Echeverr\u00ed \u201cendiablado\u201d, posicionarse como uno de los grandes favoritos a quedarse con el torneo, pero es pronto para sacar conclusiones.<\/p>\n\n\n\n<figure class=\"wp-block-image size-full\"><a href=\"http:\/\/labestiadeportiva.com\/lbd\/wp-content\/uploads\/2025\/01\/1000668169.png\"><img loading=\"lazy\" width=\"931\" height=\"510\" src=\"http:\/\/labestiadeportiva.com\/lbd\/wp-content\/uploads\/2025\/01\/1000668169.png\" alt=\"\" class=\"wp-image-51594\" srcset=\"http:\/\/labestiadeportiva.com\/lbd\/wp-content\/uploads\/2025\/01\/1000668169.png 931w, http:\/\/labestiadeportiva.com\/lbd\/wp-content\/uploads\/2025\/01\/1000668169-300x164.png 300w, http:\/\/labestiadeportiva.com\/lbd\/wp-content\/uploads\/2025\/01\/1000668169-768x421.png 768w, http:\/\/labestiadeportiva.com\/lbd\/wp-content\/uploads\/2025\/01\/1000668169-640x351.png 640w\" sizes=\"(max-width: 931px) 100vw, 931px\" \/><\/a><\/figure>\n\n\n\n<p>A la competencia  le quedan 2 jornadas m\u00e1s para terminar la fase de clasificaci\u00f3n, con un grupo \u201cA\u201d muy re\u00f1ido d\u00f3nde  Uruguay est\u00e1  a la cabeza con puntaje ideal, 9 de 9. <\/p>\n\n\n\n<p>Lo siguen Chile y Paraguay con 6 puntos; con 3 unidades queda el local Venezuela y \u00faltimo, ya eliminado y sin sumar puntos, Per\u00fa.<\/p>\n\n\n\n<p>En el grupo \u201cB\u201d las cosas siguen igual de peleadas, con una Argentina l\u00edder indiscutida con 7 puntos, seguida de Colombia (tiene 1 partido menos) con 4 unidades. Ecuador y Brasil tienen 3 puntos pero ambos equipos tambi\u00e9n adeudan la fecha 3, y por  \u00faltimo el seleccionado Boliviano que tampoco sumo unidades y al igual que Per\u00fa, ya qued\u00f3 al margen del Sudamericano.<\/p>\n\n\n\n<figure class=\"wp-block-image size-full\"><a href=\"http:\/\/labestiadeportiva.com\/lbd\/wp-content\/uploads\/2025\/01\/1000668168.png\"><img loading=\"lazy\" width=\"940\" height=\"577\" src=\"http:\/\/labestiadeportiva.com\/lbd\/wp-content\/uploads\/2025\/01\/1000668168.png\" alt=\"\" class=\"wp-image-51593\" srcset=\"http:\/\/labestiadeportiva.com\/lbd\/wp-content\/uploads\/2025\/01\/1000668168.png 940w, http:\/\/labestiadeportiva.com\/lbd\/wp-content\/uploads\/2025\/01\/1000668168-300x184.png 300w, http:\/\/labestiadeportiva.com\/lbd\/wp-content\/uploads\/2025\/01\/1000668168-768x471.png 768w, http:\/\/labestiadeportiva.com\/lbd\/wp-content\/uploads\/2025\/01\/1000668168-640x393.png 640w\" sizes=\"(max-width: 940px) 100vw, 940px\" \/><\/a><\/figure>\n<div class='epvc-post-count'><span class='epvc-eye'><\/span>  <span class=\"epvc-count\"> 1.017<\/span><span class='epvc-label'> veces le\u00edda<\/span><\/div>\n<div class=\"jwsharethis\">\nShare this: \n<br \/>\n<a href=\"mailto:?subject=A%20paso%20firme&amp;body=http%3A%2F%2Flabestiadeportiva.com%2Flbd%2Fa-paso-firme-5%2F\">\n<img src=\"http:\/\/labestiadeportiva.com\/lbd\/wp-content\/plugins\/jw-share-this\/email.png\" alt=\"Share this page via Email\" \/>\n<\/a>\n<a target=\"_blank\" href=\"http:\/\/www.stumbleupon.com\/submit?url=http%3A%2F%2Flabestiadeportiva.com%2Flbd%2Fa-paso-firme-5%2F&amp;title=A+paso+firme\">\n<img src=\"http:\/\/labestiadeportiva.com\/lbd\/wp-content\/plugins\/jw-share-this\/su.png\" alt=\"Share this page via Stumble Upon\" \/>\n<\/a>\n<a target=\"_blank\" href=\"http:\/\/digg.com\/submit?url=http%3A%2F%2Flabestiadeportiva.com%2Flbd%2Fa-paso-firme-5%2F&amp;title=A+paso+firme\">\n<img src=\"http:\/\/labestiadeportiva.com\/lbd\/wp-content\/plugins\/jw-share-this\/digg.png\" alt=\"Share this page via Digg this\" \/>\n<\/a>\n<a target=\"_blank\" href=\"http:\/\/www.facebook.com\/sharer.php?u=http%3A%2F%2Flabestiadeportiva.com%2Flbd%2Fa-paso-firme-5%2F&amp;t=A+paso+firme\">\n<img src=\"http:\/\/labestiadeportiva.com\/lbd\/wp-content\/plugins\/jw-share-this\/fb.png\" alt=\"Share this page via Facebook\" \/>\n<\/a>\n<a target=\"_blank\" href=\"http:\/\/twitter.com\/intent\/tweet?text=I+like+http%3A%2F%2Flabestiadeportiva.com%2Flbd%2Fa-paso-firme-5%2F&amp;title=A+paso+firme\">\n<img src=\"http:\/\/labestiadeportiva.com\/lbd\/wp-content\/plugins\/jw-share-this\/twitter.png\" alt=\"Share this page via Twitter\" \/>\n<\/a>\n<\/div>\n","protected":false},"excerpt":{"rendered":"<p>(Colaboraci\u00f3n Especial para LBD Franco C\u00e1ceres) La \u00abAlbiceleste\u00bb lidera su grupo tras una hist\u00f3rica goleada sobre Brasil, un empate ante Colombia y victoria por la m\u00ednima con Bolivia que le permiten mandar c\u00f3modamente su grupo. Fecha libre y cierre de fase ante Ecuador lo que vendr\u00e1 para nuestra selecci\u00f3n en el Sudamericano Sub 20 que &hellip; <a href=\"http:\/\/labestiadeportiva.com\/lbd\/a-paso-firme-5\/\" class=\"more-link\">Seguir leyendo <span class=\"screen-reader-text\">A paso firme<\/span> <span class=\"meta-nav\">&rarr;<\/span><\/a><\/p>\n","protected":false},"author":1,"featured_media":0,"comment_status":"open","ping_status":"open","sticky":false,"template":"","format":"standard","meta":[],"categories":[4,1930,14,1,3946],"tags":[4830,83,354,5503],"_links":{"self":[{"href":"http:\/\/labestiadeportiva.com\/lbd\/wp-json\/wp\/v2\/posts\/51591"}],"collection":[{"href":"http:\/\/labestiadeportiva.com\/lbd\/wp-json\/wp\/v2\/posts"}],"about":[{"href":"http:\/\/labestiadeportiva.com\/lbd\/wp-json\/wp\/v2\/types\/post"}],"author":[{"embeddable":true,"href":"http:\/\/labestiadeportiva.com\/lbd\/wp-json\/wp\/v2\/users\/1"}],"replies":[{"embeddable":true,"href":"http:\/\/labestiadeportiva.com\/lbd\/wp-json\/wp\/v2\/comments?post=51591"}],"version-history":[{"count":2,"href":"http:\/\/labestiadeportiva.com\/lbd\/wp-json\/wp\/v2\/posts\/51591\/revisions"}],"predecessor-version":[{"id":51597,"href":"http:\/\/labestiadeportiva.com\/lbd\/wp-json\/wp\/v2\/posts\/51591\/revisions\/51597"}],"wp:attachment":[{"href":"http:\/\/labestiadeportiva.com\/lbd\/wp-json\/wp\/v2\/media?parent=51591"}],"wp:term":[{"taxonomy":"category","embeddable":true,"href":"http:\/\/labestiadeportiva.com\/lbd\/wp-json\/wp\/v2\/categories?post=51591"},{"taxonomy":"post_tag","embeddable":true,"href":"http:\/\/labestiadeportiva.com\/lbd\/wp-json\/wp\/v2\/tags?post=51591"}],"curies":[{"name":"wp","href":"https:\/\/api.w.org\/{rel}","templated":true}]}}