{"id":52083,"date":"2025-04-04T22:50:13","date_gmt":"2025-04-05T01:50:13","guid":{"rendered":"http:\/\/labestiadeportiva.com\/lbd\/?p=52083"},"modified":"2025-04-04T22:50:15","modified_gmt":"2025-04-05T01:50:15","slug":"y-paso-la-primera","status":"publish","type":"post","link":"http:\/\/labestiadeportiva.com\/lbd\/y-paso-la-primera\/","title":{"rendered":"Y pas\u00f3 la primera"},"content":{"rendered":"\n<figure class=\"wp-block-image size-full\"><a href=\"http:\/\/labestiadeportiva.com\/lbd\/wp-content\/uploads\/2025\/04\/1000780776.png\"><img loading=\"lazy\" width=\"919\" height=\"525\" src=\"http:\/\/labestiadeportiva.com\/lbd\/wp-content\/uploads\/2025\/04\/1000780776.png\" alt=\"\" class=\"wp-image-52084\" srcset=\"http:\/\/labestiadeportiva.com\/lbd\/wp-content\/uploads\/2025\/04\/1000780776.png 919w, http:\/\/labestiadeportiva.com\/lbd\/wp-content\/uploads\/2025\/04\/1000780776-300x171.png 300w, http:\/\/labestiadeportiva.com\/lbd\/wp-content\/uploads\/2025\/04\/1000780776-768x439.png 768w, http:\/\/labestiadeportiva.com\/lbd\/wp-content\/uploads\/2025\/04\/1000780776-640x366.png 640w\" sizes=\"(max-width: 919px) 100vw, 919px\" \/><\/a><\/figure>\n\n\n\n<p>(Colaboraci\u00f3n Especial para LBD Franco C\u00e1ceres)<\/p>\n\n\n\n<p>Se disput\u00f3 la jornada inicial de las competencias internacionales en Am\u00e9rica. Repasaremos c\u00f3mo les fue a los 12  equipos argentinos en las copas Libertadores y Sudamericana. Siete victorias, tres empates y dos ca\u00eddas que analizaremos.<\/p>\n\n\n\n<!--more-->\n\n\n\n<figure class=\"wp-block-image size-full\"><a href=\"http:\/\/labestiadeportiva.com\/lbd\/wp-content\/uploads\/2025\/04\/1000780750.png\"><img loading=\"lazy\" width=\"893\" height=\"917\" src=\"http:\/\/labestiadeportiva.com\/lbd\/wp-content\/uploads\/2025\/04\/1000780750.png\" alt=\"\" class=\"wp-image-52086\" srcset=\"http:\/\/labestiadeportiva.com\/lbd\/wp-content\/uploads\/2025\/04\/1000780750.png 893w, http:\/\/labestiadeportiva.com\/lbd\/wp-content\/uploads\/2025\/04\/1000780750-292x300.png 292w, http:\/\/labestiadeportiva.com\/lbd\/wp-content\/uploads\/2025\/04\/1000780750-768x789.png 768w, http:\/\/labestiadeportiva.com\/lbd\/wp-content\/uploads\/2025\/04\/1000780750-640x657.png 640w\" sizes=\"(max-width: 893px) 100vw, 893px\" \/><\/a><\/figure>\n\n\n\n<p>Saldo positivo para los equipos argentinos en la competencias internacionales que hicieron su debut el pasado martes, mi\u00e9rcoles y jueves. <\/p>\n\n\n\n<p>Algunos equipos no brillaron pero les alcanz\u00f3 para llevarse tres puntos en el primer partido.<\/p>\n\n\n\n<p>Comencemos hablando de la competencia m\u00e1s importante: la Copa Libertadores. El primer equipo que hizo su debut fue Estudiantes de La Plata, quien gan\u00f3 2 a 0 en Venezuela, con goles de Ascacibar y N\u00fa\u00f1ez.<\/p>\n\n\n\n<p>El otro conjunto que se flore\u00f3 nuevamente en tierras cariocas, fue el Racing de Costas. \u201cLa Academia\u201d gan\u00f3, gusto y gole\u00f3 a Fortaleza a domicilio con goles de Salas, Almendra y Sosa.  Racing siguen con esa sana costumbre de brillar ante los Brasileros.<\/p>\n\n\n\n<p>El V\u00e9lez del \u00abMellizo\u00bb triunf\u00f3 ag\u00f3nicamente 2 a 1 en la \u00faltima jugada del partido ante Pe\u00f1arol, gracias al gol de Montoro a los 95\u2019.  Completaron el marcador Carrizo para V\u00e9lez y L . Fern\u00e1ndez para el \u201cmanya\u201d.<\/p>\n\n\n\n<p>La \u201cT\u201d cordobesa no pudo con el \u201cTricolor\u201d brasile\u00f1o. Sao Paulo se qued\u00f3 con la victoria por la m\u00ednima  gracias al tanto  de Alisson.<\/p>\n\n\n\n<p>El \u201cMillonario\u201d gan\u00f3 por la m\u00ednima al universitario de Per\u00fa por 1 a 0 con el tanto del chileno, Paulo D\u00edaz a los 17\u2019 minutos de partido.  As\u00ed, River comienza con el pie derecho en esta competencia.<\/p>\n\n\n\n<p>La grata sorpresa fue la del \u201cFerroviario\u201d, Central C\u00f3rdoba, que empat\u00f3 0 a 0 ante la Liga de Quito, siendo ampliamente superior al equipo ecuatoriano. <\/p>\n\n\n\n<p>En el \u00abMadre de Ciudades\u00bb, qued\u00f3 la sensaci\u00f3n de que su debut internacional pudo haber terminado de otra manera. 60% de posesion de la pelota y 17 tiros al arco ante tan solo 5 de los ecuatorianos.<\/p>\n\n\n\n<p>Pasemos a la Copa Sudamericana d\u00f3nde tambi\u00e9n los resultados fueron positivos para los equipos nacionales.<\/p>\n\n\n\n<p>Comenzando el repaso, hay que hablar del \u201cTatengue\u201d, Uni\u00f3n de Santa Fe venci\u00f3 de manera ag\u00f3nica 1 a 0 al minuto 94, gracias al gol de D\u00edaz. Gran victoria frente a Cruzeiro que representaba uno de lo equipos m\u00e1s dif\u00edciles del grupo.<\/p>\n\n\n\n<p>El \u201crojo\u201d de Avellaneda, tropez\u00f3 cayendo 2 a 0 ante Nacional de Potos\u00ed, gracias a los goles de Abrego y Diello. Floja actuaci\u00f3n del equipo de Vaccari que ven\u00eda de golear a Godoy Cruz por la Liga Profesional.<\/p>\n\n\n\n<p>El \u201cGlobo\u201d, Hurac\u00e1n se qued\u00f3 con una gran victoria ante Corinthians por 2 a 1. El equipo de Parque Patricios, sum\u00f3 de a tres gracias al doblete de Leonardo Sequeira. Para el \u201cTima\u00f5\u201d marco Raniele.<\/p>\n\n\n\n<p>El \u201cBodeguero\u201d, Godoy Cruz venci\u00f3 de manera clara y sin pasar nervios durante los 90 minutos al Atl\u00e9tico Grau. Fue 2 a 0 gracias a los goles de Mendoza y el \u201cIndio\u201d Fern\u00e1ndez.<\/p>\n\n\n\n<p>En Venezuela, Puerto Cabello y Lan\u00fas, empataron 2 a 2. Partido cerrado y con varios idas y vueltas por momentos, que se queda con una repartici\u00f3n de puntos para ambos clubes. Para el \u201cgranate\u201d, se le sum\u00f3 una expulsi\u00f3n: Segovia vio la roja a los 60\u2019.<\/p>\n\n\n\n<p>Para cerrar este repaso, hay que hablar del empate sin goles en Uruguay entre Cerro Largo y Defensa y Justica en un encuentro casi sin emociones. <\/p>\n\n\n\n<p>Gran primer paso en l\u00edneas generales para los clubes argentos dejando un saldo de 7 victorias, 2 derrotas y 3 empates. <\/p>\n\n\n\n<p>La pr\u00f3xima semana seguir\u00e1n las presentaciones. Muchos de los planteles recurrir\u00e1n al recambio dado que deber\u00e1n encarar los compromisos de entrecasa. <\/p>\n\n\n\n<p>El sue\u00f1o de la Libertadores para un club Argentino se renueva una vez m\u00e1s, la Sudamericana ya fue de Racing, podr\u00e1 repetirlo otro argento? todo es posible y esto reci\u00e9n comienza.<\/p>\n\n\n\n<figure class=\"wp-block-image size-full\"><a href=\"http:\/\/labestiadeportiva.com\/lbd\/wp-content\/uploads\/2025\/04\/1000780767.png\"><img loading=\"lazy\" width=\"930\" height=\"614\" src=\"http:\/\/labestiadeportiva.com\/lbd\/wp-content\/uploads\/2025\/04\/1000780767.png\" alt=\"\" class=\"wp-image-52085\" srcset=\"http:\/\/labestiadeportiva.com\/lbd\/wp-content\/uploads\/2025\/04\/1000780767.png 930w, http:\/\/labestiadeportiva.com\/lbd\/wp-content\/uploads\/2025\/04\/1000780767-300x198.png 300w, http:\/\/labestiadeportiva.com\/lbd\/wp-content\/uploads\/2025\/04\/1000780767-768x507.png 768w, http:\/\/labestiadeportiva.com\/lbd\/wp-content\/uploads\/2025\/04\/1000780767-640x423.png 640w\" sizes=\"(max-width: 930px) 100vw, 930px\" \/><\/a><\/figure>\n\n\n\n<p><\/p>\n\n\n\n<p><\/p>\n<div class='epvc-post-count'><span class='epvc-eye'><\/span>  <span class=\"epvc-count\"> 1.148<\/span><span class='epvc-label'> veces le\u00edda<\/span><\/div>\n<div class=\"jwsharethis\">\nShare this: \n<br \/>\n<a href=\"mailto:?subject=Y%20pas%C3%B3%20la%20primera&amp;body=http%3A%2F%2Flabestiadeportiva.com%2Flbd%2Fy-paso-la-primera%2F\">\n<img src=\"http:\/\/labestiadeportiva.com\/lbd\/wp-content\/plugins\/jw-share-this\/email.png\" alt=\"Share this page via Email\" \/>\n<\/a>\n<a target=\"_blank\" href=\"http:\/\/www.stumbleupon.com\/submit?url=http%3A%2F%2Flabestiadeportiva.com%2Flbd%2Fy-paso-la-primera%2F&amp;title=Y+pas%C3%B3+la+primera\">\n<img src=\"http:\/\/labestiadeportiva.com\/lbd\/wp-content\/plugins\/jw-share-this\/su.png\" alt=\"Share this page via Stumble Upon\" \/>\n<\/a>\n<a target=\"_blank\" href=\"http:\/\/digg.com\/submit?url=http%3A%2F%2Flabestiadeportiva.com%2Flbd%2Fy-paso-la-primera%2F&amp;title=Y+pas%C3%B3+la+primera\">\n<img src=\"http:\/\/labestiadeportiva.com\/lbd\/wp-content\/plugins\/jw-share-this\/digg.png\" alt=\"Share this page via Digg this\" \/>\n<\/a>\n<a target=\"_blank\" href=\"http:\/\/www.facebook.com\/sharer.php?u=http%3A%2F%2Flabestiadeportiva.com%2Flbd%2Fy-paso-la-primera%2F&amp;t=Y+pas%C3%B3+la+primera\">\n<img src=\"http:\/\/labestiadeportiva.com\/lbd\/wp-content\/plugins\/jw-share-this\/fb.png\" alt=\"Share this page via Facebook\" \/>\n<\/a>\n<a target=\"_blank\" href=\"http:\/\/twitter.com\/intent\/tweet?text=I+like+http%3A%2F%2Flabestiadeportiva.com%2Flbd%2Fy-paso-la-primera%2F&amp;title=Y+pas%C3%B3+la+primera\">\n<img src=\"http:\/\/labestiadeportiva.com\/lbd\/wp-content\/plugins\/jw-share-this\/twitter.png\" alt=\"Share this page via Twitter\" \/>\n<\/a>\n<\/div>\n","protected":false},"excerpt":{"rendered":"<p>(Colaboraci\u00f3n Especial para LBD Franco C\u00e1ceres) Se disput\u00f3 la jornada inicial de las competencias internacionales en Am\u00e9rica. Repasaremos c\u00f3mo les fue a los 12 equipos argentinos en las copas Libertadores y Sudamericana. Siete victorias, tres empates y dos ca\u00eddas que analizaremos. 1.148 veces le\u00edda Share this:<\/p>\n","protected":false},"author":1,"featured_media":0,"comment_status":"open","ping_status":"open","sticky":false,"template":"","format":"standard","meta":[],"categories":[4311,4357,4,2292,750,14,1],"tags":[389,465,122,4830,83],"_links":{"self":[{"href":"http:\/\/labestiadeportiva.com\/lbd\/wp-json\/wp\/v2\/posts\/52083"}],"collection":[{"href":"http:\/\/labestiadeportiva.com\/lbd\/wp-json\/wp\/v2\/posts"}],"about":[{"href":"http:\/\/labestiadeportiva.com\/lbd\/wp-json\/wp\/v2\/types\/post"}],"author":[{"embeddable":true,"href":"http:\/\/labestiadeportiva.com\/lbd\/wp-json\/wp\/v2\/users\/1"}],"replies":[{"embeddable":true,"href":"http:\/\/labestiadeportiva.com\/lbd\/wp-json\/wp\/v2\/comments?post=52083"}],"version-history":[{"count":1,"href":"http:\/\/labestiadeportiva.com\/lbd\/wp-json\/wp\/v2\/posts\/52083\/revisions"}],"predecessor-version":[{"id":52087,"href":"http:\/\/labestiadeportiva.com\/lbd\/wp-json\/wp\/v2\/posts\/52083\/revisions\/52087"}],"wp:attachment":[{"href":"http:\/\/labestiadeportiva.com\/lbd\/wp-json\/wp\/v2\/media?parent=52083"}],"wp:term":[{"taxonomy":"category","embeddable":true,"href":"http:\/\/labestiadeportiva.com\/lbd\/wp-json\/wp\/v2\/categories?post=52083"},{"taxonomy":"post_tag","embeddable":true,"href":"http:\/\/labestiadeportiva.com\/lbd\/wp-json\/wp\/v2\/tags?post=52083"}],"curies":[{"name":"wp","href":"https:\/\/api.w.org\/{rel}","templated":true}]}}