{"id":52095,"date":"2025-04-11T01:12:56","date_gmt":"2025-04-11T04:12:56","guid":{"rendered":"http:\/\/labestiadeportiva.com\/lbd\/?p=52095"},"modified":"2025-04-11T01:12:59","modified_gmt":"2025-04-11T04:12:59","slug":"novedades-cambios-y-confirmaciones-audio","status":"publish","type":"post","link":"http:\/\/labestiadeportiva.com\/lbd\/novedades-cambios-y-confirmaciones-audio\/","title":{"rendered":"Novedades, cambios y confirmaciones (Audio)"},"content":{"rendered":"\n<figure class=\"wp-block-image size-large\"><a href=\"http:\/\/labestiadeportiva.com\/lbd\/wp-content\/uploads\/2025\/04\/1000788754.jpg\"><img loading=\"lazy\" width=\"1024\" height=\"682\" src=\"http:\/\/labestiadeportiva.com\/lbd\/wp-content\/uploads\/2025\/04\/1000788754-1024x682.jpg\" alt=\"\" class=\"wp-image-52096\" srcset=\"http:\/\/labestiadeportiva.com\/lbd\/wp-content\/uploads\/2025\/04\/1000788754-1024x682.jpg 1024w, http:\/\/labestiadeportiva.com\/lbd\/wp-content\/uploads\/2025\/04\/1000788754-300x200.jpg 300w, http:\/\/labestiadeportiva.com\/lbd\/wp-content\/uploads\/2025\/04\/1000788754-768x512.jpg 768w, http:\/\/labestiadeportiva.com\/lbd\/wp-content\/uploads\/2025\/04\/1000788754-640x426.jpg 640w, http:\/\/labestiadeportiva.com\/lbd\/wp-content\/uploads\/2025\/04\/1000788754.jpg 1536w\" sizes=\"(max-width: 1024px) 100vw, 1024px\" \/><\/a><\/figure>\n\n\n\n<figure class=\"wp-block-image size-full is-resized\"><a href=\"http:\/\/labestiadeportiva.com\/lbd\/wp-content\/uploads\/2022\/11\/CARA_PEREZ-2.jpg\"><img loading=\"lazy\" src=\"http:\/\/labestiadeportiva.com\/lbd\/wp-content\/uploads\/2022\/11\/CARA_PEREZ-2.jpg\" alt=\"\" class=\"wp-image-43576\" width=\"376\" height=\"77\" srcset=\"http:\/\/labestiadeportiva.com\/lbd\/wp-content\/uploads\/2022\/11\/CARA_PEREZ-2.jpg 600w, http:\/\/labestiadeportiva.com\/lbd\/wp-content\/uploads\/2022\/11\/CARA_PEREZ-2-300x62.jpg 300w\" sizes=\"(max-width: 376px) 100vw, 376px\" \/><\/a><\/figure>\n\n\n\n<p>Contacto con el Secretario de Deportes de la Provincia, Mat\u00edas Runin. <\/p>\n\n\n\n<p>Lanzamiento de Los Juegos Fueguinos y Urbanos, reestructuraci\u00f3n de los Juegos EPADE, que se unir\u00e1n a los Juegos de la Integraci\u00f3n Patag\u00f3nica.<\/p>\n\n\n\n<p>Asimismo el funcionario confirm\u00f3 que en los Juegos Binacionales de la Araucan\u00eda, que organizar\u00e1 este a\u00f1o nuestra provincia, el atletismo competir\u00e1 en la localidad chubutense de Comodoro Rivadavia mientras que la nataci\u00f3n lo har\u00e1 en el Club Hispano Americano de la capital santacruce\u00f1a.<\/p>\n\n\n\n<p>Compartimos la extensa y amena charla lograda este mi\u00e9rcoles en la 94.1 FM del Sur.<\/p>\n\n\n\n<!--more-->\n\n\n\n<figure class=\"wp-block-embed is-type-video is-provider-youtube wp-block-embed-youtube wp-embed-aspect-4-3 wp-has-aspect-ratio\"><div class=\"wp-block-embed__wrapper\">\n<iframe loading=\"lazy\" title=\"Audio Mat\u00edas Runin\" width=\"474\" height=\"356\" src=\"https:\/\/www.youtube.com\/embed\/-52RwFMgdRE?feature=oembed\" frameborder=\"0\" allow=\"accelerometer; autoplay; clipboard-write; encrypted-media; gyroscope; picture-in-picture; web-share\" referrerpolicy=\"strict-origin-when-cross-origin\" allowfullscreen><\/iframe>\n<\/div><\/figure>\n<div class='epvc-post-count'><span class='epvc-eye'><\/span>  <span class=\"epvc-count\"> 659<\/span><span class='epvc-label'> veces le\u00edda<\/span><\/div>\n<div class=\"jwsharethis\">\nShare this: \n<br \/>\n<a href=\"mailto:?subject=Novedades%2C%20cambios%20y%20confirmaciones%20%28Audio%29&amp;body=http%3A%2F%2Flabestiadeportiva.com%2Flbd%2Fnovedades-cambios-y-confirmaciones-audio%2F\">\n<img src=\"http:\/\/labestiadeportiva.com\/lbd\/wp-content\/plugins\/jw-share-this\/email.png\" alt=\"Share this page via Email\" \/>\n<\/a>\n<a target=\"_blank\" href=\"http:\/\/www.stumbleupon.com\/submit?url=http%3A%2F%2Flabestiadeportiva.com%2Flbd%2Fnovedades-cambios-y-confirmaciones-audio%2F&amp;title=Novedades%2C+cambios+y+confirmaciones+%28Audio%29\">\n<img src=\"http:\/\/labestiadeportiva.com\/lbd\/wp-content\/plugins\/jw-share-this\/su.png\" alt=\"Share this page via Stumble Upon\" \/>\n<\/a>\n<a target=\"_blank\" href=\"http:\/\/digg.com\/submit?url=http%3A%2F%2Flabestiadeportiva.com%2Flbd%2Fnovedades-cambios-y-confirmaciones-audio%2F&amp;title=Novedades%2C+cambios+y+confirmaciones+%28Audio%29\">\n<img src=\"http:\/\/labestiadeportiva.com\/lbd\/wp-content\/plugins\/jw-share-this\/digg.png\" alt=\"Share this page via Digg this\" \/>\n<\/a>\n<a target=\"_blank\" href=\"http:\/\/www.facebook.com\/sharer.php?u=http%3A%2F%2Flabestiadeportiva.com%2Flbd%2Fnovedades-cambios-y-confirmaciones-audio%2F&amp;t=Novedades%2C+cambios+y+confirmaciones+%28Audio%29\">\n<img src=\"http:\/\/labestiadeportiva.com\/lbd\/wp-content\/plugins\/jw-share-this\/fb.png\" alt=\"Share this page via Facebook\" \/>\n<\/a>\n<a target=\"_blank\" href=\"http:\/\/twitter.com\/intent\/tweet?text=I+like+http%3A%2F%2Flabestiadeportiva.com%2Flbd%2Fnovedades-cambios-y-confirmaciones-audio%2F&amp;title=Novedades%2C+cambios+y+confirmaciones+%28Audio%29\">\n<img src=\"http:\/\/labestiadeportiva.com\/lbd\/wp-content\/plugins\/jw-share-this\/twitter.png\" alt=\"Share this page via Twitter\" \/>\n<\/a>\n<\/div>\n","protected":false},"excerpt":{"rendered":"<p>Contacto con el Secretario de Deportes de la Provincia, Mat\u00edas Runin. Lanzamiento de Los Juegos Fueguinos y Urbanos, reestructuraci\u00f3n de los Juegos EPADE, que se unir\u00e1n a los Juegos de la Integraci\u00f3n Patag\u00f3nica. Asimismo el funcionario confirm\u00f3 que en los Juegos Binacionales de la Araucan\u00eda, que organizar\u00e1 este a\u00f1o nuestra provincia, el atletismo competir\u00e1 en &hellip; <a href=\"http:\/\/labestiadeportiva.com\/lbd\/novedades-cambios-y-confirmaciones-audio\/\" class=\"more-link\">Seguir leyendo <span class=\"screen-reader-text\">Novedades, cambios y confirmaciones (Audio)<\/span> <span class=\"meta-nav\">&rarr;<\/span><\/a><\/p>\n","protected":false},"author":1,"featured_media":0,"comment_status":"open","ping_status":"open","sticky":false,"template":"","format":"standard","meta":[],"categories":[5,4,6,60,2277,4888,2130,5014,1,3555],"tags":[4838,83,5236,5201],"_links":{"self":[{"href":"http:\/\/labestiadeportiva.com\/lbd\/wp-json\/wp\/v2\/posts\/52095"}],"collection":[{"href":"http:\/\/labestiadeportiva.com\/lbd\/wp-json\/wp\/v2\/posts"}],"about":[{"href":"http:\/\/labestiadeportiva.com\/lbd\/wp-json\/wp\/v2\/types\/post"}],"author":[{"embeddable":true,"href":"http:\/\/labestiadeportiva.com\/lbd\/wp-json\/wp\/v2\/users\/1"}],"replies":[{"embeddable":true,"href":"http:\/\/labestiadeportiva.com\/lbd\/wp-json\/wp\/v2\/comments?post=52095"}],"version-history":[{"count":1,"href":"http:\/\/labestiadeportiva.com\/lbd\/wp-json\/wp\/v2\/posts\/52095\/revisions"}],"predecessor-version":[{"id":52097,"href":"http:\/\/labestiadeportiva.com\/lbd\/wp-json\/wp\/v2\/posts\/52095\/revisions\/52097"}],"wp:attachment":[{"href":"http:\/\/labestiadeportiva.com\/lbd\/wp-json\/wp\/v2\/media?parent=52095"}],"wp:term":[{"taxonomy":"category","embeddable":true,"href":"http:\/\/labestiadeportiva.com\/lbd\/wp-json\/wp\/v2\/categories?post=52095"},{"taxonomy":"post_tag","embeddable":true,"href":"http:\/\/labestiadeportiva.com\/lbd\/wp-json\/wp\/v2\/tags?post=52095"}],"curies":[{"name":"wp","href":"https:\/\/api.w.org\/{rel}","templated":true}]}}