{"id":52099,"date":"2025-04-11T18:21:09","date_gmt":"2025-04-11T21:21:09","guid":{"rendered":"http:\/\/labestiadeportiva.com\/lbd\/?p=52099"},"modified":"2025-04-11T18:21:12","modified_gmt":"2025-04-11T21:21:12","slug":"costo-pero-llego","status":"publish","type":"post","link":"http:\/\/labestiadeportiva.com\/lbd\/costo-pero-llego\/","title":{"rendered":"Cost\u00f3, pero lleg\u00f3"},"content":{"rendered":"\n<figure class=\"wp-block-image size-full\"><a href=\"http:\/\/labestiadeportiva.com\/lbd\/wp-content\/uploads\/2025\/04\/1000791590.png\"><img loading=\"lazy\" width=\"923\" height=\"521\" src=\"http:\/\/labestiadeportiva.com\/lbd\/wp-content\/uploads\/2025\/04\/1000791590.png\" alt=\"\" class=\"wp-image-52100\" srcset=\"http:\/\/labestiadeportiva.com\/lbd\/wp-content\/uploads\/2025\/04\/1000791590.png 923w, http:\/\/labestiadeportiva.com\/lbd\/wp-content\/uploads\/2025\/04\/1000791590-300x169.png 300w, http:\/\/labestiadeportiva.com\/lbd\/wp-content\/uploads\/2025\/04\/1000791590-768x434.png 768w, http:\/\/labestiadeportiva.com\/lbd\/wp-content\/uploads\/2025\/04\/1000791590-640x361.png 640w\" sizes=\"(max-width: 923px) 100vw, 923px\" \/><\/a><\/figure>\n\n\n\n<p>(Colaboraci\u00f3n Especial para LBD Franco C\u00e1ceres)<\/p>\n\n\n\n<p>La Selecci\u00f3n Argentina Sub17,  super\u00f3 holgadamente a Bolivia clasific\u00e1ndose al Mundial  que se disputar\u00e1 en noviembre en tierra qatar\u00ed. Los dirigidos por Diego Placente, superaron 3 a 0 a Bolivia gracias a los goles de Thomas De Martis y de Tom\u00e1s Parmo. <\/p>\n\n\n\n<!--more-->\n\n\n\n<p>Con este resultado, el combinado nacional vuelve a tierra prometida para la albiceleste: Qatar. Argentina hab\u00eda comenzado est\u00e1 competencia con una derrota 3 a 2 ante Chile, d\u00f3nde a pesar de comenzar ganando el conjunto trasandinos pudo revertir el marcador.<\/p>\n\n\n\n<p>Luego, se midieron frente a Paraguay golpe\u00e1ndolo por un claro 4 a 1. El pr\u00f3ximo rival fue el discreto  Per\u00fa volvieron a golear pero est\u00e1 vez 5 a 0. <\/p>\n\n\n\n<p>De esta manera, revertian el traspi\u00e9 inicial buscando la clasificaci\u00f3n ante los locales, Colombia. En dicho partido, argentina no pudo mostrar todo su poder\u00edo futbol\u00edstico.<\/p>\n\n\n\n<p>Un empate alcanzaba para clasificar al mundial, pero no se dio. Los cafeteros superaron a los \u00abpibes\u00bb de Placente por 2 a 1  relegandolos al 3\u00b0 puesto del grupo \u00abA\u00bb.<\/p>\n\n\n\n<p>De esta forma el repechaje ser\u00eda el destino de la \u00abCeleste y Blanca\u00bb en busca de la clasificaci\u00f3n mundialista. Con la victoria ante Bolivia, Argentina se asegur\u00f3 su 16\u00b0 participaci\u00f3n en mundiales Sub17. <\/p>\n\n\n\n<p>Dicho torneo le es esquivo para la Argentina, dado que nunca lo pudo ganar. Su \u00faltima participaci\u00f3n en 2023, es recordada  por la grandes actuaciones de Claudio Echeverr\u00ed, con hat-trick inclu\u00eddo ante Brasil en Cuartos de Final. <\/p>\n\n\n\n<p>En aquel mundial caer\u00eda ante Alemania en Semifinales para luego hacerlo ante Mali en la disputa por el tercer escal\u00f3n del podio.<\/p>\n\n\n\n<p>El torneo se disputar\u00e1 del 5 al 27 de noviembre,  las selecciones de Conmebol que acompa\u00f1an a la nuestra ser\u00e1n: Colombia, Chile, Brasil, Venezuela y Paraguay. <\/p>\n\n\n\n<p>Este viernes Bolivia y Ecuador desde las 16, dirimir\u00e1n el s\u00e9ptimo puesto,  \u00faltimo boleto al mundial, mientras que Argentina cerrar\u00e1 su participaci\u00f3n a las 21 ante el conjunto guaran\u00ed 9.<\/p>\n\n\n\n<p>El s\u00e1bado a las 18 y 21 horas se disputar\u00e1n los partidos por el tercer puesto y la final que orotagonizar\u00e1n Venezuela\/Chile y Colombia\/Brasil en ese orden <\/p>\n\n\n\n<p><\/p>\n<div class='epvc-post-count'><span class='epvc-eye'><\/span>  <span class=\"epvc-count\"> 942<\/span><span class='epvc-label'> veces le\u00edda<\/span><\/div>\n<div class=\"jwsharethis\">\nShare this: \n<br \/>\n<a href=\"mailto:?subject=Cost%C3%B3%2C%20pero%20lleg%C3%B3&amp;body=http%3A%2F%2Flabestiadeportiva.com%2Flbd%2Fcosto-pero-llego%2F\">\n<img src=\"http:\/\/labestiadeportiva.com\/lbd\/wp-content\/plugins\/jw-share-this\/email.png\" alt=\"Share this page via Email\" \/>\n<\/a>\n<a target=\"_blank\" href=\"http:\/\/www.stumbleupon.com\/submit?url=http%3A%2F%2Flabestiadeportiva.com%2Flbd%2Fcosto-pero-llego%2F&amp;title=Cost%C3%B3%2C+pero+lleg%C3%B3\">\n<img src=\"http:\/\/labestiadeportiva.com\/lbd\/wp-content\/plugins\/jw-share-this\/su.png\" alt=\"Share this page via Stumble Upon\" \/>\n<\/a>\n<a target=\"_blank\" href=\"http:\/\/digg.com\/submit?url=http%3A%2F%2Flabestiadeportiva.com%2Flbd%2Fcosto-pero-llego%2F&amp;title=Cost%C3%B3%2C+pero+lleg%C3%B3\">\n<img src=\"http:\/\/labestiadeportiva.com\/lbd\/wp-content\/plugins\/jw-share-this\/digg.png\" alt=\"Share this page via Digg this\" \/>\n<\/a>\n<a target=\"_blank\" href=\"http:\/\/www.facebook.com\/sharer.php?u=http%3A%2F%2Flabestiadeportiva.com%2Flbd%2Fcosto-pero-llego%2F&amp;t=Cost%C3%B3%2C+pero+lleg%C3%B3\">\n<img src=\"http:\/\/labestiadeportiva.com\/lbd\/wp-content\/plugins\/jw-share-this\/fb.png\" alt=\"Share this page via Facebook\" \/>\n<\/a>\n<a target=\"_blank\" href=\"http:\/\/twitter.com\/intent\/tweet?text=I+like+http%3A%2F%2Flabestiadeportiva.com%2Flbd%2Fcosto-pero-llego%2F&amp;title=Cost%C3%B3%2C+pero+lleg%C3%B3\">\n<img src=\"http:\/\/labestiadeportiva.com\/lbd\/wp-content\/plugins\/jw-share-this\/twitter.png\" alt=\"Share this page via Twitter\" \/>\n<\/a>\n<\/div>\n","protected":false},"excerpt":{"rendered":"<p>(Colaboraci\u00f3n Especial para LBD Franco C\u00e1ceres) La Selecci\u00f3n Argentina Sub17, super\u00f3 holgadamente a Bolivia clasific\u00e1ndose al Mundial que se disputar\u00e1 en noviembre en tierra qatar\u00ed. Los dirigidos por Diego Placente, superaron 3 a 0 a Bolivia gracias a los goles de Thomas De Martis y de Tom\u00e1s Parmo. 942 veces le\u00edda Share this:<\/p>\n","protected":false},"author":1,"featured_media":0,"comment_status":"open","ping_status":"open","sticky":false,"template":"","format":"standard","meta":[],"categories":[4,5545,1],"tags":[5546,4830,83,3856],"_links":{"self":[{"href":"http:\/\/labestiadeportiva.com\/lbd\/wp-json\/wp\/v2\/posts\/52099"}],"collection":[{"href":"http:\/\/labestiadeportiva.com\/lbd\/wp-json\/wp\/v2\/posts"}],"about":[{"href":"http:\/\/labestiadeportiva.com\/lbd\/wp-json\/wp\/v2\/types\/post"}],"author":[{"embeddable":true,"href":"http:\/\/labestiadeportiva.com\/lbd\/wp-json\/wp\/v2\/users\/1"}],"replies":[{"embeddable":true,"href":"http:\/\/labestiadeportiva.com\/lbd\/wp-json\/wp\/v2\/comments?post=52099"}],"version-history":[{"count":1,"href":"http:\/\/labestiadeportiva.com\/lbd\/wp-json\/wp\/v2\/posts\/52099\/revisions"}],"predecessor-version":[{"id":52101,"href":"http:\/\/labestiadeportiva.com\/lbd\/wp-json\/wp\/v2\/posts\/52099\/revisions\/52101"}],"wp:attachment":[{"href":"http:\/\/labestiadeportiva.com\/lbd\/wp-json\/wp\/v2\/media?parent=52099"}],"wp:term":[{"taxonomy":"category","embeddable":true,"href":"http:\/\/labestiadeportiva.com\/lbd\/wp-json\/wp\/v2\/categories?post=52099"},{"taxonomy":"post_tag","embeddable":true,"href":"http:\/\/labestiadeportiva.com\/lbd\/wp-json\/wp\/v2\/tags?post=52099"}],"curies":[{"name":"wp","href":"https:\/\/api.w.org\/{rel}","templated":true}]}}