{"id":52406,"date":"2025-05-24T00:24:36","date_gmt":"2025-05-24T03:24:36","guid":{"rendered":"http:\/\/labestiadeportiva.com\/lbd\/?p=52406"},"modified":"2025-05-24T00:24:43","modified_gmt":"2025-05-24T03:24:43","slug":"visita-ilustre-audio","status":"publish","type":"post","link":"http:\/\/labestiadeportiva.com\/lbd\/visita-ilustre-audio\/","title":{"rendered":"Visita ilustre (Audio)"},"content":{"rendered":"\n<figure class=\"wp-block-image size-large\"><a href=\"http:\/\/labestiadeportiva.com\/lbd\/wp-content\/uploads\/2025\/05\/1000864641.jpg\"><img loading=\"lazy\" width=\"819\" height=\"1024\" src=\"http:\/\/labestiadeportiva.com\/lbd\/wp-content\/uploads\/2025\/05\/1000864641-819x1024.jpg\" alt=\"\" class=\"wp-image-52407\" srcset=\"http:\/\/labestiadeportiva.com\/lbd\/wp-content\/uploads\/2025\/05\/1000864641-819x1024.jpg 819w, http:\/\/labestiadeportiva.com\/lbd\/wp-content\/uploads\/2025\/05\/1000864641-240x300.jpg 240w, http:\/\/labestiadeportiva.com\/lbd\/wp-content\/uploads\/2025\/05\/1000864641-768x960.jpg 768w, http:\/\/labestiadeportiva.com\/lbd\/wp-content\/uploads\/2025\/05\/1000864641-640x800.jpg 640w, http:\/\/labestiadeportiva.com\/lbd\/wp-content\/uploads\/2025\/05\/1000864641.jpg 1024w\" sizes=\"(max-width: 819px) 100vw, 819px\" \/><\/a><\/figure>\n\n\n\n<figure class=\"wp-block-image size-full is-resized\"><a href=\"http:\/\/labestiadeportiva.com\/lbd\/wp-content\/uploads\/2022\/11\/CARA_PEREZ-2.jpg\"><img loading=\"lazy\" src=\"http:\/\/labestiadeportiva.com\/lbd\/wp-content\/uploads\/2022\/11\/CARA_PEREZ-2.jpg\" alt=\"\" class=\"wp-image-43576\" width=\"382\" height=\"78\" srcset=\"http:\/\/labestiadeportiva.com\/lbd\/wp-content\/uploads\/2022\/11\/CARA_PEREZ-2.jpg 600w, http:\/\/labestiadeportiva.com\/lbd\/wp-content\/uploads\/2022\/11\/CARA_PEREZ-2-300x62.jpg 300w\" sizes=\"(max-width: 382px) 100vw, 382px\" \/><\/a><\/figure>\n\n\n\n<p>Durante el fin de semana, s\u00e1bado y domingo, Leonardo \u00abLeo\u00bb Corrales, estar\u00e1 presente en la capital provincial.<\/p>\n\n\n\n<p>El Campe\u00f3n Mundial de Kickboxing y Full Contac, oriundo de la provincia de Corrientes, tomar\u00e1 ex\u00e1menes a los alumnos de Hu\u00e9rfanos Fight Team el d\u00eda s\u00e1bado.<\/p>\n\n\n\n<p>Finalmente el domingo por la tarde, de 14 a 17 horas,  realizar\u00e1 un seminario abierto en los salones del IPRA.<\/p>\n\n\n\n<p>Los detalles a cargo del referente de la escuela local Gerardo Gonz\u00e1lez. Compartimos la entrevista lograda este viernes en la 99.9 Radio Provincia.<\/p>\n\n\n\n<!--more-->\n\n\n\n<figure class=\"wp-block-embed is-type-video is-provider-youtube wp-block-embed-youtube wp-embed-aspect-4-3 wp-has-aspect-ratio\"><div class=\"wp-block-embed__wrapper\">\n<iframe loading=\"lazy\" title=\"Audio Gerardo Gonz\u00e1lez\" width=\"474\" height=\"356\" src=\"https:\/\/www.youtube.com\/embed\/tdaLGf-F-P4?feature=oembed\" frameborder=\"0\" allow=\"accelerometer; autoplay; clipboard-write; encrypted-media; gyroscope; picture-in-picture; web-share\" referrerpolicy=\"strict-origin-when-cross-origin\" allowfullscreen><\/iframe>\n<\/div><\/figure>\n<div class='epvc-post-count'><span class='epvc-eye'><\/span>  <span class=\"epvc-count\"> 655<\/span><span class='epvc-label'> veces le\u00edda<\/span><\/div>\n<div class=\"jwsharethis\">\nShare this: \n<br \/>\n<a href=\"mailto:?subject=Visita%20ilustre%20%28Audio%29&amp;body=http%3A%2F%2Flabestiadeportiva.com%2Flbd%2Fvisita-ilustre-audio%2F\">\n<img src=\"http:\/\/labestiadeportiva.com\/lbd\/wp-content\/plugins\/jw-share-this\/email.png\" alt=\"Share this page via Email\" \/>\n<\/a>\n<a target=\"_blank\" href=\"http:\/\/www.stumbleupon.com\/submit?url=http%3A%2F%2Flabestiadeportiva.com%2Flbd%2Fvisita-ilustre-audio%2F&amp;title=Visita+ilustre+%28Audio%29\">\n<img src=\"http:\/\/labestiadeportiva.com\/lbd\/wp-content\/plugins\/jw-share-this\/su.png\" alt=\"Share this page via Stumble Upon\" \/>\n<\/a>\n<a target=\"_blank\" href=\"http:\/\/digg.com\/submit?url=http%3A%2F%2Flabestiadeportiva.com%2Flbd%2Fvisita-ilustre-audio%2F&amp;title=Visita+ilustre+%28Audio%29\">\n<img src=\"http:\/\/labestiadeportiva.com\/lbd\/wp-content\/plugins\/jw-share-this\/digg.png\" alt=\"Share this page via Digg this\" \/>\n<\/a>\n<a target=\"_blank\" href=\"http:\/\/www.facebook.com\/sharer.php?u=http%3A%2F%2Flabestiadeportiva.com%2Flbd%2Fvisita-ilustre-audio%2F&amp;t=Visita+ilustre+%28Audio%29\">\n<img src=\"http:\/\/labestiadeportiva.com\/lbd\/wp-content\/plugins\/jw-share-this\/fb.png\" alt=\"Share this page via Facebook\" \/>\n<\/a>\n<a target=\"_blank\" href=\"http:\/\/twitter.com\/intent\/tweet?text=I+like+http%3A%2F%2Flabestiadeportiva.com%2Flbd%2Fvisita-ilustre-audio%2F&amp;title=Visita+ilustre+%28Audio%29\">\n<img src=\"http:\/\/labestiadeportiva.com\/lbd\/wp-content\/plugins\/jw-share-this\/twitter.png\" alt=\"Share this page via Twitter\" \/>\n<\/a>\n<\/div>\n","protected":false},"excerpt":{"rendered":"<p>Durante el fin de semana, s\u00e1bado y domingo, Leonardo \u00abLeo\u00bb Corrales, estar\u00e1 presente en la capital provincial. El Campe\u00f3n Mundial de Kickboxing y Full Contac, oriundo de la provincia de Corrientes, tomar\u00e1 ex\u00e1menes a los alumnos de Hu\u00e9rfanos Fight Team el d\u00eda s\u00e1bado. Finalmente el domingo por la tarde, de 14 a 17 horas, realizar\u00e1 &hellip; <a href=\"http:\/\/labestiadeportiva.com\/lbd\/visita-ilustre-audio\/\" class=\"more-link\">Seguir leyendo <span class=\"screen-reader-text\">Visita ilustre (Audio)<\/span> <span class=\"meta-nav\">&rarr;<\/span><\/a><\/p>\n","protected":false},"author":1,"featured_media":0,"comment_status":"open","ping_status":"open","sticky":false,"template":"","format":"standard","meta":[],"categories":[2237,5,4,6,1],"tags":[5584,4838,5583,1865,4554,83],"_links":{"self":[{"href":"http:\/\/labestiadeportiva.com\/lbd\/wp-json\/wp\/v2\/posts\/52406"}],"collection":[{"href":"http:\/\/labestiadeportiva.com\/lbd\/wp-json\/wp\/v2\/posts"}],"about":[{"href":"http:\/\/labestiadeportiva.com\/lbd\/wp-json\/wp\/v2\/types\/post"}],"author":[{"embeddable":true,"href":"http:\/\/labestiadeportiva.com\/lbd\/wp-json\/wp\/v2\/users\/1"}],"replies":[{"embeddable":true,"href":"http:\/\/labestiadeportiva.com\/lbd\/wp-json\/wp\/v2\/comments?post=52406"}],"version-history":[{"count":1,"href":"http:\/\/labestiadeportiva.com\/lbd\/wp-json\/wp\/v2\/posts\/52406\/revisions"}],"predecessor-version":[{"id":52408,"href":"http:\/\/labestiadeportiva.com\/lbd\/wp-json\/wp\/v2\/posts\/52406\/revisions\/52408"}],"wp:attachment":[{"href":"http:\/\/labestiadeportiva.com\/lbd\/wp-json\/wp\/v2\/media?parent=52406"}],"wp:term":[{"taxonomy":"category","embeddable":true,"href":"http:\/\/labestiadeportiva.com\/lbd\/wp-json\/wp\/v2\/categories?post=52406"},{"taxonomy":"post_tag","embeddable":true,"href":"http:\/\/labestiadeportiva.com\/lbd\/wp-json\/wp\/v2\/tags?post=52406"}],"curies":[{"name":"wp","href":"https:\/\/api.w.org\/{rel}","templated":true}]}}