{"id":52674,"date":"2025-07-07T16:13:02","date_gmt":"2025-07-07T19:13:02","guid":{"rendered":"http:\/\/labestiadeportiva.com\/lbd\/?p=52674"},"modified":"2025-07-07T16:13:06","modified_gmt":"2025-07-07T19:13:06","slug":"arqueros-en-la-640","status":"publish","type":"post","link":"http:\/\/labestiadeportiva.com\/lbd\/arqueros-en-la-640\/","title":{"rendered":"Arqueros en la 640"},"content":{"rendered":"\n<figure class=\"wp-block-image size-large\"><a href=\"http:\/\/labestiadeportiva.com\/lbd\/wp-content\/uploads\/2025\/07\/1000948425.jpg\"><img loading=\"lazy\" width=\"1024\" height=\"683\" src=\"http:\/\/labestiadeportiva.com\/lbd\/wp-content\/uploads\/2025\/07\/1000948425-1024x683.jpg\" alt=\"\" class=\"wp-image-52686\" srcset=\"http:\/\/labestiadeportiva.com\/lbd\/wp-content\/uploads\/2025\/07\/1000948425-1024x683.jpg 1024w, http:\/\/labestiadeportiva.com\/lbd\/wp-content\/uploads\/2025\/07\/1000948425-300x200.jpg 300w, http:\/\/labestiadeportiva.com\/lbd\/wp-content\/uploads\/2025\/07\/1000948425-768x512.jpg 768w, http:\/\/labestiadeportiva.com\/lbd\/wp-content\/uploads\/2025\/07\/1000948425-1536x1024.jpg 1536w, http:\/\/labestiadeportiva.com\/lbd\/wp-content\/uploads\/2025\/07\/1000948425-640x427.jpg 640w, http:\/\/labestiadeportiva.com\/lbd\/wp-content\/uploads\/2025\/07\/1000948425.jpg 2048w\" sizes=\"(max-width: 1024px) 100vw, 1024px\" \/><\/a><\/figure>\n\n\n\n<p>Durante el fin de semana del 5 y 6 de julio, se llevaron a cabo en la capital provincial dos torneos homologatorios y rankeables en modalidad sala, correspondientes al calendario nacional de la Federaci\u00f3n Argentina de Tiro con Arco (FATARCO).  Fuente y fotos Escuela Uyana Yacu.<\/p>\n\n\n\n<figure class=\"wp-block-image size-large\"><a href=\"http:\/\/labestiadeportiva.com\/lbd\/wp-content\/uploads\/2025\/07\/1000948315.jpg\"><img loading=\"lazy\" width=\"1024\" height=\"683\" src=\"http:\/\/labestiadeportiva.com\/lbd\/wp-content\/uploads\/2025\/07\/1000948315-1024x683.jpg\" alt=\"\" class=\"wp-image-52688\" srcset=\"http:\/\/labestiadeportiva.com\/lbd\/wp-content\/uploads\/2025\/07\/1000948315-1024x683.jpg 1024w, http:\/\/labestiadeportiva.com\/lbd\/wp-content\/uploads\/2025\/07\/1000948315-300x200.jpg 300w, http:\/\/labestiadeportiva.com\/lbd\/wp-content\/uploads\/2025\/07\/1000948315-768x512.jpg 768w, http:\/\/labestiadeportiva.com\/lbd\/wp-content\/uploads\/2025\/07\/1000948315-1536x1024.jpg 1536w, http:\/\/labestiadeportiva.com\/lbd\/wp-content\/uploads\/2025\/07\/1000948315-640x427.jpg 640w, http:\/\/labestiadeportiva.com\/lbd\/wp-content\/uploads\/2025\/07\/1000948315.jpg 2048w\" sizes=\"(max-width: 1024px) 100vw, 1024px\" \/><\/a><\/figure>\n\n\n\n<!--more-->\n\n\n\n<figure class=\"wp-block-image size-large\"><a href=\"http:\/\/labestiadeportiva.com\/lbd\/wp-content\/uploads\/2025\/07\/1000948420.jpg\"><img loading=\"lazy\" width=\"1024\" height=\"683\" src=\"http:\/\/labestiadeportiva.com\/lbd\/wp-content\/uploads\/2025\/07\/1000948420-1024x683.jpg\" alt=\"\" class=\"wp-image-52685\" srcset=\"http:\/\/labestiadeportiva.com\/lbd\/wp-content\/uploads\/2025\/07\/1000948420-1024x683.jpg 1024w, http:\/\/labestiadeportiva.com\/lbd\/wp-content\/uploads\/2025\/07\/1000948420-300x200.jpg 300w, http:\/\/labestiadeportiva.com\/lbd\/wp-content\/uploads\/2025\/07\/1000948420-768x512.jpg 768w, http:\/\/labestiadeportiva.com\/lbd\/wp-content\/uploads\/2025\/07\/1000948420-1536x1024.jpg 1536w, http:\/\/labestiadeportiva.com\/lbd\/wp-content\/uploads\/2025\/07\/1000948420-640x427.jpg 640w, http:\/\/labestiadeportiva.com\/lbd\/wp-content\/uploads\/2025\/07\/1000948420.jpg 2048w\" sizes=\"(max-width: 1024px) 100vw, 1024px\" \/><\/a><\/figure>\n\n\n\n<p>Ambos eventos fueron organizados por el club Uyana Jacu, y contaron con una destacada participaci\u00f3n de arqueros de distintos clubes fueguinos, as\u00ed como un excelente desempe\u00f1o t\u00e9cnico y organizativo.<\/p>\n\n\n\n<p>El s\u00e1bado 5 de julio participaron 12 arqueros en distintas divisiones de categor\u00edas rankeables. La jornada incluy\u00f3 no solo la etapa de clasificaci\u00f3n, sino tambi\u00e9n la instancia de eliminatorias en la categor\u00eda Recurvo Masculino Sub18, que ofreci\u00f3 un atractivo cierre con enfrentamientos directos entre j\u00f3venes promesas del tiro con arco.<\/p>\n\n\n\n<p>El domingo 6 de julio se ampli\u00f3 la participaci\u00f3n a 21 arqueros, incluyendo tanto divisiones rankeables como categor\u00edas escuela, lo que permiti\u00f3 a nuevos deportistas sumar experiencia en un entorno competitivo. <\/p>\n\n\n\n<p>Adem\u00e1s de las eliminatorias oficiales en la categor\u00eda Recurvo Masculino, se realizaron eliminatorias recreativas en las divisiones Recurvo Escuela 80, Raso Masculino, Raso Masculino 50+ y Longbow Masculino, fomentando el aprendizaje vivencial de las etapas finales de competencia, aun en categor\u00edas que no las contemplan formalmente seg\u00fan reglamento FATARCO.<\/p>\n\n\n\n<p>Las competencias contaron con la participaci\u00f3n de arqueros de la Agrupaci\u00f3n Fueguina de Tiro con Arco (AFTA) de R\u00edo Grande, Arqueros del Martial de Ushuaia, y del club anfitri\u00f3n Uyana Jacu. La fiscalizaci\u00f3n estuvo a cargo del Juez Zonal Claudio Poeta, asistido por los Jueces Locales Cristian Gonz\u00e1lez y Sandra Aguino, garantizando el cumplimiento de las normas vigentes.<\/p>\n\n\n\n<figure class=\"wp-block-image size-large\"><a href=\"http:\/\/labestiadeportiva.com\/lbd\/wp-content\/uploads\/2025\/07\/1000948418.jpg\"><img loading=\"lazy\" width=\"1024\" height=\"683\" src=\"http:\/\/labestiadeportiva.com\/lbd\/wp-content\/uploads\/2025\/07\/1000948418-1024x683.jpg\" alt=\"\" class=\"wp-image-52684\" srcset=\"http:\/\/labestiadeportiva.com\/lbd\/wp-content\/uploads\/2025\/07\/1000948418-1024x683.jpg 1024w, http:\/\/labestiadeportiva.com\/lbd\/wp-content\/uploads\/2025\/07\/1000948418-300x200.jpg 300w, http:\/\/labestiadeportiva.com\/lbd\/wp-content\/uploads\/2025\/07\/1000948418-768x512.jpg 768w, http:\/\/labestiadeportiva.com\/lbd\/wp-content\/uploads\/2025\/07\/1000948418-1536x1024.jpg 1536w, http:\/\/labestiadeportiva.com\/lbd\/wp-content\/uploads\/2025\/07\/1000948418-640x427.jpg 640w, http:\/\/labestiadeportiva.com\/lbd\/wp-content\/uploads\/2025\/07\/1000948418.jpg 2048w\" sizes=\"(max-width: 1024px) 100vw, 1024px\" \/><\/a><\/figure>\n\n\n\n<p><strong>Resultados destacados<\/strong><\/p>\n\n\n\n<p><strong>S\u00e1bado 5 de julio<\/strong><\/p>\n\n\n\n<p>Recurvo Masculino:1\u00b0 Federico Liborio (Uyana Jacu)2\u00b0 Christian Bisso (Uyana Jacu)<\/p>\n\n\n\n<p>Recurvo Femenino:1\u00b0 Gabriela Gonz\u00e1lez (Uyana Jacu)<\/p>\n\n\n\n<p>Recurvo Masculino Sub18 (eliminatorias):<\/p>\n\n\n\n<p>1\u00b0 Renzo Monchietti (AFTA)<\/p>\n\n\n\n<p>2\u00b0 Lautaro Maure (Martial)<\/p>\n\n\n\n<p>3\u00b0 Alan Wimber (Martial)<\/p>\n\n\n\n<p>Recurvo Masculino 50+:<\/p>\n\n\n\n<p>1\u00b0 V\u00edctor Bib\u00e9 (Uyana Jacu)<\/p>\n\n\n\n<p>Recurvo Femenino 50+:<\/p>\n\n\n\n<p>1\u00b0 Norma Hurt (Uyana Jacu)<\/p>\n\n\n\n<p>Compuesto Masculino 50+:<\/p>\n\n\n\n<p>1\u00b0 Jorge Ram\u00edrez (Uyana Jacu)<\/p>\n\n\n\n<p>Longbow Masculino:<\/p>\n\n\n\n<p>1\u00b0 Marcelo Barcel\u00f3 (Uyana Jacu)<\/p>\n\n\n\n<p>Tradicional Masculino:<\/p>\n\n\n\n<p>1\u00b0 Manuel Morillas (AFTA)<\/p>\n\n\n\n<p>Raso Masculino 50+:<\/p>\n\n\n\n<p>1\u00b0 Juan Olivera (Uyana Jacu)<\/p>\n\n\n\n<figure class=\"wp-block-image size-large\"><a href=\"http:\/\/labestiadeportiva.com\/lbd\/wp-content\/uploads\/2025\/07\/1000948316.jpg\"><img loading=\"lazy\" width=\"1024\" height=\"683\" src=\"http:\/\/labestiadeportiva.com\/lbd\/wp-content\/uploads\/2025\/07\/1000948316-1024x683.jpg\" alt=\"\" class=\"wp-image-52687\" srcset=\"http:\/\/labestiadeportiva.com\/lbd\/wp-content\/uploads\/2025\/07\/1000948316-1024x683.jpg 1024w, http:\/\/labestiadeportiva.com\/lbd\/wp-content\/uploads\/2025\/07\/1000948316-300x200.jpg 300w, http:\/\/labestiadeportiva.com\/lbd\/wp-content\/uploads\/2025\/07\/1000948316-768x512.jpg 768w, http:\/\/labestiadeportiva.com\/lbd\/wp-content\/uploads\/2025\/07\/1000948316-1536x1024.jpg 1536w, http:\/\/labestiadeportiva.com\/lbd\/wp-content\/uploads\/2025\/07\/1000948316-640x427.jpg 640w, http:\/\/labestiadeportiva.com\/lbd\/wp-content\/uploads\/2025\/07\/1000948316.jpg 2048w\" sizes=\"(max-width: 1024px) 100vw, 1024px\" \/><\/a><\/figure>\n\n\n\n<p><strong>Domingo 6 de julio<\/strong><\/p>\n\n\n\n<p>Recurvo Masculino (eliminatorias):<\/p>\n\n\n\n<p>1\u00b0 V\u00edctor Bib\u00e9 (Uyana Jacu) 2\u00b0 Federico Liborio (Uyana Jacu) 3\u00b0 Agust\u00edn Valle (Martial)<\/p>\n\n\n\n<p>Recurvo Femenino:<\/p>\n\n\n\n<p>1\u00b0 Gabriela Gonz\u00e1lez (Uyana Jacu)<\/p>\n\n\n\n<p>Recurvo Masculino Sub18:<\/p>\n\n\n\n<p>1\u00b0 Alan Wimber (Martial)<\/p>\n\n\n\n<p>Recurvo Femenino 50+:<\/p>\n\n\n\n<p>1\u00b0 Norma Hurt (Uyana Jacu)<\/p>\n\n\n\n<p>Compuesto Masculino 50+:<\/p>\n\n\n\n<p>1\u00b0 Jorge Ram\u00edrez (Uyana Jacu)<\/p>\n\n\n\n<p>Raso Masculino:<\/p>\n\n\n\n<p>1\u00b0 Mart\u00edn Rojas (Uyana Jacu)<\/p>\n\n\n\n<p>Raso Masculino 50+:<\/p>\n\n\n\n<p>1\u00b0 Juan Olivera (Uyana Jacu)<\/p>\n\n\n\n<p>Longbow Masculino:1\u00b0 Marcelo Barcel\u00f3 (Uyana Jacu)<\/p>\n\n\n\n<p>Recurvo Escuela 40:<\/p>\n\n\n\n<p>1\u00b0 Gustavo Elsztein (Uyana Jacu)<\/p>\n\n\n\n<p>2\u00b0 Maximiliano Zabaljauregui (Uyana Jacu)<\/p>\n\n\n\n<p>Recurvo Escuela 80:<\/p>\n\n\n\n<p>1\u00b0 Tiziano Villalba (Martial)<\/p>\n\n\n\n<p>2\u00b0 Santino Morales (Uyana Jacu)<\/p>\n\n\n\n<p>3\u00b0 Dasha Lobo Aquino (Martial)<\/p>\n\n\n\n<p>Raso Escuela 60:<\/p>\n\n\n\n<p>1\u00b0 Carlos Bongiovani (Martial)<\/p>\n\n\n\n<p>Raso Escuela 80:<\/p>\n\n\n\n<p>1\u00b0 Kaia Colfo (Martial)<\/p>\n\n\n\n<p>2\u00b0 Layla Ghio Casale (Martial)<\/p>\n\n\n\n<p>Estos torneos fortalecen el desarrollo del tiro con arco en Tierra del Fuego, consolidando el compromiso de los clubes con la formaci\u00f3n de nuevos talentos, la competencia saludable y la integraci\u00f3n regional a trav\u00e9s del deporte.<\/p>\n\n\n\n<figure class=\"wp-block-image size-large\"><a href=\"http:\/\/labestiadeportiva.com\/lbd\/wp-content\/uploads\/2025\/07\/1000948419.jpg\"><img loading=\"lazy\" width=\"1024\" height=\"683\" src=\"http:\/\/labestiadeportiva.com\/lbd\/wp-content\/uploads\/2025\/07\/1000948419-1024x683.jpg\" alt=\"\" class=\"wp-image-52683\" srcset=\"http:\/\/labestiadeportiva.com\/lbd\/wp-content\/uploads\/2025\/07\/1000948419-1024x683.jpg 1024w, http:\/\/labestiadeportiva.com\/lbd\/wp-content\/uploads\/2025\/07\/1000948419-300x200.jpg 300w, http:\/\/labestiadeportiva.com\/lbd\/wp-content\/uploads\/2025\/07\/1000948419-768x512.jpg 768w, http:\/\/labestiadeportiva.com\/lbd\/wp-content\/uploads\/2025\/07\/1000948419-1536x1024.jpg 1536w, http:\/\/labestiadeportiva.com\/lbd\/wp-content\/uploads\/2025\/07\/1000948419-640x427.jpg 640w, http:\/\/labestiadeportiva.com\/lbd\/wp-content\/uploads\/2025\/07\/1000948419.jpg 2048w\" sizes=\"(max-width: 1024px) 100vw, 1024px\" \/><\/a><\/figure>\n<div class='epvc-post-count'><span class='epvc-eye'><\/span>  <span class=\"epvc-count\"> 612<\/span><span class='epvc-label'> veces le\u00edda<\/span><\/div>\n<div class=\"jwsharethis\">\nShare this: \n<br \/>\n<a href=\"mailto:?subject=Arqueros%20en%20la%20640&amp;body=http%3A%2F%2Flabestiadeportiva.com%2Flbd%2Farqueros-en-la-640%2F\">\n<img src=\"http:\/\/labestiadeportiva.com\/lbd\/wp-content\/plugins\/jw-share-this\/email.png\" alt=\"Share this page via Email\" \/>\n<\/a>\n<a target=\"_blank\" href=\"http:\/\/www.stumbleupon.com\/submit?url=http%3A%2F%2Flabestiadeportiva.com%2Flbd%2Farqueros-en-la-640%2F&amp;title=Arqueros+en+la+640\">\n<img src=\"http:\/\/labestiadeportiva.com\/lbd\/wp-content\/plugins\/jw-share-this\/su.png\" alt=\"Share this page via Stumble Upon\" \/>\n<\/a>\n<a target=\"_blank\" href=\"http:\/\/digg.com\/submit?url=http%3A%2F%2Flabestiadeportiva.com%2Flbd%2Farqueros-en-la-640%2F&amp;title=Arqueros+en+la+640\">\n<img src=\"http:\/\/labestiadeportiva.com\/lbd\/wp-content\/plugins\/jw-share-this\/digg.png\" alt=\"Share this page via Digg this\" \/>\n<\/a>\n<a target=\"_blank\" href=\"http:\/\/www.facebook.com\/sharer.php?u=http%3A%2F%2Flabestiadeportiva.com%2Flbd%2Farqueros-en-la-640%2F&amp;t=Arqueros+en+la+640\">\n<img src=\"http:\/\/labestiadeportiva.com\/lbd\/wp-content\/plugins\/jw-share-this\/fb.png\" alt=\"Share this page via Facebook\" \/>\n<\/a>\n<a target=\"_blank\" href=\"http:\/\/twitter.com\/intent\/tweet?text=I+like+http%3A%2F%2Flabestiadeportiva.com%2Flbd%2Farqueros-en-la-640%2F&amp;title=Arqueros+en+la+640\">\n<img src=\"http:\/\/labestiadeportiva.com\/lbd\/wp-content\/plugins\/jw-share-this\/twitter.png\" alt=\"Share this page via Twitter\" \/>\n<\/a>\n<\/div>\n","protected":false},"excerpt":{"rendered":"<p>Durante el fin de semana del 5 y 6 de julio, se llevaron a cabo en la capital provincial dos torneos homologatorios y rankeables en modalidad sala, correspondientes al calendario nacional de la Federaci\u00f3n Argentina de Tiro con Arco (FATARCO). Fuente y fotos Escuela Uyana Yacu. 612 veces le\u00edda Share this:<\/p>\n","protected":false},"author":1,"featured_media":0,"comment_status":"open","ping_status":"open","sticky":false,"template":"","format":"standard","meta":[],"categories":[5,1,4051],"tags":[83,4052,5625],"_links":{"self":[{"href":"http:\/\/labestiadeportiva.com\/lbd\/wp-json\/wp\/v2\/posts\/52674"}],"collection":[{"href":"http:\/\/labestiadeportiva.com\/lbd\/wp-json\/wp\/v2\/posts"}],"about":[{"href":"http:\/\/labestiadeportiva.com\/lbd\/wp-json\/wp\/v2\/types\/post"}],"author":[{"embeddable":true,"href":"http:\/\/labestiadeportiva.com\/lbd\/wp-json\/wp\/v2\/users\/1"}],"replies":[{"embeddable":true,"href":"http:\/\/labestiadeportiva.com\/lbd\/wp-json\/wp\/v2\/comments?post=52674"}],"version-history":[{"count":1,"href":"http:\/\/labestiadeportiva.com\/lbd\/wp-json\/wp\/v2\/posts\/52674\/revisions"}],"predecessor-version":[{"id":52689,"href":"http:\/\/labestiadeportiva.com\/lbd\/wp-json\/wp\/v2\/posts\/52674\/revisions\/52689"}],"wp:attachment":[{"href":"http:\/\/labestiadeportiva.com\/lbd\/wp-json\/wp\/v2\/media?parent=52674"}],"wp:term":[{"taxonomy":"category","embeddable":true,"href":"http:\/\/labestiadeportiva.com\/lbd\/wp-json\/wp\/v2\/categories?post=52674"},{"taxonomy":"post_tag","embeddable":true,"href":"http:\/\/labestiadeportiva.com\/lbd\/wp-json\/wp\/v2\/tags?post=52674"}],"curies":[{"name":"wp","href":"https:\/\/api.w.org\/{rel}","templated":true}]}}