{"id":52690,"date":"2025-07-07T17:54:41","date_gmt":"2025-07-07T20:54:41","guid":{"rendered":"http:\/\/labestiadeportiva.com\/lbd\/?p=52690"},"modified":"2025-07-07T17:57:29","modified_gmt":"2025-07-07T20:57:29","slug":"river-y-haf-se-quedaron-con-el-torneo-fdm-audio","status":"publish","type":"post","link":"http:\/\/labestiadeportiva.com\/lbd\/river-y-haf-se-quedaron-con-el-torneo-fdm-audio\/","title":{"rendered":"River y HAF se quedaron con el Torneo FDM (Audio)"},"content":{"rendered":"\n<figure class=\"wp-block-image size-large\"><a href=\"http:\/\/labestiadeportiva.com\/lbd\/wp-content\/uploads\/2025\/07\/1000948282.jpg\"><img loading=\"lazy\" width=\"1024\" height=\"682\" src=\"http:\/\/labestiadeportiva.com\/lbd\/wp-content\/uploads\/2025\/07\/1000948282-1024x682.jpg\" alt=\"\" class=\"wp-image-52699\" srcset=\"http:\/\/labestiadeportiva.com\/lbd\/wp-content\/uploads\/2025\/07\/1000948282-1024x682.jpg 1024w, http:\/\/labestiadeportiva.com\/lbd\/wp-content\/uploads\/2025\/07\/1000948282-300x200.jpg 300w, http:\/\/labestiadeportiva.com\/lbd\/wp-content\/uploads\/2025\/07\/1000948282-768x512.jpg 768w, http:\/\/labestiadeportiva.com\/lbd\/wp-content\/uploads\/2025\/07\/1000948282-640x427.jpg 640w, http:\/\/labestiadeportiva.com\/lbd\/wp-content\/uploads\/2025\/07\/1000948282.jpg 1280w\" sizes=\"(max-width: 1024px) 100vw, 1024px\" \/><\/a><\/figure>\n\n\n\n<figure class=\"wp-block-image size-full\"><a href=\"http:\/\/labestiadeportiva.com\/lbd\/wp-content\/uploads\/2022\/11\/CARA_PEREZ-2.jpg\"><img loading=\"lazy\" width=\"600\" height=\"124\" src=\"http:\/\/labestiadeportiva.com\/lbd\/wp-content\/uploads\/2022\/11\/CARA_PEREZ-2.jpg\" alt=\"\" class=\"wp-image-43576\" srcset=\"http:\/\/labestiadeportiva.com\/lbd\/wp-content\/uploads\/2022\/11\/CARA_PEREZ-2.jpg 600w, http:\/\/labestiadeportiva.com\/lbd\/wp-content\/uploads\/2022\/11\/CARA_PEREZ-2-300x62.jpg 300w\" sizes=\"(max-width: 600px) 100vw, 600px\" \/><\/a><\/figure>\n\n\n\n<p>La competencia salonera Sub 15 y Sub 17 se realiz\u00f3 de jueves a s\u00e1bado en el Microestadio Jos\u00e9 \u00abCochocho\u00bb Vargas.<\/p>\n\n\n\n<p>El torneo  fue ganado por el ushuaiense HAF en 4\u00b0 divisi\u00f3n mientras que en 5\u00b0 qued\u00f3 en manos del Club Atl\u00e9tico River Plate.<\/p>\n\n\n\n<p>Asimismo el s\u00e1bado se realiz\u00f3 un multitudinaria cl\u00ednica de arqueros. Los detalles a cargo del profesor Diego S\u00e1nchez.<\/p>\n\n\n\n<p>Compartimos la entrevista lograda este lunes en la 94.1 FM del Sur.<\/p>\n\n\n\n<figure class=\"wp-block-image size-large\"><a href=\"http:\/\/labestiadeportiva.com\/lbd\/wp-content\/uploads\/2025\/07\/1000948290.jpg\"><img loading=\"lazy\" width=\"1024\" height=\"682\" src=\"http:\/\/labestiadeportiva.com\/lbd\/wp-content\/uploads\/2025\/07\/1000948290-1024x682.jpg\" alt=\"\" class=\"wp-image-52700\" srcset=\"http:\/\/labestiadeportiva.com\/lbd\/wp-content\/uploads\/2025\/07\/1000948290-1024x682.jpg 1024w, http:\/\/labestiadeportiva.com\/lbd\/wp-content\/uploads\/2025\/07\/1000948290-300x200.jpg 300w, http:\/\/labestiadeportiva.com\/lbd\/wp-content\/uploads\/2025\/07\/1000948290-768x512.jpg 768w, http:\/\/labestiadeportiva.com\/lbd\/wp-content\/uploads\/2025\/07\/1000948290-640x427.jpg 640w, http:\/\/labestiadeportiva.com\/lbd\/wp-content\/uploads\/2025\/07\/1000948290.jpg 1280w\" sizes=\"(max-width: 1024px) 100vw, 1024px\" \/><\/a><\/figure>\n\n\n\n<!--more-->\n\n\n\n<figure class=\"wp-block-embed is-type-video is-provider-youtube wp-block-embed-youtube wp-embed-aspect-4-3 wp-has-aspect-ratio\"><div class=\"wp-block-embed__wrapper\">\n<iframe loading=\"lazy\" title=\"Audio Diego S\u00e1nchez\" width=\"474\" height=\"356\" src=\"https:\/\/www.youtube.com\/embed\/qL1v-nSFZL8?feature=oembed\" frameborder=\"0\" allow=\"accelerometer; autoplay; clipboard-write; encrypted-media; gyroscope; picture-in-picture; web-share\" referrerpolicy=\"strict-origin-when-cross-origin\" allowfullscreen><\/iframe>\n<\/div><\/figure>\n<div class='epvc-post-count'><span class='epvc-eye'><\/span>  <span class=\"epvc-count\"> 702<\/span><span class='epvc-label'> veces le\u00edda<\/span><\/div>\n<div class=\"jwsharethis\">\nShare this: \n<br \/>\n<a href=\"mailto:?subject=River%20y%20HAF%20se%20quedaron%20con%20el%20Torneo%20FDM%20%28Audio%29&amp;body=http%3A%2F%2Flabestiadeportiva.com%2Flbd%2Friver-y-haf-se-quedaron-con-el-torneo-fdm-audio%2F\">\n<img src=\"http:\/\/labestiadeportiva.com\/lbd\/wp-content\/plugins\/jw-share-this\/email.png\" alt=\"Share this page via Email\" \/>\n<\/a>\n<a target=\"_blank\" href=\"http:\/\/www.stumbleupon.com\/submit?url=http%3A%2F%2Flabestiadeportiva.com%2Flbd%2Friver-y-haf-se-quedaron-con-el-torneo-fdm-audio%2F&amp;title=River+y+HAF+se+quedaron+con+el+Torneo+FDM+%28Audio%29\">\n<img src=\"http:\/\/labestiadeportiva.com\/lbd\/wp-content\/plugins\/jw-share-this\/su.png\" alt=\"Share this page via Stumble Upon\" \/>\n<\/a>\n<a target=\"_blank\" href=\"http:\/\/digg.com\/submit?url=http%3A%2F%2Flabestiadeportiva.com%2Flbd%2Friver-y-haf-se-quedaron-con-el-torneo-fdm-audio%2F&amp;title=River+y+HAF+se+quedaron+con+el+Torneo+FDM+%28Audio%29\">\n<img src=\"http:\/\/labestiadeportiva.com\/lbd\/wp-content\/plugins\/jw-share-this\/digg.png\" alt=\"Share this page via Digg this\" \/>\n<\/a>\n<a target=\"_blank\" href=\"http:\/\/www.facebook.com\/sharer.php?u=http%3A%2F%2Flabestiadeportiva.com%2Flbd%2Friver-y-haf-se-quedaron-con-el-torneo-fdm-audio%2F&amp;t=River+y+HAF+se+quedaron+con+el+Torneo+FDM+%28Audio%29\">\n<img src=\"http:\/\/labestiadeportiva.com\/lbd\/wp-content\/plugins\/jw-share-this\/fb.png\" alt=\"Share this page via Facebook\" \/>\n<\/a>\n<a target=\"_blank\" href=\"http:\/\/twitter.com\/intent\/tweet?text=I+like+http%3A%2F%2Flabestiadeportiva.com%2Flbd%2Friver-y-haf-se-quedaron-con-el-torneo-fdm-audio%2F&amp;title=River+y+HAF+se+quedaron+con+el+Torneo+FDM+%28Audio%29\">\n<img src=\"http:\/\/labestiadeportiva.com\/lbd\/wp-content\/plugins\/jw-share-this\/twitter.png\" alt=\"Share this page via Twitter\" \/>\n<\/a>\n<\/div>\n","protected":false},"excerpt":{"rendered":"<p>La competencia salonera Sub 15 y Sub 17 se realiz\u00f3 de jueves a s\u00e1bado en el Microestadio Jos\u00e9 \u00abCochocho\u00bb Vargas. El torneo fue ganado por el ushuaiense HAF en 4\u00b0 divisi\u00f3n mientras que en 5\u00b0 qued\u00f3 en manos del Club Atl\u00e9tico River Plate. Asimismo el s\u00e1bado se realiz\u00f3 un multitudinaria cl\u00ednica de arqueros. Los detalles &hellip; <a href=\"http:\/\/labestiadeportiva.com\/lbd\/river-y-haf-se-quedaron-con-el-torneo-fdm-audio\/\" class=\"more-link\">Seguir leyendo <span class=\"screen-reader-text\">River y HAF se quedaron con el Torneo FDM (Audio)<\/span> <span class=\"meta-nav\">&rarr;<\/span><\/a><\/p>\n","protected":false},"author":1,"featured_media":0,"comment_status":"open","ping_status":"open","sticky":false,"template":"","format":"standard","meta":[],"categories":[5,6,60,2343,1],"tags":[296,4838,30,185,83,3872,2854],"_links":{"self":[{"href":"http:\/\/labestiadeportiva.com\/lbd\/wp-json\/wp\/v2\/posts\/52690"}],"collection":[{"href":"http:\/\/labestiadeportiva.com\/lbd\/wp-json\/wp\/v2\/posts"}],"about":[{"href":"http:\/\/labestiadeportiva.com\/lbd\/wp-json\/wp\/v2\/types\/post"}],"author":[{"embeddable":true,"href":"http:\/\/labestiadeportiva.com\/lbd\/wp-json\/wp\/v2\/users\/1"}],"replies":[{"embeddable":true,"href":"http:\/\/labestiadeportiva.com\/lbd\/wp-json\/wp\/v2\/comments?post=52690"}],"version-history":[{"count":2,"href":"http:\/\/labestiadeportiva.com\/lbd\/wp-json\/wp\/v2\/posts\/52690\/revisions"}],"predecessor-version":[{"id":52702,"href":"http:\/\/labestiadeportiva.com\/lbd\/wp-json\/wp\/v2\/posts\/52690\/revisions\/52702"}],"wp:attachment":[{"href":"http:\/\/labestiadeportiva.com\/lbd\/wp-json\/wp\/v2\/media?parent=52690"}],"wp:term":[{"taxonomy":"category","embeddable":true,"href":"http:\/\/labestiadeportiva.com\/lbd\/wp-json\/wp\/v2\/categories?post=52690"},{"taxonomy":"post_tag","embeddable":true,"href":"http:\/\/labestiadeportiva.com\/lbd\/wp-json\/wp\/v2\/tags?post=52690"}],"curies":[{"name":"wp","href":"https:\/\/api.w.org\/{rel}","templated":true}]}}