{"id":53038,"date":"2025-09-02T19:32:40","date_gmt":"2025-09-02T22:32:40","guid":{"rendered":"http:\/\/labestiadeportiva.com\/lbd\/?p=53038"},"modified":"2025-09-02T19:36:04","modified_gmt":"2025-09-02T22:36:04","slug":"sueno-mercantil-audio","status":"publish","type":"post","link":"http:\/\/labestiadeportiva.com\/lbd\/sueno-mercantil-audio\/","title":{"rendered":"Sue\u00f1o Mercantil (Audio)"},"content":{"rendered":"\n<figure class=\"wp-block-image size-large\"><a href=\"http:\/\/labestiadeportiva.com\/lbd\/wp-content\/uploads\/2025\/09\/1001055526.jpg\"><img loading=\"lazy\" width=\"1024\" height=\"461\" src=\"http:\/\/labestiadeportiva.com\/lbd\/wp-content\/uploads\/2025\/09\/1001055526-1024x461.jpg\" alt=\"\" class=\"wp-image-53039\" srcset=\"http:\/\/labestiadeportiva.com\/lbd\/wp-content\/uploads\/2025\/09\/1001055526-1024x461.jpg 1024w, http:\/\/labestiadeportiva.com\/lbd\/wp-content\/uploads\/2025\/09\/1001055526-300x135.jpg 300w, http:\/\/labestiadeportiva.com\/lbd\/wp-content\/uploads\/2025\/09\/1001055526-768x346.jpg 768w, http:\/\/labestiadeportiva.com\/lbd\/wp-content\/uploads\/2025\/09\/1001055526-640x288.jpg 640w, http:\/\/labestiadeportiva.com\/lbd\/wp-content\/uploads\/2025\/09\/1001055526.jpg 1280w\" sizes=\"(max-width: 1024px) 100vw, 1024px\" \/><\/a><\/figure>\n\n\n\n<figure class=\"wp-block-image size-full\"><a href=\"http:\/\/labestiadeportiva.com\/lbd\/wp-content\/uploads\/2022\/11\/CARA_PEREZ-2.jpg\"><img loading=\"lazy\" width=\"600\" height=\"124\" src=\"http:\/\/labestiadeportiva.com\/lbd\/wp-content\/uploads\/2022\/11\/CARA_PEREZ-2.jpg\" alt=\"\" class=\"wp-image-43576\" srcset=\"http:\/\/labestiadeportiva.com\/lbd\/wp-content\/uploads\/2022\/11\/CARA_PEREZ-2.jpg 600w, http:\/\/labestiadeportiva.com\/lbd\/wp-content\/uploads\/2022\/11\/CARA_PEREZ-2-300x62.jpg 300w\" sizes=\"(max-width: 600px) 100vw, 600px\" \/><\/a><\/figure>\n\n\n\n<p>Este martes por la tarde comenz\u00f3 su viaje el plantel del Club Mercantil hacia la sede del Final Four de la Copa Argentina de Futsal AFA.<\/p>\n\n\n\n<p>Paso previo por la Ciudad Aut\u00f3noma de Buenos Aires para luego trasladarse a Rosario donde el viernes a las 19 se enfrentar\u00e1 al galleguense Opci\u00f3n J\u00f3ven.<\/p>\n\n\n\n<p>Antes de partir dialogamos con el entrenador Diego S\u00e1nchez en busca de detalles. Compartimos la entrevista lograda este martes en la 94.1 FM del Sur.<\/p>\n\n\n\n<!--more-->\n\n\n\n<figure class=\"wp-block-embed is-type-video is-provider-youtube wp-block-embed-youtube wp-embed-aspect-4-3 wp-has-aspect-ratio\"><div class=\"wp-block-embed__wrapper\">\n<iframe loading=\"lazy\" title=\"Audio Diego S\u00e1nchez \" width=\"474\" height=\"356\" src=\"https:\/\/www.youtube.com\/embed\/DRL8WiNCev8?feature=oembed\" frameborder=\"0\" allow=\"accelerometer; autoplay; clipboard-write; encrypted-media; gyroscope; picture-in-picture; web-share\" referrerpolicy=\"strict-origin-when-cross-origin\" allowfullscreen><\/iframe>\n<\/div><\/figure>\n<div class='epvc-post-count'><span class='epvc-eye'><\/span>  <span class=\"epvc-count\"> 690<\/span><span class='epvc-label'> veces le\u00edda<\/span><\/div>\n<div class=\"jwsharethis\">\nShare this: \n<br \/>\n<a href=\"mailto:?subject=Sue%C3%B1o%20Mercantil%20%28Audio%29&amp;body=http%3A%2F%2Flabestiadeportiva.com%2Flbd%2Fsueno-mercantil-audio%2F\">\n<img src=\"http:\/\/labestiadeportiva.com\/lbd\/wp-content\/plugins\/jw-share-this\/email.png\" alt=\"Share this page via Email\" \/>\n<\/a>\n<a target=\"_blank\" href=\"http:\/\/www.stumbleupon.com\/submit?url=http%3A%2F%2Flabestiadeportiva.com%2Flbd%2Fsueno-mercantil-audio%2F&amp;title=Sue%C3%B1o+Mercantil+%28Audio%29\">\n<img src=\"http:\/\/labestiadeportiva.com\/lbd\/wp-content\/plugins\/jw-share-this\/su.png\" alt=\"Share this page via Stumble Upon\" \/>\n<\/a>\n<a target=\"_blank\" href=\"http:\/\/digg.com\/submit?url=http%3A%2F%2Flabestiadeportiva.com%2Flbd%2Fsueno-mercantil-audio%2F&amp;title=Sue%C3%B1o+Mercantil+%28Audio%29\">\n<img src=\"http:\/\/labestiadeportiva.com\/lbd\/wp-content\/plugins\/jw-share-this\/digg.png\" alt=\"Share this page via Digg this\" \/>\n<\/a>\n<a target=\"_blank\" href=\"http:\/\/www.facebook.com\/sharer.php?u=http%3A%2F%2Flabestiadeportiva.com%2Flbd%2Fsueno-mercantil-audio%2F&amp;t=Sue%C3%B1o+Mercantil+%28Audio%29\">\n<img src=\"http:\/\/labestiadeportiva.com\/lbd\/wp-content\/plugins\/jw-share-this\/fb.png\" alt=\"Share this page via Facebook\" \/>\n<\/a>\n<a target=\"_blank\" href=\"http:\/\/twitter.com\/intent\/tweet?text=I+like+http%3A%2F%2Flabestiadeportiva.com%2Flbd%2Fsueno-mercantil-audio%2F&amp;title=Sue%C3%B1o+Mercantil+%28Audio%29\">\n<img src=\"http:\/\/labestiadeportiva.com\/lbd\/wp-content\/plugins\/jw-share-this\/twitter.png\" alt=\"Share this page via Twitter\" \/>\n<\/a>\n<\/div>\n","protected":false},"excerpt":{"rendered":"<p>Este martes por la tarde comenz\u00f3 su viaje el plantel del Club Mercantil hacia la sede del Final Four de la Copa Argentina de Futsal AFA. Paso previo por la Ciudad Aut\u00f3noma de Buenos Aires para luego trasladarse a Rosario donde el viernes a las 19 se enfrentar\u00e1 al galleguense Opci\u00f3n J\u00f3ven. Antes de partir &hellip; <a href=\"http:\/\/labestiadeportiva.com\/lbd\/sueno-mercantil-audio\/\" class=\"more-link\">Seguir leyendo <span class=\"screen-reader-text\">Sue\u00f1o Mercantil (Audio)<\/span> <span class=\"meta-nav\">&rarr;<\/span><\/a><\/p>\n","protected":false},"author":1,"featured_media":0,"comment_status":"open","ping_status":"open","sticky":false,"template":"","format":"standard","meta":[],"categories":[5,6,60,2343,1],"tags":[387,4838,5685,30,1969,5638,3872],"_links":{"self":[{"href":"http:\/\/labestiadeportiva.com\/lbd\/wp-json\/wp\/v2\/posts\/53038"}],"collection":[{"href":"http:\/\/labestiadeportiva.com\/lbd\/wp-json\/wp\/v2\/posts"}],"about":[{"href":"http:\/\/labestiadeportiva.com\/lbd\/wp-json\/wp\/v2\/types\/post"}],"author":[{"embeddable":true,"href":"http:\/\/labestiadeportiva.com\/lbd\/wp-json\/wp\/v2\/users\/1"}],"replies":[{"embeddable":true,"href":"http:\/\/labestiadeportiva.com\/lbd\/wp-json\/wp\/v2\/comments?post=53038"}],"version-history":[{"count":2,"href":"http:\/\/labestiadeportiva.com\/lbd\/wp-json\/wp\/v2\/posts\/53038\/revisions"}],"predecessor-version":[{"id":53041,"href":"http:\/\/labestiadeportiva.com\/lbd\/wp-json\/wp\/v2\/posts\/53038\/revisions\/53041"}],"wp:attachment":[{"href":"http:\/\/labestiadeportiva.com\/lbd\/wp-json\/wp\/v2\/media?parent=53038"}],"wp:term":[{"taxonomy":"category","embeddable":true,"href":"http:\/\/labestiadeportiva.com\/lbd\/wp-json\/wp\/v2\/categories?post=53038"},{"taxonomy":"post_tag","embeddable":true,"href":"http:\/\/labestiadeportiva.com\/lbd\/wp-json\/wp\/v2\/tags?post=53038"}],"curies":[{"name":"wp","href":"https:\/\/api.w.org\/{rel}","templated":true}]}}