{"id":53042,"date":"2025-09-03T23:25:49","date_gmt":"2025-09-04T02:25:49","guid":{"rendered":"http:\/\/labestiadeportiva.com\/lbd\/?p=53042"},"modified":"2025-09-03T23:25:53","modified_gmt":"2025-09-04T02:25:53","slug":"es-un-volver-a-empezar-con-un-equipo-100-formado-en-casa","status":"publish","type":"post","link":"http:\/\/labestiadeportiva.com\/lbd\/es-un-volver-a-empezar-con-un-equipo-100-formado-en-casa\/","title":{"rendered":"\u00abEs un volver a empezar con un equipo 100% formado en casa\u00bb"},"content":{"rendered":"\n<figure class=\"wp-block-image size-large\"><a href=\"http:\/\/labestiadeportiva.com\/lbd\/wp-content\/uploads\/2025\/09\/1001058283.jpg\"><img loading=\"lazy\" width=\"1024\" height=\"839\" src=\"http:\/\/labestiadeportiva.com\/lbd\/wp-content\/uploads\/2025\/09\/1001058283-1024x839.jpg\" alt=\"\" class=\"wp-image-53051\" srcset=\"http:\/\/labestiadeportiva.com\/lbd\/wp-content\/uploads\/2025\/09\/1001058283-1024x839.jpg 1024w, http:\/\/labestiadeportiva.com\/lbd\/wp-content\/uploads\/2025\/09\/1001058283-300x246.jpg 300w, http:\/\/labestiadeportiva.com\/lbd\/wp-content\/uploads\/2025\/09\/1001058283-768x629.jpg 768w, http:\/\/labestiadeportiva.com\/lbd\/wp-content\/uploads\/2025\/09\/1001058283-640x524.jpg 640w, http:\/\/labestiadeportiva.com\/lbd\/wp-content\/uploads\/2025\/09\/1001058283.jpg 1080w\" sizes=\"(max-width: 1024px) 100vw, 1024px\" \/><\/a><\/figure>\n\n\n\n<figure class=\"wp-block-image size-full\"><a href=\"http:\/\/labestiadeportiva.com\/lbd\/wp-content\/uploads\/2022\/11\/CARA_BAROLI-1.jpg\"><img loading=\"lazy\" width=\"600\" height=\"124\" src=\"http:\/\/labestiadeportiva.com\/lbd\/wp-content\/uploads\/2022\/11\/CARA_BAROLI-1.jpg\" alt=\"\" class=\"wp-image-43574\" srcset=\"http:\/\/labestiadeportiva.com\/lbd\/wp-content\/uploads\/2022\/11\/CARA_BAROLI-1.jpg 600w, http:\/\/labestiadeportiva.com\/lbd\/wp-content\/uploads\/2022\/11\/CARA_BAROLI-1-300x62.jpg 300w\" sizes=\"(max-width: 600px) 100vw, 600px\" \/><\/a><\/figure>\n\n\n\n<p>El entrenador de Hispano Americano, Facundo Zalazar, expres\u00f3 su satisfacci\u00f3n tras la confirmaci\u00f3n de la participaci\u00f3n del Celeste en el Torneo Pre Federal de B\u00e1squet 2025.<\/p>\n\n\n\n<!--more-->\n\n\n\n<p>Hispano Americano sacudi\u00f3 la escena del b\u00e1squet nacional nuevamente. Volver\u00e1 a ser parte de un certamen nacional luego del anuncio de que no disputar\u00e1 la Liga Argentina 2025. Lo har\u00e1 en el Torneo Pre Federal y buscar\u00e1 el sue\u00f1o de poner, nuevamente, en lo m\u00e1s alto al deporte de Santa Cruz.<\/p>\n\n\n\n<p>Facundo Zalazar, ex jugador y actual entrenador del primer equipo Hispanista, brindo detalles de la vuelta del Celeste a la competencia nacional: <\/p>\n\n\n\n<p>\u201c<strong>Hace unos d\u00edas pudimos confirmar la presencia en el certamen. Es un volver a empezar, un nuevo comienzo luego de la venta de la plaza de la Liga Argentina. Decidimos encarar este desaf\u00edo con un equipo \u00edntegramente formado en nuestro club: jugadores y cuerpo t\u00e9cnico nacidos en Hispano\u201d<\/strong>, destac\u00f3.<\/p>\n\n\n\n<p>Zalazar remarc\u00f3 que este proyecto se apoya en la nueva comisi\u00f3n de padres, integrada en su mayor\u00eda por familiares de los propios jugadores. <\/p>\n\n\n\n<p>\u201c<strong>La idea es clara: darle a los chicos la posibilidad de competir, mantener vivo un horizonte dentro del b\u00e1squet local y reforzar el trabajo que venimos haciendo en formativas. Queremos que sepan que existe un camino y una meta por alcanzar<\/strong>\u201d.<\/p>\n\n\n\n<p>El entrenador subray\u00f3 la identidad del plantel: <\/p>\n\n\n\n<p>\u201c<strong>Es el mismo grupo que ven\u00eda compitiendo en el \u00e1mbito local, un equipo que trabaja muy duro hace mucho tiempo y que ahora tiene la chance de representar a nuestra instituci\u00f3n en un torneo nacional. Ojal\u00e1 estemos a la altura y podamos competir de la mejor forma\u201d.<\/strong><\/p>\n<div class='epvc-post-count'><span class='epvc-eye'><\/span>  <span class=\"epvc-count\"> 771<\/span><span class='epvc-label'> veces le\u00edda<\/span><\/div>\n<div class=\"jwsharethis\">\nShare this: \n<br \/>\n<a href=\"mailto:?subject=%C2%ABEs%20un%20volver%20a%20empezar%20con%20un%20equipo%20100%25%20formado%20en%20casa%C2%BB&amp;body=http%3A%2F%2Flabestiadeportiva.com%2Flbd%2Fes-un-volver-a-empezar-con-un-equipo-100-formado-en-casa%2F\">\n<img src=\"http:\/\/labestiadeportiva.com\/lbd\/wp-content\/plugins\/jw-share-this\/email.png\" alt=\"Share this page via Email\" \/>\n<\/a>\n<a target=\"_blank\" href=\"http:\/\/www.stumbleupon.com\/submit?url=http%3A%2F%2Flabestiadeportiva.com%2Flbd%2Fes-un-volver-a-empezar-con-un-equipo-100-formado-en-casa%2F&amp;title=%C2%ABEs+un+volver+a+empezar+con+un+equipo+100%25+formado+en+casa%C2%BB\">\n<img src=\"http:\/\/labestiadeportiva.com\/lbd\/wp-content\/plugins\/jw-share-this\/su.png\" alt=\"Share this page via Stumble Upon\" \/>\n<\/a>\n<a target=\"_blank\" href=\"http:\/\/digg.com\/submit?url=http%3A%2F%2Flabestiadeportiva.com%2Flbd%2Fes-un-volver-a-empezar-con-un-equipo-100-formado-en-casa%2F&amp;title=%C2%ABEs+un+volver+a+empezar+con+un+equipo+100%25+formado+en+casa%C2%BB\">\n<img src=\"http:\/\/labestiadeportiva.com\/lbd\/wp-content\/plugins\/jw-share-this\/digg.png\" alt=\"Share this page via Digg this\" \/>\n<\/a>\n<a target=\"_blank\" href=\"http:\/\/www.facebook.com\/sharer.php?u=http%3A%2F%2Flabestiadeportiva.com%2Flbd%2Fes-un-volver-a-empezar-con-un-equipo-100-formado-en-casa%2F&amp;t=%C2%ABEs+un+volver+a+empezar+con+un+equipo+100%25+formado+en+casa%C2%BB\">\n<img src=\"http:\/\/labestiadeportiva.com\/lbd\/wp-content\/plugins\/jw-share-this\/fb.png\" alt=\"Share this page via Facebook\" \/>\n<\/a>\n<a target=\"_blank\" href=\"http:\/\/twitter.com\/intent\/tweet?text=I+like+http%3A%2F%2Flabestiadeportiva.com%2Flbd%2Fes-un-volver-a-empezar-con-un-equipo-100-formado-en-casa%2F&amp;title=%C2%ABEs+un+volver+a+empezar+con+un+equipo+100%25+formado+en+casa%C2%BB\">\n<img src=\"http:\/\/labestiadeportiva.com\/lbd\/wp-content\/plugins\/jw-share-this\/twitter.png\" alt=\"Share this page via Twitter\" \/>\n<\/a>\n<\/div>\n","protected":false},"excerpt":{"rendered":"<p>El entrenador de Hispano Americano, Facundo Zalazar, expres\u00f3 su satisfacci\u00f3n tras la confirmaci\u00f3n de la participaci\u00f3n del Celeste en el Torneo Pre Federal de B\u00e1squet 2025. 771 veces le\u00edda Share this:<\/p>\n","protected":false},"author":1,"featured_media":0,"comment_status":"open","ping_status":"open","sticky":false,"template":"","format":"standard","meta":[],"categories":[2432,6,1],"tags":[171,3120,83,5686],"_links":{"self":[{"href":"http:\/\/labestiadeportiva.com\/lbd\/wp-json\/wp\/v2\/posts\/53042"}],"collection":[{"href":"http:\/\/labestiadeportiva.com\/lbd\/wp-json\/wp\/v2\/posts"}],"about":[{"href":"http:\/\/labestiadeportiva.com\/lbd\/wp-json\/wp\/v2\/types\/post"}],"author":[{"embeddable":true,"href":"http:\/\/labestiadeportiva.com\/lbd\/wp-json\/wp\/v2\/users\/1"}],"replies":[{"embeddable":true,"href":"http:\/\/labestiadeportiva.com\/lbd\/wp-json\/wp\/v2\/comments?post=53042"}],"version-history":[{"count":1,"href":"http:\/\/labestiadeportiva.com\/lbd\/wp-json\/wp\/v2\/posts\/53042\/revisions"}],"predecessor-version":[{"id":53052,"href":"http:\/\/labestiadeportiva.com\/lbd\/wp-json\/wp\/v2\/posts\/53042\/revisions\/53052"}],"wp:attachment":[{"href":"http:\/\/labestiadeportiva.com\/lbd\/wp-json\/wp\/v2\/media?parent=53042"}],"wp:term":[{"taxonomy":"category","embeddable":true,"href":"http:\/\/labestiadeportiva.com\/lbd\/wp-json\/wp\/v2\/categories?post=53042"},{"taxonomy":"post_tag","embeddable":true,"href":"http:\/\/labestiadeportiva.com\/lbd\/wp-json\/wp\/v2\/tags?post=53042"}],"curies":[{"name":"wp","href":"https:\/\/api.w.org\/{rel}","templated":true}]}}