{"id":53053,"date":"2025-09-03T23:45:30","date_gmt":"2025-09-04T02:45:30","guid":{"rendered":"http:\/\/labestiadeportiva.com\/lbd\/?p=53053"},"modified":"2025-09-03T23:45:34","modified_gmt":"2025-09-04T02:45:34","slug":"elina-soto-en-la-copa-presidente","status":"publish","type":"post","link":"http:\/\/labestiadeportiva.com\/lbd\/elina-soto-en-la-copa-presidente\/","title":{"rendered":"Elina Soto en la \u00abCopa Presidente\u00bb"},"content":{"rendered":"\n<figure class=\"wp-block-image size-large\"><a href=\"http:\/\/labestiadeportiva.com\/lbd\/wp-content\/uploads\/2025\/09\/1001056911.jpg\"><img loading=\"lazy\" width=\"568\" height=\"1024\" src=\"http:\/\/labestiadeportiva.com\/lbd\/wp-content\/uploads\/2025\/09\/1001056911-568x1024.jpg\" alt=\"\" class=\"wp-image-53054\" srcset=\"http:\/\/labestiadeportiva.com\/lbd\/wp-content\/uploads\/2025\/09\/1001056911-568x1024.jpg 568w, http:\/\/labestiadeportiva.com\/lbd\/wp-content\/uploads\/2025\/09\/1001056911-166x300.jpg 166w, http:\/\/labestiadeportiva.com\/lbd\/wp-content\/uploads\/2025\/09\/1001056911-640x1155.jpg 640w, http:\/\/labestiadeportiva.com\/lbd\/wp-content\/uploads\/2025\/09\/1001056911.jpg 699w\" sizes=\"(max-width: 568px) 100vw, 568px\" \/><\/a><\/figure>\n\n\n\n<p>La taekwondista Elina Soto,  debutar\u00e1 en la Selecci\u00f3n Argentina durante la Copa de Taekwondo 2025, un certamen rankeable G3 avalado por World Taekwondo (WT) y la Pan American Taekwondo Union (PATU). <\/p>\n\n\n\n<!--more-->\n\n\n\n<p>El evento se desarrollar\u00e1 del 4 al 7 de septiembre en el Polideportivo 3 de la VIDENA de Lima y otorgar\u00e1 puntos para el ranking mundial y panamericano.<\/p>\n\n\n\n<p>Elina competir\u00e1 en la categor\u00eda Cadete -51 kg (Dan), respaldada por un historial que confirma su proyecci\u00f3n: en 2024 obtuvo la medalla de oro nacional en cinturones rojos y en 2025 conquist\u00f3 otro oro nacional en cinturones negros. <\/p>\n\n\n\n<p>Estos resultados la consolidaron como una de las j\u00f3venes promesas m\u00e1s firmes del taekwondo argentino incorporada al programa DAR del ENARD.<\/p>\n\n\n\n<p>Su participaci\u00f3n es posible gracias al esfuerzo de su familia y la comunidad de R\u00edo Grande. Vecinos y allegados hicieron posible este sue\u00f1o colaborando con la rifa organizada por sus seres queridos.<\/p>\n\n\n\n<p>La Selecci\u00f3n viaja dividida en dos vuelos, con un total de 25 atletas y 4 integrantes del Cuerpo T\u00e9cnico.<\/p>\n\n\n\n<figure class=\"wp-block-image size-large\"><a href=\"http:\/\/labestiadeportiva.com\/lbd\/wp-content\/uploads\/2025\/09\/1001056915.jpg\"><img loading=\"lazy\" width=\"1024\" height=\"576\" src=\"http:\/\/labestiadeportiva.com\/lbd\/wp-content\/uploads\/2025\/09\/1001056915-1024x576.jpg\" alt=\"\" class=\"wp-image-53055\" srcset=\"http:\/\/labestiadeportiva.com\/lbd\/wp-content\/uploads\/2025\/09\/1001056915-1024x576.jpg 1024w, http:\/\/labestiadeportiva.com\/lbd\/wp-content\/uploads\/2025\/09\/1001056915-300x169.jpg 300w, http:\/\/labestiadeportiva.com\/lbd\/wp-content\/uploads\/2025\/09\/1001056915-768x432.jpg 768w, http:\/\/labestiadeportiva.com\/lbd\/wp-content\/uploads\/2025\/09\/1001056915-1536x864.jpg 1536w, http:\/\/labestiadeportiva.com\/lbd\/wp-content\/uploads\/2025\/09\/1001056915-640x360.jpg 640w, http:\/\/labestiadeportiva.com\/lbd\/wp-content\/uploads\/2025\/09\/1001056915.jpg 1600w\" sizes=\"(max-width: 1024px) 100vw, 1024px\" \/><\/a><\/figure>\n<div class='epvc-post-count'><span class='epvc-eye'><\/span>  <span class=\"epvc-count\"> 654<\/span><span class='epvc-label'> veces le\u00edda<\/span><\/div>\n<div class=\"jwsharethis\">\nShare this: \n<br \/>\n<a href=\"mailto:?subject=Elina%20Soto%20en%20la%20%C2%ABCopa%20Presidente%C2%BB&amp;body=http%3A%2F%2Flabestiadeportiva.com%2Flbd%2Felina-soto-en-la-copa-presidente%2F\">\n<img src=\"http:\/\/labestiadeportiva.com\/lbd\/wp-content\/plugins\/jw-share-this\/email.png\" alt=\"Share this page via Email\" \/>\n<\/a>\n<a target=\"_blank\" href=\"http:\/\/www.stumbleupon.com\/submit?url=http%3A%2F%2Flabestiadeportiva.com%2Flbd%2Felina-soto-en-la-copa-presidente%2F&amp;title=Elina+Soto+en+la+%C2%ABCopa+Presidente%C2%BB\">\n<img src=\"http:\/\/labestiadeportiva.com\/lbd\/wp-content\/plugins\/jw-share-this\/su.png\" alt=\"Share this page via Stumble Upon\" \/>\n<\/a>\n<a target=\"_blank\" href=\"http:\/\/digg.com\/submit?url=http%3A%2F%2Flabestiadeportiva.com%2Flbd%2Felina-soto-en-la-copa-presidente%2F&amp;title=Elina+Soto+en+la+%C2%ABCopa+Presidente%C2%BB\">\n<img src=\"http:\/\/labestiadeportiva.com\/lbd\/wp-content\/plugins\/jw-share-this\/digg.png\" alt=\"Share this page via Digg this\" \/>\n<\/a>\n<a target=\"_blank\" href=\"http:\/\/www.facebook.com\/sharer.php?u=http%3A%2F%2Flabestiadeportiva.com%2Flbd%2Felina-soto-en-la-copa-presidente%2F&amp;t=Elina+Soto+en+la+%C2%ABCopa+Presidente%C2%BB\">\n<img src=\"http:\/\/labestiadeportiva.com\/lbd\/wp-content\/plugins\/jw-share-this\/fb.png\" alt=\"Share this page via Facebook\" \/>\n<\/a>\n<a target=\"_blank\" href=\"http:\/\/twitter.com\/intent\/tweet?text=I+like+http%3A%2F%2Flabestiadeportiva.com%2Flbd%2Felina-soto-en-la-copa-presidente%2F&amp;title=Elina+Soto+en+la+%C2%ABCopa+Presidente%C2%BB\">\n<img src=\"http:\/\/labestiadeportiva.com\/lbd\/wp-content\/plugins\/jw-share-this\/twitter.png\" alt=\"Share this page via Twitter\" \/>\n<\/a>\n<\/div>\n","protected":false},"excerpt":{"rendered":"<p>La taekwondista Elina Soto, debutar\u00e1 en la Selecci\u00f3n Argentina durante la Copa de Taekwondo 2025, un certamen rankeable G3 avalado por World Taekwondo (WT) y la Pan American Taekwondo Union (PATU). 654 veces le\u00edda Share this:<\/p>\n","protected":false},"author":1,"featured_media":0,"comment_status":"open","ping_status":"open","sticky":false,"template":"","format":"standard","meta":[],"categories":[3019,5,4,6,1],"tags":[2987,5687,83,5688,225],"_links":{"self":[{"href":"http:\/\/labestiadeportiva.com\/lbd\/wp-json\/wp\/v2\/posts\/53053"}],"collection":[{"href":"http:\/\/labestiadeportiva.com\/lbd\/wp-json\/wp\/v2\/posts"}],"about":[{"href":"http:\/\/labestiadeportiva.com\/lbd\/wp-json\/wp\/v2\/types\/post"}],"author":[{"embeddable":true,"href":"http:\/\/labestiadeportiva.com\/lbd\/wp-json\/wp\/v2\/users\/1"}],"replies":[{"embeddable":true,"href":"http:\/\/labestiadeportiva.com\/lbd\/wp-json\/wp\/v2\/comments?post=53053"}],"version-history":[{"count":1,"href":"http:\/\/labestiadeportiva.com\/lbd\/wp-json\/wp\/v2\/posts\/53053\/revisions"}],"predecessor-version":[{"id":53056,"href":"http:\/\/labestiadeportiva.com\/lbd\/wp-json\/wp\/v2\/posts\/53053\/revisions\/53056"}],"wp:attachment":[{"href":"http:\/\/labestiadeportiva.com\/lbd\/wp-json\/wp\/v2\/media?parent=53053"}],"wp:term":[{"taxonomy":"category","embeddable":true,"href":"http:\/\/labestiadeportiva.com\/lbd\/wp-json\/wp\/v2\/categories?post=53053"},{"taxonomy":"post_tag","embeddable":true,"href":"http:\/\/labestiadeportiva.com\/lbd\/wp-json\/wp\/v2\/tags?post=53053"}],"curies":[{"name":"wp","href":"https:\/\/api.w.org\/{rel}","templated":true}]}}