{"id":5316,"date":"2013-07-01T20:20:13","date_gmt":"2013-07-01T20:20:13","guid":{"rendered":"http:\/\/labestiadeportiva.com\/lbd\/?p=5316"},"modified":"2013-07-01T21:10:01","modified_gmt":"2013-07-01T21:10:01","slug":"rodri-paso-por-ushuaia","status":"publish","type":"post","link":"http:\/\/labestiadeportiva.com\/lbd\/rodri-paso-por-ushuaia\/","title":{"rendered":"\u201cRodri\u201d pas\u00f3 por Ushuaia"},"content":{"rendered":"<p><a href=\"http:\/\/labestiadeportiva.com\/lbd\/wp-content\/uploads\/2013\/07\/arciero.jpg\"><img loading=\"lazy\" class=\"alignleft size-medium wp-image-5318\" title=\"arciero\" src=\"http:\/\/labestiadeportiva.com\/lbd\/wp-content\/uploads\/2013\/07\/arciero-284x300.jpg\" alt=\"\" width=\"284\" height=\"300\" srcset=\"http:\/\/labestiadeportiva.com\/lbd\/wp-content\/uploads\/2013\/07\/arciero-284x300.jpg 284w, http:\/\/labestiadeportiva.com\/lbd\/wp-content\/uploads\/2013\/07\/arciero.jpg 332w\" sizes=\"(max-width: 284px) 100vw, 284px\" \/><\/a>El ushuaiense Rodrigo Arciero, defensor y capit\u00e1n de la reserva de All Boys, regres\u00f3 a la capital provincial para disfrutar de unas mini vacaciones. Desde LBD nos contactamos con \u00e9l quien nos cont\u00f3 su actualidad como as\u00ed tambi\u00e9n como proyecta su segundo semestre del a\u00f1o. Este es el audio obtenido en FM del Sur 94.1 \u00a0\/ <a href=\"http:\/\/labestiadeportiva.com\/lbd\/wp-content\/uploads\/2013\/07\/rodrigo_arciero.mp3\" target=\"_blank\">CLIC AQUI PARA ESCUCHAR<\/a><\/p>\n<div class='epvc-post-count'><span class='epvc-eye'><\/span>  <span class=\"epvc-count\"> 1.086<\/span><span class='epvc-label'> veces le\u00edda<\/span><\/div>\n<div class=\"jwsharethis\">\nShare this: \n<br \/>\n<a href=\"mailto:?subject=%E2%80%9CRodri%E2%80%9D%20pas%C3%B3%20por%20Ushuaia&amp;body=http%3A%2F%2Flabestiadeportiva.com%2Flbd%2Frodri-paso-por-ushuaia%2F\">\n<img src=\"http:\/\/labestiadeportiva.com\/lbd\/wp-content\/plugins\/jw-share-this\/email.png\" alt=\"Share this page via Email\" \/>\n<\/a>\n<a target=\"_blank\" href=\"http:\/\/www.stumbleupon.com\/submit?url=http%3A%2F%2Flabestiadeportiva.com%2Flbd%2Frodri-paso-por-ushuaia%2F&amp;title=%E2%80%9CRodri%E2%80%9D+pas%C3%B3+por+Ushuaia\">\n<img src=\"http:\/\/labestiadeportiva.com\/lbd\/wp-content\/plugins\/jw-share-this\/su.png\" alt=\"Share this page via Stumble Upon\" \/>\n<\/a>\n<a target=\"_blank\" href=\"http:\/\/digg.com\/submit?url=http%3A%2F%2Flabestiadeportiva.com%2Flbd%2Frodri-paso-por-ushuaia%2F&amp;title=%E2%80%9CRodri%E2%80%9D+pas%C3%B3+por+Ushuaia\">\n<img src=\"http:\/\/labestiadeportiva.com\/lbd\/wp-content\/plugins\/jw-share-this\/digg.png\" alt=\"Share this page via Digg this\" \/>\n<\/a>\n<a target=\"_blank\" href=\"http:\/\/www.facebook.com\/sharer.php?u=http%3A%2F%2Flabestiadeportiva.com%2Flbd%2Frodri-paso-por-ushuaia%2F&amp;t=%E2%80%9CRodri%E2%80%9D+pas%C3%B3+por+Ushuaia\">\n<img src=\"http:\/\/labestiadeportiva.com\/lbd\/wp-content\/plugins\/jw-share-this\/fb.png\" alt=\"Share this page via Facebook\" \/>\n<\/a>\n<a target=\"_blank\" href=\"http:\/\/twitter.com\/intent\/tweet?text=I+like+http%3A%2F%2Flabestiadeportiva.com%2Flbd%2Frodri-paso-por-ushuaia%2F&amp;title=%E2%80%9CRodri%E2%80%9D+pas%C3%B3+por+Ushuaia\">\n<img src=\"http:\/\/labestiadeportiva.com\/lbd\/wp-content\/plugins\/jw-share-this\/twitter.png\" alt=\"Share this page via Twitter\" \/>\n<\/a>\n<\/div>\n","protected":false},"excerpt":{"rendered":"<p>El ushuaiense Rodrigo Arciero, defensor y capit\u00e1n de la reserva de All Boys, regres\u00f3 a la capital provincial para disfrutar de unas mini vacaciones. Desde LBD nos contactamos con \u00e9l quien nos cont\u00f3 su actualidad como as\u00ed tambi\u00e9n como proyecta su segundo semestre del a\u00f1o. Este es el audio obtenido en FM del Sur 94.1 &hellip; <a href=\"http:\/\/labestiadeportiva.com\/lbd\/rodri-paso-por-ushuaia\/\" class=\"more-link\">Seguir leyendo <span class=\"screen-reader-text\">\u201cRodri\u201d pas\u00f3 por Ushuaia<\/span> <span class=\"meta-nav\">&rarr;<\/span><\/a><\/p>\n","protected":false},"author":1,"featured_media":5318,"comment_status":"open","ping_status":"open","sticky":false,"template":"","format":"standard","meta":[],"categories":[5,6,60,1],"tags":[315,4838,17,325],"_links":{"self":[{"href":"http:\/\/labestiadeportiva.com\/lbd\/wp-json\/wp\/v2\/posts\/5316"}],"collection":[{"href":"http:\/\/labestiadeportiva.com\/lbd\/wp-json\/wp\/v2\/posts"}],"about":[{"href":"http:\/\/labestiadeportiva.com\/lbd\/wp-json\/wp\/v2\/types\/post"}],"author":[{"embeddable":true,"href":"http:\/\/labestiadeportiva.com\/lbd\/wp-json\/wp\/v2\/users\/1"}],"replies":[{"embeddable":true,"href":"http:\/\/labestiadeportiva.com\/lbd\/wp-json\/wp\/v2\/comments?post=5316"}],"version-history":[{"count":3,"href":"http:\/\/labestiadeportiva.com\/lbd\/wp-json\/wp\/v2\/posts\/5316\/revisions"}],"predecessor-version":[{"id":5320,"href":"http:\/\/labestiadeportiva.com\/lbd\/wp-json\/wp\/v2\/posts\/5316\/revisions\/5320"}],"wp:featuredmedia":[{"embeddable":true,"href":"http:\/\/labestiadeportiva.com\/lbd\/wp-json\/wp\/v2\/media\/5318"}],"wp:attachment":[{"href":"http:\/\/labestiadeportiva.com\/lbd\/wp-json\/wp\/v2\/media?parent=5316"}],"wp:term":[{"taxonomy":"category","embeddable":true,"href":"http:\/\/labestiadeportiva.com\/lbd\/wp-json\/wp\/v2\/categories?post=5316"},{"taxonomy":"post_tag","embeddable":true,"href":"http:\/\/labestiadeportiva.com\/lbd\/wp-json\/wp\/v2\/tags?post=5316"}],"curies":[{"name":"wp","href":"https:\/\/api.w.org\/{rel}","templated":true}]}}