{"id":536,"date":"2012-09-18T21:22:04","date_gmt":"2012-09-18T21:22:04","guid":{"rendered":"http:\/\/labestiadeportiva.com\/lbd\/?p=536"},"modified":"2012-09-18T21:22:04","modified_gmt":"2012-09-18T21:22:04","slug":"cesar-y-mabel-en-el-aniversario-de-chile","status":"publish","type":"post","link":"http:\/\/labestiadeportiva.com\/lbd\/cesar-y-mabel-en-el-aniversario-de-chile\/","title":{"rendered":"C\u00e9sar y Mabel en el aniversario de Chile"},"content":{"rendered":"<p><a href=\"http:\/\/labestiadeportiva.com\/lbd\/wp-content\/uploads\/2012\/09\/MG_8702.jpg\"><img loading=\"lazy\" class=\"alignleft size-medium wp-image-537\" title=\"_MG_8702\" src=\"http:\/\/labestiadeportiva.com\/lbd\/wp-content\/uploads\/2012\/09\/MG_8702-300x143.jpg\" alt=\"\" width=\"300\" height=\"143\" srcset=\"http:\/\/labestiadeportiva.com\/lbd\/wp-content\/uploads\/2012\/09\/MG_8702-300x143.jpg 300w, http:\/\/labestiadeportiva.com\/lbd\/wp-content\/uploads\/2012\/09\/MG_8702-1024x489.jpg 1024w, http:\/\/labestiadeportiva.com\/lbd\/wp-content\/uploads\/2012\/09\/MG_8702.jpg 1532w\" sizes=\"(max-width: 300px) 100vw, 300px\" \/><\/a>El domingo a media ma\u00f1ana se disput\u00f3 la prueba atl\u00e9tica organizada por la Fundaci\u00f3n K\u00b4Mal. 24 atletas en l\u00ednea de largada. C\u00e9sar Ru\u00edz (1:09:02) y Mabel Dom\u00ednguez (1:22:04) se impusieron en sus segmentos. El recorrido de algo m\u00e1s de 19 K uni\u00f3 el consulado del vecino pa\u00eds con el centro de residentes \u201cGabriela Mistral\u201d.<!--morePara leer Click Aqu\u00ed--><\/p>\n<p>Quince minutos despu\u00e9s de lo pautado, 11,15, se puso en marcha la competencia desde el arco de largada ubicado frente a la puerta del consulado sobre la calle Jainen.<\/p>\n<p>En los primeros kil\u00f3metros de recorrido Santiago Barrios tom\u00f3 la punta sobre C\u00e9sar Ruiz marc\u00e1ndole una distancia a favor de alrededor de 30 metros. Cuando los semifondistas recorr\u00edan la zona del aeropuerto internacional \u201cIslas Malvinas\u201d la diferencia se esfum\u00f3 y Ru\u00edz tomo el liderato de la carrera hasta el final.<\/p>\n<p>En ese sector la mejor mujer en competencia, Mabel Dom\u00ednguez, ya se ubicaba en la quinta posici\u00f3n general puesto que mantendr\u00eda hasta finalizar la prueba. El recorrido se complet\u00f3 circulando por la zona de la Misi\u00f3n Alta, Pasarela Fique, Prefectura Naval, subida por Yaganes hasta la rotonda del Polivalente para luego tomar Alem recorriendo esta arteria hasta su la ruta N\u00b0 3.<\/p>\n<p><a href=\"http:\/\/labestiadeportiva.com\/lbd\/wp-content\/uploads\/2012\/09\/MG_86861.jpg\"><img loading=\"lazy\" class=\"aligncenter size-medium wp-image-539\" title=\"_MG_8686\" src=\"http:\/\/labestiadeportiva.com\/lbd\/wp-content\/uploads\/2012\/09\/MG_86861-300x196.jpg\" alt=\"\" width=\"300\" height=\"196\" srcset=\"http:\/\/labestiadeportiva.com\/lbd\/wp-content\/uploads\/2012\/09\/MG_86861-300x196.jpg 300w, http:\/\/labestiadeportiva.com\/lbd\/wp-content\/uploads\/2012\/09\/MG_86861.jpg 640w\" sizes=\"(max-width: 300px) 100vw, 300px\" \/><\/a>El \u00faltimo tramo, alrededor de 1 k, fue en subida y sobre el barro para finalizar en el ingreso del predio de los residentes chilenos \u201cGabriela Mistral\u201d. Dentro de la clasificaci\u00f3n general completaron el podio Santiago Barrios, quien finaliz\u00f3 a 6 minutos del vencedor, y Francisco Avalos que culmin\u00f3 a 11 minutos del triunfador y 5 por detr\u00e1s de su escolta.<\/p>\n<p>En el caso de las damas, que fueron 4 en competencia, Dom\u00ednguez se impuso sin inconvenientes acompa\u00f1ada muy detr\u00e1s por Ana Tosco quien complet\u00f3 el recorrido media hora despu\u00e9s que la ganadora.<\/p>\n<p>La Fundaci\u00f3n Deportiva K\u00b4Mal se sum\u00f3 a los festejos de un nuevo aniversario del vecino pa\u00eds organizando sin inconvenientes una interesante prueba para nuestros semifondistas.<\/p>\n<p><a href=\"http:\/\/labestiadeportiva.com\/lbd\/wp-content\/uploads\/2012\/09\/MG_8708.jpg\"><img loading=\"lazy\" class=\"aligncenter size-medium wp-image-540\" title=\"_MG_8708\" src=\"http:\/\/labestiadeportiva.com\/lbd\/wp-content\/uploads\/2012\/09\/MG_8708-300x246.jpg\" alt=\"\" width=\"300\" height=\"246\" srcset=\"http:\/\/labestiadeportiva.com\/lbd\/wp-content\/uploads\/2012\/09\/MG_8708-300x246.jpg 300w, http:\/\/labestiadeportiva.com\/lbd\/wp-content\/uploads\/2012\/09\/MG_8708.jpg 584w\" sizes=\"(max-width: 300px) 100vw, 300px\" \/><\/a>Clasificaci\u00f3n General (6 primeros puestos)<br \/>\nPRUEBA ATLETICA 202\u00ba ANIVERSARIO INDEPENDENCIA DE CHILE<br \/>\nAPELLIDO Y NOMBRE<br \/>\n<span style=\"color: #ff0000;\">1\u00ba CESAR RUIZ 01:09:02<\/span><br \/>\n<span style=\"color: #0000ff;\">2\u00ba BARRIOS SANTIAGO 01:15:10<\/span><br \/>\n<span style=\"color: #0000ff;\">3\u00ba AVALOS FRANCISCO 01:20:09<\/span><br \/>\n4\u00ba OJEDA ANTONIO 01:21:05<br \/>\n<span style=\"color: #ff0000;\">5\u00ba DOMINGUEZ MABEL 01:22:04<\/span><br \/>\n6\u00ba MEDINA DANIEL 01:26:42<\/p>\n<p>MASCULINO\u00a0 MAYORES<br \/>\n1\u00ba TORRES OSCAR 01:37:04<br \/>\n2\u00ba RAYEZ SEBASTIAN 01:48:20<br \/>\nPRE-VETERANOS<br \/>\n1\u00ba BARRIOS SANTIANGO 01:15:10<br \/>\n2\u00ba OJEDA ANTONIO 01:21:05<br \/>\n3\u00ba UBALDI GUILLERMO 01:32:06<br \/>\n4\u00ba MENDEZ AMARO 02:00:30<br \/>\n5\u00ba VASQUEZ JAVIER 02:18:35<br \/>\nVETERANOS \u201cA\u201d<br \/>\n1\u00ba RUIZ CESAR 01:09:02<br \/>\nVETERANOS B<br \/>\n1\u00b0ABALOS FRANCISCO 01:20:09<br \/>\n2\u00ba MEDINA DANIEL 01:26:42<br \/>\n3\u00ba TINTILAY ALEJANDRO 01:37:18<br \/>\n4\u00ba VALLEJOS FELIX 02:03:20<br \/>\n5\u00ba COLPARI HUMBERTO 02:10:30<\/p>\n<p>VETERANOS \u201cC\u201d<br \/>\n1\u00ba MARTINEZ CARLOS 01:28:15<br \/>\n2\u00ba RODRIGUEZ IGNACIO 01:31:03<br \/>\n3\u00ba TORRES NICOLAS 01:31:42<br \/>\n4\u00ba CANCHI JUAN 01:38:00<br \/>\n5\u00ba PONCE ARTURO 01:38:30<br \/>\nVETERANOS \u201cD\u201d<br \/>\n1\u00ba ROJAS JUAN 01:33:08<\/p>\n<p><a href=\"http:\/\/labestiadeportiva.com\/lbd\/wp-content\/uploads\/2012\/09\/MG_8704.jpg\"><img loading=\"lazy\" class=\"aligncenter size-medium wp-image-541\" title=\"_MG_8704\" src=\"http:\/\/labestiadeportiva.com\/lbd\/wp-content\/uploads\/2012\/09\/MG_8704-300x146.jpg\" alt=\"\" width=\"300\" height=\"146\" srcset=\"http:\/\/labestiadeportiva.com\/lbd\/wp-content\/uploads\/2012\/09\/MG_8704-300x146.jpg 300w, http:\/\/labestiadeportiva.com\/lbd\/wp-content\/uploads\/2012\/09\/MG_8704.jpg 640w\" sizes=\"(max-width: 300px) 100vw, 300px\" \/><\/a><\/p>\n<p><span style=\"color: #0000ff;\">SEGMENTOS FEMENINOS<\/span><br \/>\nMAYORES<br \/>\n1\u00ba DOMINGUEZ MABEL 01:22:04<br \/>\nVETERANAS \u201cB\u201d<br \/>\n1\u00ba TOSCO ANA 01:56:28<br \/>\n2\u00ba SORIANO ALBINA 02:30:45<br \/>\nVETERANAS C<br \/>\n1\u00ba ABURTO CELDA ANITA<\/p>\n<div class='epvc-post-count'><span class='epvc-eye'><\/span>  <span class=\"epvc-count\"> 1.211<\/span><span class='epvc-label'> veces le\u00edda<\/span><\/div>\n<div class=\"jwsharethis\">\nShare this: \n<br \/>\n<a href=\"mailto:?subject=C%C3%A9sar%20y%20Mabel%20en%20el%20aniversario%20de%20Chile&amp;body=http%3A%2F%2Flabestiadeportiva.com%2Flbd%2Fcesar-y-mabel-en-el-aniversario-de-chile%2F\">\n<img src=\"http:\/\/labestiadeportiva.com\/lbd\/wp-content\/plugins\/jw-share-this\/email.png\" alt=\"Share this page via Email\" \/>\n<\/a>\n<a target=\"_blank\" href=\"http:\/\/www.stumbleupon.com\/submit?url=http%3A%2F%2Flabestiadeportiva.com%2Flbd%2Fcesar-y-mabel-en-el-aniversario-de-chile%2F&amp;title=C%C3%A9sar+y+Mabel+en+el+aniversario+de+Chile\">\n<img src=\"http:\/\/labestiadeportiva.com\/lbd\/wp-content\/plugins\/jw-share-this\/su.png\" alt=\"Share this page via Stumble Upon\" \/>\n<\/a>\n<a target=\"_blank\" href=\"http:\/\/digg.com\/submit?url=http%3A%2F%2Flabestiadeportiva.com%2Flbd%2Fcesar-y-mabel-en-el-aniversario-de-chile%2F&amp;title=C%C3%A9sar+y+Mabel+en+el+aniversario+de+Chile\">\n<img src=\"http:\/\/labestiadeportiva.com\/lbd\/wp-content\/plugins\/jw-share-this\/digg.png\" alt=\"Share this page via Digg this\" \/>\n<\/a>\n<a target=\"_blank\" href=\"http:\/\/www.facebook.com\/sharer.php?u=http%3A%2F%2Flabestiadeportiva.com%2Flbd%2Fcesar-y-mabel-en-el-aniversario-de-chile%2F&amp;t=C%C3%A9sar+y+Mabel+en+el+aniversario+de+Chile\">\n<img src=\"http:\/\/labestiadeportiva.com\/lbd\/wp-content\/plugins\/jw-share-this\/fb.png\" alt=\"Share this page via Facebook\" \/>\n<\/a>\n<a target=\"_blank\" href=\"http:\/\/twitter.com\/intent\/tweet?text=I+like+http%3A%2F%2Flabestiadeportiva.com%2Flbd%2Fcesar-y-mabel-en-el-aniversario-de-chile%2F&amp;title=C%C3%A9sar+y+Mabel+en+el+aniversario+de+Chile\">\n<img src=\"http:\/\/labestiadeportiva.com\/lbd\/wp-content\/plugins\/jw-share-this\/twitter.png\" alt=\"Share this page via Twitter\" \/>\n<\/a>\n<\/div>\n","protected":false},"excerpt":{"rendered":"<p>El domingo a media ma\u00f1ana se disput\u00f3 la prueba atl\u00e9tica organizada por la Fundaci\u00f3n K\u00b4Mal. 24 atletas en l\u00ednea de largada. C\u00e9sar Ru\u00edz (1:09:02) y Mabel Dom\u00ednguez (1:22:04) se impusieron en sus segmentos. El recorrido de algo m\u00e1s de 19 K uni\u00f3 el consulado del vecino pa\u00eds con el centro de residentes \u201cGabriela Mistral\u201d. 1.211 &hellip; <a href=\"http:\/\/labestiadeportiva.com\/lbd\/cesar-y-mabel-en-el-aniversario-de-chile\/\" class=\"more-link\">Seguir leyendo <span class=\"screen-reader-text\">C\u00e9sar y Mabel en el aniversario de Chile<\/span> <span class=\"meta-nav\">&rarr;<\/span><\/a><\/p>\n","protected":false},"author":1,"featured_media":537,"comment_status":"open","ping_status":"open","sticky":false,"template":"","format":"standard","meta":[],"categories":[22,5,1],"tags":[102,101],"_links":{"self":[{"href":"http:\/\/labestiadeportiva.com\/lbd\/wp-json\/wp\/v2\/posts\/536"}],"collection":[{"href":"http:\/\/labestiadeportiva.com\/lbd\/wp-json\/wp\/v2\/posts"}],"about":[{"href":"http:\/\/labestiadeportiva.com\/lbd\/wp-json\/wp\/v2\/types\/post"}],"author":[{"embeddable":true,"href":"http:\/\/labestiadeportiva.com\/lbd\/wp-json\/wp\/v2\/users\/1"}],"replies":[{"embeddable":true,"href":"http:\/\/labestiadeportiva.com\/lbd\/wp-json\/wp\/v2\/comments?post=536"}],"version-history":[{"count":1,"href":"http:\/\/labestiadeportiva.com\/lbd\/wp-json\/wp\/v2\/posts\/536\/revisions"}],"predecessor-version":[{"id":542,"href":"http:\/\/labestiadeportiva.com\/lbd\/wp-json\/wp\/v2\/posts\/536\/revisions\/542"}],"wp:featuredmedia":[{"embeddable":true,"href":"http:\/\/labestiadeportiva.com\/lbd\/wp-json\/wp\/v2\/media\/537"}],"wp:attachment":[{"href":"http:\/\/labestiadeportiva.com\/lbd\/wp-json\/wp\/v2\/media?parent=536"}],"wp:term":[{"taxonomy":"category","embeddable":true,"href":"http:\/\/labestiadeportiva.com\/lbd\/wp-json\/wp\/v2\/categories?post=536"},{"taxonomy":"post_tag","embeddable":true,"href":"http:\/\/labestiadeportiva.com\/lbd\/wp-json\/wp\/v2\/tags?post=536"}],"curies":[{"name":"wp","href":"https:\/\/api.w.org\/{rel}","templated":true}]}}