{"id":53700,"date":"2025-12-02T11:05:38","date_gmt":"2025-12-02T14:05:38","guid":{"rendered":"http:\/\/labestiadeportiva.com\/lbd\/?p=53700"},"modified":"2025-12-02T11:13:06","modified_gmt":"2025-12-02T14:13:06","slug":"el-voley-fueguino-cerro-otro-gran-ano","status":"publish","type":"post","link":"http:\/\/labestiadeportiva.com\/lbd\/el-voley-fueguino-cerro-otro-gran-ano\/","title":{"rendered":"El v\u00f3ley fueguino cerr\u00f3 otro gran a\u00f1o"},"content":{"rendered":"\n<figure class=\"wp-block-image size-large\"><a href=\"http:\/\/labestiadeportiva.com\/lbd\/wp-content\/uploads\/2025\/12\/1001270576.jpg\"><img loading=\"lazy\" width=\"1024\" height=\"768\" src=\"http:\/\/labestiadeportiva.com\/lbd\/wp-content\/uploads\/2025\/12\/1001270576-1024x768.jpg\" alt=\"\" class=\"wp-image-53701\" srcset=\"http:\/\/labestiadeportiva.com\/lbd\/wp-content\/uploads\/2025\/12\/1001270576-1024x768.jpg 1024w, http:\/\/labestiadeportiva.com\/lbd\/wp-content\/uploads\/2025\/12\/1001270576-300x225.jpg 300w, http:\/\/labestiadeportiva.com\/lbd\/wp-content\/uploads\/2025\/12\/1001270576-768x576.jpg 768w, http:\/\/labestiadeportiva.com\/lbd\/wp-content\/uploads\/2025\/12\/1001270576-640x480.jpg 640w, http:\/\/labestiadeportiva.com\/lbd\/wp-content\/uploads\/2025\/12\/1001270576.jpg 1280w\" sizes=\"(max-width: 1024px) 100vw, 1024px\" \/><\/a><\/figure>\n\n\n\n<p>El pasado fin de semana la Federaci\u00f3n concluy\u00f3 con su a\u00f1o deportivo. Consagr\u00f3 a los campeones en cada categor\u00eda en una temporada de mucha actividad principalmente para los m\u00e1s j\u00f3venes. <\/p>\n\n\n\n<p>Compartimos la reflexi\u00f3n de la dirigencia como as\u00ed tambi\u00e9n las posiciones finales. Compromiso de todos los actores que permite un crecimiento sostenido de la disciplina. Para imitar.<\/p>\n\n\n\n<!--more-->\n\n\n\n<figure class=\"wp-block-image size-large\"><a href=\"http:\/\/labestiadeportiva.com\/lbd\/wp-content\/uploads\/2025\/12\/1001270584.jpg\"><img loading=\"lazy\" width=\"1024\" height=\"768\" src=\"http:\/\/labestiadeportiva.com\/lbd\/wp-content\/uploads\/2025\/12\/1001270584-1024x768.jpg\" alt=\"\" class=\"wp-image-53702\" srcset=\"http:\/\/labestiadeportiva.com\/lbd\/wp-content\/uploads\/2025\/12\/1001270584-1024x768.jpg 1024w, http:\/\/labestiadeportiva.com\/lbd\/wp-content\/uploads\/2025\/12\/1001270584-300x225.jpg 300w, http:\/\/labestiadeportiva.com\/lbd\/wp-content\/uploads\/2025\/12\/1001270584-768x576.jpg 768w, http:\/\/labestiadeportiva.com\/lbd\/wp-content\/uploads\/2025\/12\/1001270584-1536x1152.jpg 1536w, http:\/\/labestiadeportiva.com\/lbd\/wp-content\/uploads\/2025\/12\/1001270584-640x480.jpg 640w, http:\/\/labestiadeportiva.com\/lbd\/wp-content\/uploads\/2025\/12\/1001270584.jpg 1600w\" sizes=\"(max-width: 1024px) 100vw, 1024px\" \/><\/a><\/figure>\n\n\n\n<p>Desde la Federaci\u00f3n Fueguina se inform\u00f3 las posiciones de los clubes participantes en todas las categor\u00edas y ramas.<\/p>\n\n\n\n<p>Asimismo hizo llegar la felicitaci\u00f3n a cada una de las instituciones por su compromiso, crecimiento deportivo y participaci\u00f3n a lo largo de toda la temporada.<\/p>\n\n\n\n<p>Se extendi\u00f3 el agradecemos a entrenadores, familias y deportistas por el esfuerzo demostrado durante toda el a\u00f1o, clave para seguir construyendo el desarrollo del v\u00f3ley fueguino.<\/p>\n\n\n\n<p>A modo de cierre desde la Federaci\u00f3n expres\u00f3 las grandes expectativas como as\u00ed tambi\u00e9n el deseo de seguir creciendo en 2026, incorporar m\u00e1s clubes y darle mayor competencia en todos los segmentos. En definitiva seguir apostando al desarrollo del v\u00f3ley en toda la provincia.<\/p>\n\n\n\n<figure class=\"wp-block-image size-large\"><a href=\"http:\/\/labestiadeportiva.com\/lbd\/wp-content\/uploads\/2025\/12\/1001270579.jpg\"><img loading=\"lazy\" width=\"1024\" height=\"768\" src=\"http:\/\/labestiadeportiva.com\/lbd\/wp-content\/uploads\/2025\/12\/1001270579-1024x768.jpg\" alt=\"\" class=\"wp-image-53703\" srcset=\"http:\/\/labestiadeportiva.com\/lbd\/wp-content\/uploads\/2025\/12\/1001270579-1024x768.jpg 1024w, http:\/\/labestiadeportiva.com\/lbd\/wp-content\/uploads\/2025\/12\/1001270579-300x225.jpg 300w, http:\/\/labestiadeportiva.com\/lbd\/wp-content\/uploads\/2025\/12\/1001270579-768x576.jpg 768w, http:\/\/labestiadeportiva.com\/lbd\/wp-content\/uploads\/2025\/12\/1001270579-1536x1152.jpg 1536w, http:\/\/labestiadeportiva.com\/lbd\/wp-content\/uploads\/2025\/12\/1001270579-640x480.jpg 640w, http:\/\/labestiadeportiva.com\/lbd\/wp-content\/uploads\/2025\/12\/1001270579.jpg 1600w\" sizes=\"(max-width: 1024px) 100vw, 1024px\" \/><\/a><\/figure>\n\n\n\n<p><strong>Todas las Posiciones Finales<\/strong><\/p>\n\n\n\n<p><strong>FEMENINO<\/strong><\/p>\n\n\n\n<p>Sub 12<br>1\u00b0 Casa del Deporte<br>2\u00b0 Estrella V\u00f3ley<br>3\u00b0 AcaTDF<\/p>\n\n\n\n<p>Sub 13<br>1\u00b0 Estrella V\u00f3ley<br>2\u00b0 AEP<br>3\u00b0 Galicia<\/p>\n\n\n\n<p>Sub 14<br>1\u00b0 AcaTDF<br>2\u00b0 Estrella V\u00f3ley<br>3\u00b0 ADEFU<\/p>\n\n\n\n<p>Sub 16<br>1\u00b0 Universitario<br>2\u00b0 AEP \u201cA\u201d<br>3\u00b0 AEP \u201cB\u201d<\/p>\n\n\n\n<p>Sub 18<br>1\u00b0 AEP \u201cA\u201d<br>2\u00b0 Universitario<br>3\u00b0 AEP \u201cB\u201d<\/p>\n\n\n\n<p>Primera Femenina<br>1\u00b0 AEP \u201cA\u201d<br>2\u00b0 AEP \u201cB\u201d<br>3\u00b0 Universitario<\/p>\n\n\n\n<p><strong>MASCULINO<\/strong><\/p>\n\n\n\n<p>Sub 13<br>1\u00b0 AcaTDF<br>2\u00b0 Tolke<br>3\u00b0 Casa del Deporte<\/p>\n\n\n\n<p>Sub 14<br>1\u00b0 AcaTDF<br>2\u00b0 AEP<br>3\u00b0 Estrella Austral<\/p>\n\n\n\n<p>Sub 16<br>1\u00b0 AcaTDF<br>2\u00b0 Casa del Deporte<br>3\u00b0 Galicia<\/p>\n\n\n\n<p>Sub 18<br>1\u00b0 Casa del Deporte<br>2\u00b0 AcaTDF<br>3\u00b0 Galicia<\/p>\n\n\n\n<p>Primera Masculina<br>1\u00b0 AcaTDF<br>2\u00b0 Universitario<br>3\u00b0 Imago \u201cB\u201d<\/p>\n\n\n\n<figure class=\"wp-block-image size-large\"><a href=\"http:\/\/labestiadeportiva.com\/lbd\/wp-content\/uploads\/2025\/12\/1001270582.jpg\"><img loading=\"lazy\" width=\"1024\" height=\"768\" src=\"http:\/\/labestiadeportiva.com\/lbd\/wp-content\/uploads\/2025\/12\/1001270582-1024x768.jpg\" alt=\"\" class=\"wp-image-53704\" srcset=\"http:\/\/labestiadeportiva.com\/lbd\/wp-content\/uploads\/2025\/12\/1001270582-1024x768.jpg 1024w, http:\/\/labestiadeportiva.com\/lbd\/wp-content\/uploads\/2025\/12\/1001270582-300x225.jpg 300w, http:\/\/labestiadeportiva.com\/lbd\/wp-content\/uploads\/2025\/12\/1001270582-768x576.jpg 768w, http:\/\/labestiadeportiva.com\/lbd\/wp-content\/uploads\/2025\/12\/1001270582-1536x1152.jpg 1536w, http:\/\/labestiadeportiva.com\/lbd\/wp-content\/uploads\/2025\/12\/1001270582-640x480.jpg 640w, http:\/\/labestiadeportiva.com\/lbd\/wp-content\/uploads\/2025\/12\/1001270582.jpg 1600w\" sizes=\"(max-width: 1024px) 100vw, 1024px\" \/><\/a><\/figure>\n<div class='epvc-post-count'><span class='epvc-eye'><\/span>  <span class=\"epvc-count\"> 396<\/span><span class='epvc-label'> veces le\u00edda<\/span><\/div>\n<div class=\"jwsharethis\">\nShare this: \n<br \/>\n<a href=\"mailto:?subject=El%20v%C3%B3ley%20fueguino%20cerr%C3%B3%20otro%20gran%20a%C3%B1o&amp;body=http%3A%2F%2Flabestiadeportiva.com%2Flbd%2Fel-voley-fueguino-cerro-otro-gran-ano%2F\">\n<img src=\"http:\/\/labestiadeportiva.com\/lbd\/wp-content\/plugins\/jw-share-this\/email.png\" alt=\"Share this page via Email\" \/>\n<\/a>\n<a target=\"_blank\" href=\"http:\/\/www.stumbleupon.com\/submit?url=http%3A%2F%2Flabestiadeportiva.com%2Flbd%2Fel-voley-fueguino-cerro-otro-gran-ano%2F&amp;title=El+v%C3%B3ley+fueguino+cerr%C3%B3+otro+gran+a%C3%B1o\">\n<img src=\"http:\/\/labestiadeportiva.com\/lbd\/wp-content\/plugins\/jw-share-this\/su.png\" alt=\"Share this page via Stumble Upon\" \/>\n<\/a>\n<a target=\"_blank\" href=\"http:\/\/digg.com\/submit?url=http%3A%2F%2Flabestiadeportiva.com%2Flbd%2Fel-voley-fueguino-cerro-otro-gran-ano%2F&amp;title=El+v%C3%B3ley+fueguino+cerr%C3%B3+otro+gran+a%C3%B1o\">\n<img src=\"http:\/\/labestiadeportiva.com\/lbd\/wp-content\/plugins\/jw-share-this\/digg.png\" alt=\"Share this page via Digg this\" \/>\n<\/a>\n<a target=\"_blank\" href=\"http:\/\/www.facebook.com\/sharer.php?u=http%3A%2F%2Flabestiadeportiva.com%2Flbd%2Fel-voley-fueguino-cerro-otro-gran-ano%2F&amp;t=El+v%C3%B3ley+fueguino+cerr%C3%B3+otro+gran+a%C3%B1o\">\n<img src=\"http:\/\/labestiadeportiva.com\/lbd\/wp-content\/plugins\/jw-share-this\/fb.png\" alt=\"Share this page via Facebook\" \/>\n<\/a>\n<a target=\"_blank\" href=\"http:\/\/twitter.com\/intent\/tweet?text=I+like+http%3A%2F%2Flabestiadeportiva.com%2Flbd%2Fel-voley-fueguino-cerro-otro-gran-ano%2F&amp;title=El+v%C3%B3ley+fueguino+cerr%C3%B3+otro+gran+a%C3%B1o\">\n<img src=\"http:\/\/labestiadeportiva.com\/lbd\/wp-content\/plugins\/jw-share-this\/twitter.png\" alt=\"Share this page via Twitter\" \/>\n<\/a>\n<\/div>\n","protected":false},"excerpt":{"rendered":"<p>El pasado fin de semana la Federaci\u00f3n concluy\u00f3 con su a\u00f1o deportivo. Consagr\u00f3 a los campeones en cada categor\u00eda en una temporada de mucha actividad principalmente para los m\u00e1s j\u00f3venes. Compartimos la reflexi\u00f3n de la dirigencia como as\u00ed tambi\u00e9n las posiciones finales. Compromiso de todos los actores que permite un crecimiento sostenido de la disciplina. &hellip; <a href=\"http:\/\/labestiadeportiva.com\/lbd\/el-voley-fueguino-cerro-otro-gran-ano\/\" class=\"more-link\">Seguir leyendo <span class=\"screen-reader-text\">El v\u00f3ley fueguino cerr\u00f3 otro gran a\u00f1o<\/span> <span class=\"meta-nav\">&rarr;<\/span><\/a><\/p>\n","protected":false},"author":1,"featured_media":0,"comment_status":"open","ping_status":"open","sticky":false,"template":"","format":"standard","meta":[],"categories":[5,1,2661],"tags":[2589,83,5483,52],"_links":{"self":[{"href":"http:\/\/labestiadeportiva.com\/lbd\/wp-json\/wp\/v2\/posts\/53700"}],"collection":[{"href":"http:\/\/labestiadeportiva.com\/lbd\/wp-json\/wp\/v2\/posts"}],"about":[{"href":"http:\/\/labestiadeportiva.com\/lbd\/wp-json\/wp\/v2\/types\/post"}],"author":[{"embeddable":true,"href":"http:\/\/labestiadeportiva.com\/lbd\/wp-json\/wp\/v2\/users\/1"}],"replies":[{"embeddable":true,"href":"http:\/\/labestiadeportiva.com\/lbd\/wp-json\/wp\/v2\/comments?post=53700"}],"version-history":[{"count":2,"href":"http:\/\/labestiadeportiva.com\/lbd\/wp-json\/wp\/v2\/posts\/53700\/revisions"}],"predecessor-version":[{"id":53708,"href":"http:\/\/labestiadeportiva.com\/lbd\/wp-json\/wp\/v2\/posts\/53700\/revisions\/53708"}],"wp:attachment":[{"href":"http:\/\/labestiadeportiva.com\/lbd\/wp-json\/wp\/v2\/media?parent=53700"}],"wp:term":[{"taxonomy":"category","embeddable":true,"href":"http:\/\/labestiadeportiva.com\/lbd\/wp-json\/wp\/v2\/categories?post=53700"},{"taxonomy":"post_tag","embeddable":true,"href":"http:\/\/labestiadeportiva.com\/lbd\/wp-json\/wp\/v2\/tags?post=53700"}],"curies":[{"name":"wp","href":"https:\/\/api.w.org\/{rel}","templated":true}]}}