{"id":53709,"date":"2025-12-02T16:35:23","date_gmt":"2025-12-02T19:35:23","guid":{"rendered":"http:\/\/labestiadeportiva.com\/lbd\/?p=53709"},"modified":"2025-12-02T16:35:26","modified_gmt":"2025-12-02T19:35:26","slug":"esta-propuesta-esta-respaldada-por-una-mirada-pedagogica-audio","status":"publish","type":"post","link":"http:\/\/labestiadeportiva.com\/lbd\/esta-propuesta-esta-respaldada-por-una-mirada-pedagogica-audio\/","title":{"rendered":"\u00abEsta propuesta esta respaldada por una mirada pedag\u00f3gica\u00bb (Audio)"},"content":{"rendered":"\n<figure class=\"wp-block-image size-full\"><a href=\"http:\/\/labestiadeportiva.com\/lbd\/wp-content\/uploads\/2025\/12\/1001270838.jpg\"><img loading=\"lazy\" width=\"400\" height=\"582\" src=\"http:\/\/labestiadeportiva.com\/lbd\/wp-content\/uploads\/2025\/12\/1001270838.jpg\" alt=\"\" class=\"wp-image-53710\" srcset=\"http:\/\/labestiadeportiva.com\/lbd\/wp-content\/uploads\/2025\/12\/1001270838.jpg 400w, http:\/\/labestiadeportiva.com\/lbd\/wp-content\/uploads\/2025\/12\/1001270838-206x300.jpg 206w\" sizes=\"(max-width: 400px) 100vw, 400px\" \/><\/a><\/figure>\n\n\n\n<figure class=\"wp-block-image size-full\"><a href=\"http:\/\/labestiadeportiva.com\/lbd\/wp-content\/uploads\/2022\/11\/CARA_PEREZ-2.jpg\"><img loading=\"lazy\" width=\"600\" height=\"124\" src=\"http:\/\/labestiadeportiva.com\/lbd\/wp-content\/uploads\/2022\/11\/CARA_PEREZ-2.jpg\" alt=\"\" class=\"wp-image-43576\" srcset=\"http:\/\/labestiadeportiva.com\/lbd\/wp-content\/uploads\/2022\/11\/CARA_PEREZ-2.jpg 600w, http:\/\/labestiadeportiva.com\/lbd\/wp-content\/uploads\/2022\/11\/CARA_PEREZ-2-300x62.jpg 300w\" sizes=\"(max-width: 600px) 100vw, 600px\" \/><\/a><\/figure>\n\n\n\n<p>Contacto con el Sensei Luis V\u00e1zquez. El referente del karate kodokan se encuentra en nuestra ciudad realizando capacitaciones y toma de ex\u00e1menes.<\/p>\n\n\n\n<p>Asimismo realiz\u00f3 la presentaci\u00f3n de su libro \u00abEl poder educativo del karate\u00bb. El objetivo es lograr que la disciplina sea incorporada en la curr\u00edcula de Educaci\u00f3n F\u00edsica de los establecimientos educativos de la provincia y el pa\u00eds.<\/p>\n\n\n\n<p>Compartimos la entrevista lograda este martes en la 99.9 Radio Provincia.<\/p>\n\n\n\n<!--more-->\n\n\n\n<figure class=\"wp-block-embed is-type-video is-provider-youtube wp-block-embed-youtube wp-embed-aspect-4-3 wp-has-aspect-ratio\"><div class=\"wp-block-embed__wrapper\">\n<iframe loading=\"lazy\" title=\"Audio Sensei Luis V\u00e1zquez \" width=\"474\" height=\"356\" src=\"https:\/\/www.youtube.com\/embed\/Pl6lzNorRXw?feature=oembed\" frameborder=\"0\" allow=\"accelerometer; autoplay; clipboard-write; encrypted-media; gyroscope; picture-in-picture; web-share\" referrerpolicy=\"strict-origin-when-cross-origin\" allowfullscreen><\/iframe>\n<\/div><\/figure>\n<div class='epvc-post-count'><span class='epvc-eye'><\/span>  <span class=\"epvc-count\"> 352<\/span><span class='epvc-label'> veces le\u00edda<\/span><\/div>\n<div class=\"jwsharethis\">\nShare this: \n<br \/>\n<a href=\"mailto:?subject=%C2%ABEsta%20propuesta%20esta%20respaldada%20por%20una%20mirada%20pedag%C3%B3gica%C2%BB%20%28Audio%29&amp;body=http%3A%2F%2Flabestiadeportiva.com%2Flbd%2Festa-propuesta-esta-respaldada-por-una-mirada-pedagogica-audio%2F\">\n<img src=\"http:\/\/labestiadeportiva.com\/lbd\/wp-content\/plugins\/jw-share-this\/email.png\" alt=\"Share this page via Email\" \/>\n<\/a>\n<a target=\"_blank\" href=\"http:\/\/www.stumbleupon.com\/submit?url=http%3A%2F%2Flabestiadeportiva.com%2Flbd%2Festa-propuesta-esta-respaldada-por-una-mirada-pedagogica-audio%2F&amp;title=%C2%ABEsta+propuesta+esta+respaldada+por+una+mirada+pedag%C3%B3gica%C2%BB+%28Audio%29\">\n<img src=\"http:\/\/labestiadeportiva.com\/lbd\/wp-content\/plugins\/jw-share-this\/su.png\" alt=\"Share this page via Stumble Upon\" \/>\n<\/a>\n<a target=\"_blank\" href=\"http:\/\/digg.com\/submit?url=http%3A%2F%2Flabestiadeportiva.com%2Flbd%2Festa-propuesta-esta-respaldada-por-una-mirada-pedagogica-audio%2F&amp;title=%C2%ABEsta+propuesta+esta+respaldada+por+una+mirada+pedag%C3%B3gica%C2%BB+%28Audio%29\">\n<img src=\"http:\/\/labestiadeportiva.com\/lbd\/wp-content\/plugins\/jw-share-this\/digg.png\" alt=\"Share this page via Digg this\" \/>\n<\/a>\n<a target=\"_blank\" href=\"http:\/\/www.facebook.com\/sharer.php?u=http%3A%2F%2Flabestiadeportiva.com%2Flbd%2Festa-propuesta-esta-respaldada-por-una-mirada-pedagogica-audio%2F&amp;t=%C2%ABEsta+propuesta+esta+respaldada+por+una+mirada+pedag%C3%B3gica%C2%BB+%28Audio%29\">\n<img src=\"http:\/\/labestiadeportiva.com\/lbd\/wp-content\/plugins\/jw-share-this\/fb.png\" alt=\"Share this page via Facebook\" \/>\n<\/a>\n<a target=\"_blank\" href=\"http:\/\/twitter.com\/intent\/tweet?text=I+like+http%3A%2F%2Flabestiadeportiva.com%2Flbd%2Festa-propuesta-esta-respaldada-por-una-mirada-pedagogica-audio%2F&amp;title=%C2%ABEsta+propuesta+esta+respaldada+por+una+mirada+pedag%C3%B3gica%C2%BB+%28Audio%29\">\n<img src=\"http:\/\/labestiadeportiva.com\/lbd\/wp-content\/plugins\/jw-share-this\/twitter.png\" alt=\"Share this page via Twitter\" \/>\n<\/a>\n<\/div>\n","protected":false},"excerpt":{"rendered":"<p>Contacto con el Sensei Luis V\u00e1zquez. El referente del karate kodokan se encuentra en nuestra ciudad realizando capacitaciones y toma de ex\u00e1menes. Asimismo realiz\u00f3 la presentaci\u00f3n de su libro \u00abEl poder educativo del karate\u00bb. El objetivo es lograr que la disciplina sea incorporada en la curr\u00edcula de Educaci\u00f3n F\u00edsica de los establecimientos educativos de la &hellip; <a href=\"http:\/\/labestiadeportiva.com\/lbd\/esta-propuesta-esta-respaldada-por-una-mirada-pedagogica-audio\/\" class=\"more-link\">Seguir leyendo <span class=\"screen-reader-text\">\u00abEsta propuesta esta respaldada por una mirada pedag\u00f3gica\u00bb (Audio)<\/span> <span class=\"meta-nav\">&rarr;<\/span><\/a><\/p>\n","protected":false},"author":1,"featured_media":0,"comment_status":"open","ping_status":"open","sticky":false,"template":"","format":"standard","meta":[],"categories":[2136,5,6,60,1],"tags":[1032,5765,83,5766],"_links":{"self":[{"href":"http:\/\/labestiadeportiva.com\/lbd\/wp-json\/wp\/v2\/posts\/53709"}],"collection":[{"href":"http:\/\/labestiadeportiva.com\/lbd\/wp-json\/wp\/v2\/posts"}],"about":[{"href":"http:\/\/labestiadeportiva.com\/lbd\/wp-json\/wp\/v2\/types\/post"}],"author":[{"embeddable":true,"href":"http:\/\/labestiadeportiva.com\/lbd\/wp-json\/wp\/v2\/users\/1"}],"replies":[{"embeddable":true,"href":"http:\/\/labestiadeportiva.com\/lbd\/wp-json\/wp\/v2\/comments?post=53709"}],"version-history":[{"count":1,"href":"http:\/\/labestiadeportiva.com\/lbd\/wp-json\/wp\/v2\/posts\/53709\/revisions"}],"predecessor-version":[{"id":53711,"href":"http:\/\/labestiadeportiva.com\/lbd\/wp-json\/wp\/v2\/posts\/53709\/revisions\/53711"}],"wp:attachment":[{"href":"http:\/\/labestiadeportiva.com\/lbd\/wp-json\/wp\/v2\/media?parent=53709"}],"wp:term":[{"taxonomy":"category","embeddable":true,"href":"http:\/\/labestiadeportiva.com\/lbd\/wp-json\/wp\/v2\/categories?post=53709"},{"taxonomy":"post_tag","embeddable":true,"href":"http:\/\/labestiadeportiva.com\/lbd\/wp-json\/wp\/v2\/tags?post=53709"}],"curies":[{"name":"wp","href":"https:\/\/api.w.org\/{rel}","templated":true}]}}