{"id":53712,"date":"2025-12-04T00:25:03","date_gmt":"2025-12-04T03:25:03","guid":{"rendered":"http:\/\/labestiadeportiva.com\/lbd\/?p=53712"},"modified":"2025-12-04T00:25:08","modified_gmt":"2025-12-04T03:25:08","slug":"alma-ganz-campeona-nacional-por-partida-doble-audio","status":"publish","type":"post","link":"http:\/\/labestiadeportiva.com\/lbd\/alma-ganz-campeona-nacional-por-partida-doble-audio\/","title":{"rendered":"Alma Ganz Campeona Nacional por partida doble (Audio)"},"content":{"rendered":"\n<figure class=\"wp-block-image size-large\"><a href=\"http:\/\/labestiadeportiva.com\/lbd\/wp-content\/uploads\/2025\/12\/1001273092.jpg\"><img loading=\"lazy\" width=\"1024\" height=\"683\" src=\"http:\/\/labestiadeportiva.com\/lbd\/wp-content\/uploads\/2025\/12\/1001273092-1024x683.jpg\" alt=\"\" class=\"wp-image-53721\" srcset=\"http:\/\/labestiadeportiva.com\/lbd\/wp-content\/uploads\/2025\/12\/1001273092-1024x683.jpg 1024w, http:\/\/labestiadeportiva.com\/lbd\/wp-content\/uploads\/2025\/12\/1001273092-300x200.jpg 300w, http:\/\/labestiadeportiva.com\/lbd\/wp-content\/uploads\/2025\/12\/1001273092-768x512.jpg 768w, http:\/\/labestiadeportiva.com\/lbd\/wp-content\/uploads\/2025\/12\/1001273092-640x427.jpg 640w, http:\/\/labestiadeportiva.com\/lbd\/wp-content\/uploads\/2025\/12\/1001273092.jpg 1200w\" sizes=\"(max-width: 1024px) 100vw, 1024px\" \/><\/a><\/figure>\n\n\n\n<figure class=\"wp-block-image size-full\"><a href=\"http:\/\/labestiadeportiva.com\/lbd\/wp-content\/uploads\/2022\/11\/CARA_PEREZ-2.jpg\"><img loading=\"lazy\" width=\"600\" height=\"124\" src=\"http:\/\/labestiadeportiva.com\/lbd\/wp-content\/uploads\/2022\/11\/CARA_PEREZ-2.jpg\" alt=\"\" class=\"wp-image-43576\" srcset=\"http:\/\/labestiadeportiva.com\/lbd\/wp-content\/uploads\/2022\/11\/CARA_PEREZ-2.jpg 600w, http:\/\/labestiadeportiva.com\/lbd\/wp-content\/uploads\/2022\/11\/CARA_PEREZ-2-300x62.jpg 300w\" sizes=\"(max-width: 600px) 100vw, 600px\" \/><\/a><\/figure>\n\n\n\n<p>La joven deportista de Tolhuin se qued\u00f3 con los t\u00edtulos nacionales de single y dobles en el segmento Sub 15 en la cita nacional de B\u00e1dminton realizada en la localidad mendocina de Lavalle.<\/p>\n\n\n\n<p>En busca de detalles nos comunicamos con la profesora Cristina Bustos, formadora e impulsora de la disciplina en el \u00abCoraz\u00f3n de la Isla\u00bb.<\/p>\n\n\n\n<p>Compartimos la entrevista lograda este mi\u00e9rcoles en la 94.1 FM del Sur.<\/p>\n\n\n\n<figure class=\"wp-block-image size-large\"><a href=\"http:\/\/labestiadeportiva.com\/lbd\/wp-content\/uploads\/2025\/12\/1001273219.jpg\"><img loading=\"lazy\" width=\"768\" height=\"1024\" src=\"http:\/\/labestiadeportiva.com\/lbd\/wp-content\/uploads\/2025\/12\/1001273219-768x1024.jpg\" alt=\"\" class=\"wp-image-53722\" srcset=\"http:\/\/labestiadeportiva.com\/lbd\/wp-content\/uploads\/2025\/12\/1001273219-768x1024.jpg 768w, http:\/\/labestiadeportiva.com\/lbd\/wp-content\/uploads\/2025\/12\/1001273219-225x300.jpg 225w, http:\/\/labestiadeportiva.com\/lbd\/wp-content\/uploads\/2025\/12\/1001273219-1152x1536.jpg 1152w, http:\/\/labestiadeportiva.com\/lbd\/wp-content\/uploads\/2025\/12\/1001273219-640x853.jpg 640w, http:\/\/labestiadeportiva.com\/lbd\/wp-content\/uploads\/2025\/12\/1001273219.jpg 1200w\" sizes=\"(max-width: 768px) 100vw, 768px\" \/><\/a><\/figure>\n\n\n\n<!--more-->\n\n\n\n<p><\/p>\n\n\n\n<figure class=\"wp-block-embed is-type-video is-provider-youtube wp-block-embed-youtube wp-embed-aspect-4-3 wp-has-aspect-ratio\"><div class=\"wp-block-embed__wrapper\">\n<iframe loading=\"lazy\" title=\"Audio Cristina Bustos\" width=\"474\" height=\"356\" src=\"https:\/\/www.youtube.com\/embed\/uUcbOU_590o?feature=oembed\" frameborder=\"0\" allow=\"accelerometer; autoplay; clipboard-write; encrypted-media; gyroscope; picture-in-picture; web-share\" referrerpolicy=\"strict-origin-when-cross-origin\" allowfullscreen><\/iframe>\n<\/div><\/figure>\n<div class='epvc-post-count'><span class='epvc-eye'><\/span>  <span class=\"epvc-count\"> 345<\/span><span class='epvc-label'> veces le\u00edda<\/span><\/div>\n<div class=\"jwsharethis\">\nShare this: \n<br \/>\n<a href=\"mailto:?subject=Alma%20Ganz%20Campeona%20Nacional%20por%20partida%20doble%20%28Audio%29&amp;body=http%3A%2F%2Flabestiadeportiva.com%2Flbd%2Falma-ganz-campeona-nacional-por-partida-doble-audio%2F\">\n<img src=\"http:\/\/labestiadeportiva.com\/lbd\/wp-content\/plugins\/jw-share-this\/email.png\" alt=\"Share this page via Email\" \/>\n<\/a>\n<a target=\"_blank\" href=\"http:\/\/www.stumbleupon.com\/submit?url=http%3A%2F%2Flabestiadeportiva.com%2Flbd%2Falma-ganz-campeona-nacional-por-partida-doble-audio%2F&amp;title=Alma+Ganz+Campeona+Nacional+por+partida+doble+%28Audio%29\">\n<img src=\"http:\/\/labestiadeportiva.com\/lbd\/wp-content\/plugins\/jw-share-this\/su.png\" alt=\"Share this page via Stumble Upon\" \/>\n<\/a>\n<a target=\"_blank\" href=\"http:\/\/digg.com\/submit?url=http%3A%2F%2Flabestiadeportiva.com%2Flbd%2Falma-ganz-campeona-nacional-por-partida-doble-audio%2F&amp;title=Alma+Ganz+Campeona+Nacional+por+partida+doble+%28Audio%29\">\n<img src=\"http:\/\/labestiadeportiva.com\/lbd\/wp-content\/plugins\/jw-share-this\/digg.png\" alt=\"Share this page via Digg this\" \/>\n<\/a>\n<a target=\"_blank\" href=\"http:\/\/www.facebook.com\/sharer.php?u=http%3A%2F%2Flabestiadeportiva.com%2Flbd%2Falma-ganz-campeona-nacional-por-partida-doble-audio%2F&amp;t=Alma+Ganz+Campeona+Nacional+por+partida+doble+%28Audio%29\">\n<img src=\"http:\/\/labestiadeportiva.com\/lbd\/wp-content\/plugins\/jw-share-this\/fb.png\" alt=\"Share this page via Facebook\" \/>\n<\/a>\n<a target=\"_blank\" href=\"http:\/\/twitter.com\/intent\/tweet?text=I+like+http%3A%2F%2Flabestiadeportiva.com%2Flbd%2Falma-ganz-campeona-nacional-por-partida-doble-audio%2F&amp;title=Alma+Ganz+Campeona+Nacional+por+partida+doble+%28Audio%29\">\n<img src=\"http:\/\/labestiadeportiva.com\/lbd\/wp-content\/plugins\/jw-share-this\/twitter.png\" alt=\"Share this page via Twitter\" \/>\n<\/a>\n<\/div>\n","protected":false},"excerpt":{"rendered":"<p>La joven deportista de Tolhuin se qued\u00f3 con los t\u00edtulos nacionales de single y dobles en el segmento Sub 15 en la cita nacional de B\u00e1dminton realizada en la localidad mendocina de Lavalle. En busca de detalles nos comunicamos con la profesora Cristina Bustos, formadora e impulsora de la disciplina en el \u00abCoraz\u00f3n de la &hellip; <a href=\"http:\/\/labestiadeportiva.com\/lbd\/alma-ganz-campeona-nacional-por-partida-doble-audio\/\" class=\"more-link\">Seguir leyendo <span class=\"screen-reader-text\">Alma Ganz Campeona Nacional por partida doble (Audio)<\/span> <span class=\"meta-nav\">&rarr;<\/span><\/a><\/p>\n","protected":false},"author":1,"featured_media":0,"comment_status":"open","ping_status":"open","sticky":false,"template":"","format":"standard","meta":[],"categories":[5569,5,6,60,1],"tags":[1552,5767,4838],"_links":{"self":[{"href":"http:\/\/labestiadeportiva.com\/lbd\/wp-json\/wp\/v2\/posts\/53712"}],"collection":[{"href":"http:\/\/labestiadeportiva.com\/lbd\/wp-json\/wp\/v2\/posts"}],"about":[{"href":"http:\/\/labestiadeportiva.com\/lbd\/wp-json\/wp\/v2\/types\/post"}],"author":[{"embeddable":true,"href":"http:\/\/labestiadeportiva.com\/lbd\/wp-json\/wp\/v2\/users\/1"}],"replies":[{"embeddable":true,"href":"http:\/\/labestiadeportiva.com\/lbd\/wp-json\/wp\/v2\/comments?post=53712"}],"version-history":[{"count":1,"href":"http:\/\/labestiadeportiva.com\/lbd\/wp-json\/wp\/v2\/posts\/53712\/revisions"}],"predecessor-version":[{"id":53723,"href":"http:\/\/labestiadeportiva.com\/lbd\/wp-json\/wp\/v2\/posts\/53712\/revisions\/53723"}],"wp:attachment":[{"href":"http:\/\/labestiadeportiva.com\/lbd\/wp-json\/wp\/v2\/media?parent=53712"}],"wp:term":[{"taxonomy":"category","embeddable":true,"href":"http:\/\/labestiadeportiva.com\/lbd\/wp-json\/wp\/v2\/categories?post=53712"},{"taxonomy":"post_tag","embeddable":true,"href":"http:\/\/labestiadeportiva.com\/lbd\/wp-json\/wp\/v2\/tags?post=53712"}],"curies":[{"name":"wp","href":"https:\/\/api.w.org\/{rel}","templated":true}]}}