{"id":53724,"date":"2025-12-04T13:02:36","date_gmt":"2025-12-04T16:02:36","guid":{"rendered":"http:\/\/labestiadeportiva.com\/lbd\/?p=53724"},"modified":"2025-12-04T13:02:42","modified_gmt":"2025-12-04T16:02:42","slug":"reny-ternada-por-la-cada","status":"publish","type":"post","link":"http:\/\/labestiadeportiva.com\/lbd\/reny-ternada-por-la-cada\/","title":{"rendered":"\u00abReny\u00bb ternada por la CADA"},"content":{"rendered":"\n<figure class=\"wp-block-image size-full\"><a href=\"http:\/\/labestiadeportiva.com\/lbd\/wp-content\/uploads\/2025\/12\/1001275194.jpg\"><img loading=\"lazy\" width=\"540\" height=\"595\" src=\"http:\/\/labestiadeportiva.com\/lbd\/wp-content\/uploads\/2025\/12\/1001275194.jpg\" alt=\"\" class=\"wp-image-53733\" srcset=\"http:\/\/labestiadeportiva.com\/lbd\/wp-content\/uploads\/2025\/12\/1001275194.jpg 540w, http:\/\/labestiadeportiva.com\/lbd\/wp-content\/uploads\/2025\/12\/1001275194-272x300.jpg 272w\" sizes=\"(max-width: 540px) 100vw, 540px\" \/><\/a><\/figure>\n\n\n\n<figure class=\"wp-block-image size-full\"><a href=\"http:\/\/labestiadeportiva.com\/lbd\/wp-content\/uploads\/2022\/11\/CARA_PEREZ-2.jpg\"><img loading=\"lazy\" width=\"600\" height=\"124\" src=\"http:\/\/labestiadeportiva.com\/lbd\/wp-content\/uploads\/2022\/11\/CARA_PEREZ-2.jpg\" alt=\"\" class=\"wp-image-43576\" srcset=\"http:\/\/labestiadeportiva.com\/lbd\/wp-content\/uploads\/2022\/11\/CARA_PEREZ-2.jpg 600w, http:\/\/labestiadeportiva.com\/lbd\/wp-content\/uploads\/2022\/11\/CARA_PEREZ-2-300x62.jpg 300w\" sizes=\"(max-width: 600px) 100vw, 600px\" \/><\/a><\/figure>\n\n\n\n<p>La deportista ushuaiense, Renata Godoy (Pruebas Combinadas), forma parte de la terna U23 Femenina junto a Giuliana Baigorria (Martillo) y Helen Bernard Stilling (Vallas)<\/p>\n\n\n\n<p>La Confederaci\u00f3n Argentina de Atletismo premiar\u00e1 a la mejor atleta U23 de la temporada. Nueva distinci\u00f3n para la Fueguina quien hace tiempo es la m\u00e1xima representante del atletismo Patag\u00f3nico.<\/p>\n<div class='epvc-post-count'><span class='epvc-eye'><\/span>  <span class=\"epvc-count\"> 213<\/span><span class='epvc-label'> veces le\u00edda<\/span><\/div>\n<div class=\"jwsharethis\">\nShare this: \n<br \/>\n<a href=\"mailto:?subject=%C2%ABReny%C2%BB%20ternada%20por%20la%20CADA&amp;body=http%3A%2F%2Flabestiadeportiva.com%2Flbd%2Freny-ternada-por-la-cada%2F\">\n<img src=\"http:\/\/labestiadeportiva.com\/lbd\/wp-content\/plugins\/jw-share-this\/email.png\" alt=\"Share this page via Email\" \/>\n<\/a>\n<a target=\"_blank\" href=\"http:\/\/www.stumbleupon.com\/submit?url=http%3A%2F%2Flabestiadeportiva.com%2Flbd%2Freny-ternada-por-la-cada%2F&amp;title=%C2%ABReny%C2%BB+ternada+por+la+CADA\">\n<img src=\"http:\/\/labestiadeportiva.com\/lbd\/wp-content\/plugins\/jw-share-this\/su.png\" alt=\"Share this page via Stumble Upon\" \/>\n<\/a>\n<a target=\"_blank\" href=\"http:\/\/digg.com\/submit?url=http%3A%2F%2Flabestiadeportiva.com%2Flbd%2Freny-ternada-por-la-cada%2F&amp;title=%C2%ABReny%C2%BB+ternada+por+la+CADA\">\n<img src=\"http:\/\/labestiadeportiva.com\/lbd\/wp-content\/plugins\/jw-share-this\/digg.png\" alt=\"Share this page via Digg this\" \/>\n<\/a>\n<a target=\"_blank\" href=\"http:\/\/www.facebook.com\/sharer.php?u=http%3A%2F%2Flabestiadeportiva.com%2Flbd%2Freny-ternada-por-la-cada%2F&amp;t=%C2%ABReny%C2%BB+ternada+por+la+CADA\">\n<img src=\"http:\/\/labestiadeportiva.com\/lbd\/wp-content\/plugins\/jw-share-this\/fb.png\" alt=\"Share this page via Facebook\" \/>\n<\/a>\n<a target=\"_blank\" href=\"http:\/\/twitter.com\/intent\/tweet?text=I+like+http%3A%2F%2Flabestiadeportiva.com%2Flbd%2Freny-ternada-por-la-cada%2F&amp;title=%C2%ABReny%C2%BB+ternada+por+la+CADA\">\n<img src=\"http:\/\/labestiadeportiva.com\/lbd\/wp-content\/plugins\/jw-share-this\/twitter.png\" alt=\"Share this page via Twitter\" \/>\n<\/a>\n<\/div>\n","protected":false},"excerpt":{"rendered":"<p>La deportista ushuaiense, Renata Godoy (Pruebas Combinadas), forma parte de la terna U23 Femenina junto a Giuliana Baigorria (Martillo) y Helen Bernard Stilling (Vallas) La Confederaci\u00f3n Argentina de Atletismo premiar\u00e1 a la mejor atleta U23 de la temporada. Nueva distinci\u00f3n para la Fueguina quien hace tiempo es la m\u00e1xima representante del atletismo Patag\u00f3nico. 213 veces &hellip; <a href=\"http:\/\/labestiadeportiva.com\/lbd\/reny-ternada-por-la-cada\/\" class=\"more-link\">Seguir leyendo <span class=\"screen-reader-text\">\u00abReny\u00bb ternada por la CADA<\/span> <span class=\"meta-nav\">&rarr;<\/span><\/a><\/p>\n","protected":false},"author":1,"featured_media":0,"comment_status":"open","ping_status":"open","sticky":false,"template":"","format":"standard","meta":[],"categories":[22,5,4,6,1],"tags":[4831,5769,83,5052,5768],"_links":{"self":[{"href":"http:\/\/labestiadeportiva.com\/lbd\/wp-json\/wp\/v2\/posts\/53724"}],"collection":[{"href":"http:\/\/labestiadeportiva.com\/lbd\/wp-json\/wp\/v2\/posts"}],"about":[{"href":"http:\/\/labestiadeportiva.com\/lbd\/wp-json\/wp\/v2\/types\/post"}],"author":[{"embeddable":true,"href":"http:\/\/labestiadeportiva.com\/lbd\/wp-json\/wp\/v2\/users\/1"}],"replies":[{"embeddable":true,"href":"http:\/\/labestiadeportiva.com\/lbd\/wp-json\/wp\/v2\/comments?post=53724"}],"version-history":[{"count":1,"href":"http:\/\/labestiadeportiva.com\/lbd\/wp-json\/wp\/v2\/posts\/53724\/revisions"}],"predecessor-version":[{"id":53734,"href":"http:\/\/labestiadeportiva.com\/lbd\/wp-json\/wp\/v2\/posts\/53724\/revisions\/53734"}],"wp:attachment":[{"href":"http:\/\/labestiadeportiva.com\/lbd\/wp-json\/wp\/v2\/media?parent=53724"}],"wp:term":[{"taxonomy":"category","embeddable":true,"href":"http:\/\/labestiadeportiva.com\/lbd\/wp-json\/wp\/v2\/categories?post=53724"},{"taxonomy":"post_tag","embeddable":true,"href":"http:\/\/labestiadeportiva.com\/lbd\/wp-json\/wp\/v2\/tags?post=53724"}],"curies":[{"name":"wp","href":"https:\/\/api.w.org\/{rel}","templated":true}]}}