{"id":53736,"date":"2025-12-04T18:39:26","date_gmt":"2025-12-04T21:39:26","guid":{"rendered":"http:\/\/labestiadeportiva.com\/lbd\/?p=53736"},"modified":"2025-12-04T18:41:32","modified_gmt":"2025-12-04T21:41:32","slug":"en-el-camino","status":"publish","type":"post","link":"http:\/\/labestiadeportiva.com\/lbd\/en-el-camino\/","title":{"rendered":"En el camino"},"content":{"rendered":"\n<figure class=\"wp-block-image size-large\"><a href=\"http:\/\/labestiadeportiva.com\/lbd\/wp-content\/uploads\/2025\/12\/1001275949.jpg\"><img loading=\"lazy\" width=\"1024\" height=\"682\" src=\"http:\/\/labestiadeportiva.com\/lbd\/wp-content\/uploads\/2025\/12\/1001275949-1024x682.jpg\" alt=\"\" class=\"wp-image-53737\" srcset=\"http:\/\/labestiadeportiva.com\/lbd\/wp-content\/uploads\/2025\/12\/1001275949-1024x682.jpg 1024w, http:\/\/labestiadeportiva.com\/lbd\/wp-content\/uploads\/2025\/12\/1001275949-300x200.jpg 300w, http:\/\/labestiadeportiva.com\/lbd\/wp-content\/uploads\/2025\/12\/1001275949-768x512.jpg 768w, http:\/\/labestiadeportiva.com\/lbd\/wp-content\/uploads\/2025\/12\/1001275949-1536x1023.jpg 1536w, http:\/\/labestiadeportiva.com\/lbd\/wp-content\/uploads\/2025\/12\/1001275949-640x426.jpg 640w, http:\/\/labestiadeportiva.com\/lbd\/wp-content\/uploads\/2025\/12\/1001275949.jpg 1600w\" sizes=\"(max-width: 1024px) 100vw, 1024px\" \/><\/a><\/figure>\n\n\n\n<p>Este jueves por la madrugada comenz\u00f3 el viaje de la delegaci\u00f3n Fueguina hacia La Pampa, sede de los Juegos Binacionales de la Araucan\u00eda. <\/p>\n\n\n\n<p>Casi 200 personas se trasladan v\u00eda terrestre en cuatro micros de la empresa Taqsa y Marga. Desde la Secretar\u00eda de Deportes Provincial se inform\u00f3 que de no mediar inconvenientes el s\u00e1bado cerca del mediod\u00eda se arribar\u00e1 a destino. Fuente y foto principal Prensa Secretaria de Deportes Provincial.<\/p>\n\n\n\n<!--more-->\n\n\n\n<figure class=\"wp-block-image size-large\"><a href=\"http:\/\/labestiadeportiva.com\/lbd\/wp-content\/uploads\/2025\/12\/1001274881-scaled.jpg\"><img loading=\"lazy\" width=\"1024\" height=\"576\" src=\"http:\/\/labestiadeportiva.com\/lbd\/wp-content\/uploads\/2025\/12\/1001274881-1024x576.jpg\" alt=\"\" class=\"wp-image-53738\" srcset=\"http:\/\/labestiadeportiva.com\/lbd\/wp-content\/uploads\/2025\/12\/1001274881-1024x576.jpg 1024w, http:\/\/labestiadeportiva.com\/lbd\/wp-content\/uploads\/2025\/12\/1001274881-300x169.jpg 300w, http:\/\/labestiadeportiva.com\/lbd\/wp-content\/uploads\/2025\/12\/1001274881-768x432.jpg 768w, http:\/\/labestiadeportiva.com\/lbd\/wp-content\/uploads\/2025\/12\/1001274881-1536x864.jpg 1536w, http:\/\/labestiadeportiva.com\/lbd\/wp-content\/uploads\/2025\/12\/1001274881-2048x1153.jpg 2048w, http:\/\/labestiadeportiva.com\/lbd\/wp-content\/uploads\/2025\/12\/1001274881-640x360.jpg 640w\" sizes=\"(max-width: 1024px) 100vw, 1024px\" \/><\/a><\/figure>\n\n\n\n<p>Las acciones previas comenzaron el mi\u00e9rcoles por la tarde en las tres ciudades de la provincia con la presentaci\u00f3n de planteles e indumentaria en forma simult\u00e1nea en el Sal\u00f3n del IPRA ushuaiense, la Casa del Deporte Tolhuin y el Anexo del Microestadio en R\u00edo Grande.<\/p>\n\n\n\n<p>Los fueguinos participar\u00e1n en las disciplinas f\u00fatbol, b\u00e1squet, v\u00f3ley, atletismo, nataci\u00f3n, ciclismo y judo, todos con equipos en ambas ramas.<\/p>\n\n\n\n<p>El certamen re\u00fane anualmente en sedes alternativas a m\u00e1s de dos mil deportistas de la Patagonia Argentino Chilena. <\/p>\n\n\n\n<p>En cuanto a las sedes de juego ser\u00e1n:  <\/p>\n\n\n\n<p><strong>Santa Rosa<\/strong>: Judo (femenino y masculino), Futbol masculino, Basquet masculino y Atletismo (femenino y masculino). <\/p>\n\n\n\n<p><strong>Miguel<\/strong> <strong>Riglos: <\/strong>Nataci\u00f3n (femenino y masculino), <\/p>\n\n\n\n<p><strong>General Pico:<\/strong> futbol femenino, <\/p>\n\n\n\n<p><strong>Toay<\/strong>: Ciclismo (femenino y masculino), <\/p>\n\n\n\n<p><strong>General Acha: <\/strong>Basquet femenino, <\/p>\n\n\n\n<p><strong>Ataliva Roca<\/strong>: Voley femenino.<\/p>\n\n\n\n<p> <strong>Eduardo Castex<\/strong>: Voley masculino.<\/p>\n\n\n\n<figure class=\"wp-block-image size-large\"><a href=\"http:\/\/labestiadeportiva.com\/lbd\/wp-content\/uploads\/2025\/12\/1001274900-scaled.jpg\"><img loading=\"lazy\" width=\"1024\" height=\"576\" src=\"http:\/\/labestiadeportiva.com\/lbd\/wp-content\/uploads\/2025\/12\/1001274900-1024x576.jpg\" alt=\"\" class=\"wp-image-53740\" srcset=\"http:\/\/labestiadeportiva.com\/lbd\/wp-content\/uploads\/2025\/12\/1001274900-1024x576.jpg 1024w, http:\/\/labestiadeportiva.com\/lbd\/wp-content\/uploads\/2025\/12\/1001274900-300x169.jpg 300w, http:\/\/labestiadeportiva.com\/lbd\/wp-content\/uploads\/2025\/12\/1001274900-768x432.jpg 768w, http:\/\/labestiadeportiva.com\/lbd\/wp-content\/uploads\/2025\/12\/1001274900-1536x864.jpg 1536w, http:\/\/labestiadeportiva.com\/lbd\/wp-content\/uploads\/2025\/12\/1001274900-2048x1153.jpg 2048w, http:\/\/labestiadeportiva.com\/lbd\/wp-content\/uploads\/2025\/12\/1001274900-640x360.jpg 640w\" sizes=\"(max-width: 1024px) 100vw, 1024px\" \/><\/a><\/figure>\n\n\n\n<p>La competencia iniciar\u00e1  el pr\u00f3ximo domingo 7, un d\u00eda antes se efectuar\u00e1n las acreditaciones. En cuanto al acto Central de Apertura est\u00e1 previsto para las 20 horas de la jornada dominguera en el Anfiteatro del Centro C\u00edvico de la capital pampeana.<\/p>\n\n\n\n<p>Asimismo habr\u00e1 acto inaugural para el resto de las subsedes. La actividad competitiva oficial culminar\u00e1 el jueves 11 de diciembre con las finales en las respectivas disciplinas.<\/p>\n\n\n\n<figure class=\"wp-block-image size-large\"><a href=\"http:\/\/labestiadeportiva.com\/lbd\/wp-content\/uploads\/2025\/12\/1001274880-2-scaled.jpg\"><img loading=\"lazy\" width=\"1024\" height=\"576\" src=\"http:\/\/labestiadeportiva.com\/lbd\/wp-content\/uploads\/2025\/12\/1001274880-2-1024x576.jpg\" alt=\"\" class=\"wp-image-53744\" srcset=\"http:\/\/labestiadeportiva.com\/lbd\/wp-content\/uploads\/2025\/12\/1001274880-2-1024x576.jpg 1024w, http:\/\/labestiadeportiva.com\/lbd\/wp-content\/uploads\/2025\/12\/1001274880-2-300x169.jpg 300w, http:\/\/labestiadeportiva.com\/lbd\/wp-content\/uploads\/2025\/12\/1001274880-2-768x432.jpg 768w, http:\/\/labestiadeportiva.com\/lbd\/wp-content\/uploads\/2025\/12\/1001274880-2-1536x864.jpg 1536w, http:\/\/labestiadeportiva.com\/lbd\/wp-content\/uploads\/2025\/12\/1001274880-2-2048x1153.jpg 2048w, http:\/\/labestiadeportiva.com\/lbd\/wp-content\/uploads\/2025\/12\/1001274880-2-640x360.jpg 640w\" sizes=\"(max-width: 1024px) 100vw, 1024px\" \/><\/a><\/figure>\n<div class='epvc-post-count'><span class='epvc-eye'><\/span>  <span class=\"epvc-count\"> 318<\/span><span class='epvc-label'> veces le\u00edda<\/span><\/div>\n<div class=\"jwsharethis\">\nShare this: \n<br \/>\n<a href=\"mailto:?subject=En%20el%20camino&amp;body=http%3A%2F%2Flabestiadeportiva.com%2Flbd%2Fen-el-camino%2F\">\n<img src=\"http:\/\/labestiadeportiva.com\/lbd\/wp-content\/plugins\/jw-share-this\/email.png\" alt=\"Share this page via Email\" \/>\n<\/a>\n<a target=\"_blank\" href=\"http:\/\/www.stumbleupon.com\/submit?url=http%3A%2F%2Flabestiadeportiva.com%2Flbd%2Fen-el-camino%2F&amp;title=En+el+camino\">\n<img src=\"http:\/\/labestiadeportiva.com\/lbd\/wp-content\/plugins\/jw-share-this\/su.png\" alt=\"Share this page via Stumble Upon\" \/>\n<\/a>\n<a target=\"_blank\" href=\"http:\/\/digg.com\/submit?url=http%3A%2F%2Flabestiadeportiva.com%2Flbd%2Fen-el-camino%2F&amp;title=En+el+camino\">\n<img src=\"http:\/\/labestiadeportiva.com\/lbd\/wp-content\/plugins\/jw-share-this\/digg.png\" alt=\"Share this page via Digg this\" \/>\n<\/a>\n<a target=\"_blank\" href=\"http:\/\/www.facebook.com\/sharer.php?u=http%3A%2F%2Flabestiadeportiva.com%2Flbd%2Fen-el-camino%2F&amp;t=En+el+camino\">\n<img src=\"http:\/\/labestiadeportiva.com\/lbd\/wp-content\/plugins\/jw-share-this\/fb.png\" alt=\"Share this page via Facebook\" \/>\n<\/a>\n<a target=\"_blank\" href=\"http:\/\/twitter.com\/intent\/tweet?text=I+like+http%3A%2F%2Flabestiadeportiva.com%2Flbd%2Fen-el-camino%2F&amp;title=En+el+camino\">\n<img src=\"http:\/\/labestiadeportiva.com\/lbd\/wp-content\/plugins\/jw-share-this\/twitter.png\" alt=\"Share this page via Twitter\" \/>\n<\/a>\n<\/div>\n","protected":false},"excerpt":{"rendered":"<p>Este jueves por la madrugada comenz\u00f3 el viaje de la delegaci\u00f3n Fueguina hacia La Pampa, sede de los Juegos Binacionales de la Araucan\u00eda. Casi 200 personas se trasladan v\u00eda terrestre en cuatro micros de la empresa Taqsa y Marga. Desde la Secretar\u00eda de Deportes Provincial se inform\u00f3 que de no mediar inconvenientes el s\u00e1bado cerca &hellip; <a href=\"http:\/\/labestiadeportiva.com\/lbd\/en-el-camino\/\" class=\"more-link\">Seguir leyendo <span class=\"screen-reader-text\">En el camino<\/span> <span class=\"meta-nav\">&rarr;<\/span><\/a><\/p>\n","protected":false},"author":1,"featured_media":0,"comment_status":"open","ping_status":"open","sticky":false,"template":"","format":"standard","meta":[],"categories":[5,4,6,2277,1],"tags":[4926,5770,83],"_links":{"self":[{"href":"http:\/\/labestiadeportiva.com\/lbd\/wp-json\/wp\/v2\/posts\/53736"}],"collection":[{"href":"http:\/\/labestiadeportiva.com\/lbd\/wp-json\/wp\/v2\/posts"}],"about":[{"href":"http:\/\/labestiadeportiva.com\/lbd\/wp-json\/wp\/v2\/types\/post"}],"author":[{"embeddable":true,"href":"http:\/\/labestiadeportiva.com\/lbd\/wp-json\/wp\/v2\/users\/1"}],"replies":[{"embeddable":true,"href":"http:\/\/labestiadeportiva.com\/lbd\/wp-json\/wp\/v2\/comments?post=53736"}],"version-history":[{"count":2,"href":"http:\/\/labestiadeportiva.com\/lbd\/wp-json\/wp\/v2\/posts\/53736\/revisions"}],"predecessor-version":[{"id":53745,"href":"http:\/\/labestiadeportiva.com\/lbd\/wp-json\/wp\/v2\/posts\/53736\/revisions\/53745"}],"wp:attachment":[{"href":"http:\/\/labestiadeportiva.com\/lbd\/wp-json\/wp\/v2\/media?parent=53736"}],"wp:term":[{"taxonomy":"category","embeddable":true,"href":"http:\/\/labestiadeportiva.com\/lbd\/wp-json\/wp\/v2\/categories?post=53736"},{"taxonomy":"post_tag","embeddable":true,"href":"http:\/\/labestiadeportiva.com\/lbd\/wp-json\/wp\/v2\/tags?post=53736"}],"curies":[{"name":"wp","href":"https:\/\/api.w.org\/{rel}","templated":true}]}}