{"id":53746,"date":"2025-12-06T10:07:43","date_gmt":"2025-12-06T13:07:43","guid":{"rendered":"http:\/\/labestiadeportiva.com\/lbd\/?p=53746"},"modified":"2025-12-06T10:07:48","modified_gmt":"2025-12-06T13:07:48","slug":"llegamos","status":"publish","type":"post","link":"http:\/\/labestiadeportiva.com\/lbd\/llegamos\/","title":{"rendered":"Llegamos!"},"content":{"rendered":"\n<figure class=\"wp-block-image size-large\"><a href=\"http:\/\/labestiadeportiva.com\/lbd\/wp-content\/uploads\/2025\/12\/1001278968-scaled.jpg\"><img loading=\"lazy\" width=\"1024\" height=\"576\" src=\"http:\/\/labestiadeportiva.com\/lbd\/wp-content\/uploads\/2025\/12\/1001278968-1024x576.jpg\" alt=\"\" class=\"wp-image-53751\" srcset=\"http:\/\/labestiadeportiva.com\/lbd\/wp-content\/uploads\/2025\/12\/1001278968-1024x576.jpg 1024w, http:\/\/labestiadeportiva.com\/lbd\/wp-content\/uploads\/2025\/12\/1001278968-300x169.jpg 300w, http:\/\/labestiadeportiva.com\/lbd\/wp-content\/uploads\/2025\/12\/1001278968-768x432.jpg 768w, http:\/\/labestiadeportiva.com\/lbd\/wp-content\/uploads\/2025\/12\/1001278968-1536x864.jpg 1536w, http:\/\/labestiadeportiva.com\/lbd\/wp-content\/uploads\/2025\/12\/1001278968-2048x1153.jpg 2048w, http:\/\/labestiadeportiva.com\/lbd\/wp-content\/uploads\/2025\/12\/1001278968-640x360.jpg 640w\" sizes=\"(max-width: 1024px) 100vw, 1024px\" \/><\/a><\/figure>\n\n\n\n<p>La delegaci\u00f3n de Tierra del Fuego arrib\u00f3 este s\u00e1bado minutos despu\u00e9s de las 9 de la ma\u00f1ana a la ciudad de Santa Rosa, sede principal de los Juegos Binacionales de la Araucania.<\/p>\n\n\n\n<!--more-->\n\n\n\n<figure class=\"wp-block-image size-large\"><a href=\"http:\/\/labestiadeportiva.com\/lbd\/wp-content\/uploads\/2025\/12\/1001278964-scaled.jpg\"><img loading=\"lazy\" width=\"1024\" height=\"576\" src=\"http:\/\/labestiadeportiva.com\/lbd\/wp-content\/uploads\/2025\/12\/1001278964-1024x576.jpg\" alt=\"\" class=\"wp-image-53748\" srcset=\"http:\/\/labestiadeportiva.com\/lbd\/wp-content\/uploads\/2025\/12\/1001278964-1024x576.jpg 1024w, http:\/\/labestiadeportiva.com\/lbd\/wp-content\/uploads\/2025\/12\/1001278964-300x169.jpg 300w, http:\/\/labestiadeportiva.com\/lbd\/wp-content\/uploads\/2025\/12\/1001278964-768x432.jpg 768w, http:\/\/labestiadeportiva.com\/lbd\/wp-content\/uploads\/2025\/12\/1001278964-1536x864.jpg 1536w, http:\/\/labestiadeportiva.com\/lbd\/wp-content\/uploads\/2025\/12\/1001278964-2048x1153.jpg 2048w, http:\/\/labestiadeportiva.com\/lbd\/wp-content\/uploads\/2025\/12\/1001278964-640x360.jpg 640w\" sizes=\"(max-width: 1024px) 100vw, 1024px\" \/><\/a><\/figure>\n\n\n\n<p>Dos de los micros quedar\u00e1n en la capital mientras que los restantes uno de ellos pasar\u00e1 por Castex para dirigirse a General Acha mientras que el otro ir\u00e1 a la peque\u00f1a localidad de Riglos.<\/p>\n\n\n\n<p>A partir de las 10 de la ma\u00f1ana se abrir\u00e1 el proceso de acreditaciones, almuerzo e ingreso a los diferentes lugares de hospedaje.<\/p>\n\n\n\n<p>Finaliz\u00f3 el largo viaje para los fueguinos que en las pr\u00f3ximas horas recuperar\u00e1n fuerzas quedando a la espera del acto inaugural y el primer d\u00eda de juegos previstos para el d\u00eda domingo.<\/p>\n\n\n\n<figure class=\"wp-block-image size-large\"><a href=\"http:\/\/labestiadeportiva.com\/lbd\/wp-content\/uploads\/2025\/12\/1001278965-scaled.jpg\"><img loading=\"lazy\" width=\"1024\" height=\"576\" src=\"http:\/\/labestiadeportiva.com\/lbd\/wp-content\/uploads\/2025\/12\/1001278965-1024x576.jpg\" alt=\"\" class=\"wp-image-53750\" srcset=\"http:\/\/labestiadeportiva.com\/lbd\/wp-content\/uploads\/2025\/12\/1001278965-1024x576.jpg 1024w, http:\/\/labestiadeportiva.com\/lbd\/wp-content\/uploads\/2025\/12\/1001278965-300x169.jpg 300w, http:\/\/labestiadeportiva.com\/lbd\/wp-content\/uploads\/2025\/12\/1001278965-768x432.jpg 768w, http:\/\/labestiadeportiva.com\/lbd\/wp-content\/uploads\/2025\/12\/1001278965-1536x864.jpg 1536w, http:\/\/labestiadeportiva.com\/lbd\/wp-content\/uploads\/2025\/12\/1001278965-2048x1153.jpg 2048w, http:\/\/labestiadeportiva.com\/lbd\/wp-content\/uploads\/2025\/12\/1001278965-640x360.jpg 640w\" sizes=\"(max-width: 1024px) 100vw, 1024px\" \/><\/a><\/figure>\n<div class='epvc-post-count'><span class='epvc-eye'><\/span>  <span class=\"epvc-count\"> 363<\/span><span class='epvc-label'> veces le\u00edda<\/span><\/div>\n<div class=\"jwsharethis\">\nShare this: \n<br \/>\n<a href=\"mailto:?subject=Llegamos%21&amp;body=http%3A%2F%2Flabestiadeportiva.com%2Flbd%2Fllegamos%2F\">\n<img src=\"http:\/\/labestiadeportiva.com\/lbd\/wp-content\/plugins\/jw-share-this\/email.png\" alt=\"Share this page via Email\" \/>\n<\/a>\n<a target=\"_blank\" href=\"http:\/\/www.stumbleupon.com\/submit?url=http%3A%2F%2Flabestiadeportiva.com%2Flbd%2Fllegamos%2F&amp;title=Llegamos%21\">\n<img src=\"http:\/\/labestiadeportiva.com\/lbd\/wp-content\/plugins\/jw-share-this\/su.png\" alt=\"Share this page via Stumble Upon\" \/>\n<\/a>\n<a target=\"_blank\" href=\"http:\/\/digg.com\/submit?url=http%3A%2F%2Flabestiadeportiva.com%2Flbd%2Fllegamos%2F&amp;title=Llegamos%21\">\n<img src=\"http:\/\/labestiadeportiva.com\/lbd\/wp-content\/plugins\/jw-share-this\/digg.png\" alt=\"Share this page via Digg this\" \/>\n<\/a>\n<a target=\"_blank\" href=\"http:\/\/www.facebook.com\/sharer.php?u=http%3A%2F%2Flabestiadeportiva.com%2Flbd%2Fllegamos%2F&amp;t=Llegamos%21\">\n<img src=\"http:\/\/labestiadeportiva.com\/lbd\/wp-content\/plugins\/jw-share-this\/fb.png\" alt=\"Share this page via Facebook\" \/>\n<\/a>\n<a target=\"_blank\" href=\"http:\/\/twitter.com\/intent\/tweet?text=I+like+http%3A%2F%2Flabestiadeportiva.com%2Flbd%2Fllegamos%2F&amp;title=Llegamos%21\">\n<img src=\"http:\/\/labestiadeportiva.com\/lbd\/wp-content\/plugins\/jw-share-this\/twitter.png\" alt=\"Share this page via Twitter\" \/>\n<\/a>\n<\/div>\n","protected":false},"excerpt":{"rendered":"<p>La delegaci\u00f3n de Tierra del Fuego arrib\u00f3 este s\u00e1bado minutos despu\u00e9s de las 9 de la ma\u00f1ana a la ciudad de Santa Rosa, sede principal de los Juegos Binacionales de la Araucania. 363 veces le\u00edda Share this:<\/p>\n","protected":false},"author":1,"featured_media":0,"comment_status":"open","ping_status":"open","sticky":false,"template":"","format":"standard","meta":[],"categories":[5,4,6,2277,1],"tags":[4926,602,83],"_links":{"self":[{"href":"http:\/\/labestiadeportiva.com\/lbd\/wp-json\/wp\/v2\/posts\/53746"}],"collection":[{"href":"http:\/\/labestiadeportiva.com\/lbd\/wp-json\/wp\/v2\/posts"}],"about":[{"href":"http:\/\/labestiadeportiva.com\/lbd\/wp-json\/wp\/v2\/types\/post"}],"author":[{"embeddable":true,"href":"http:\/\/labestiadeportiva.com\/lbd\/wp-json\/wp\/v2\/users\/1"}],"replies":[{"embeddable":true,"href":"http:\/\/labestiadeportiva.com\/lbd\/wp-json\/wp\/v2\/comments?post=53746"}],"version-history":[{"count":1,"href":"http:\/\/labestiadeportiva.com\/lbd\/wp-json\/wp\/v2\/posts\/53746\/revisions"}],"predecessor-version":[{"id":53752,"href":"http:\/\/labestiadeportiva.com\/lbd\/wp-json\/wp\/v2\/posts\/53746\/revisions\/53752"}],"wp:attachment":[{"href":"http:\/\/labestiadeportiva.com\/lbd\/wp-json\/wp\/v2\/media?parent=53746"}],"wp:term":[{"taxonomy":"category","embeddable":true,"href":"http:\/\/labestiadeportiva.com\/lbd\/wp-json\/wp\/v2\/categories?post=53746"},{"taxonomy":"post_tag","embeddable":true,"href":"http:\/\/labestiadeportiva.com\/lbd\/wp-json\/wp\/v2\/tags?post=53746"}],"curies":[{"name":"wp","href":"https:\/\/api.w.org\/{rel}","templated":true}]}}