{"id":53773,"date":"2025-12-09T14:43:13","date_gmt":"2025-12-09T17:43:13","guid":{"rendered":"http:\/\/labestiadeportiva.com\/lbd\/?p=53773"},"modified":"2025-12-09T15:43:46","modified_gmt":"2025-12-09T18:43:46","slug":"tdf-a-pura-medalla-bajo-el-sol-pampeano","status":"publish","type":"post","link":"http:\/\/labestiadeportiva.com\/lbd\/tdf-a-pura-medalla-bajo-el-sol-pampeano\/","title":{"rendered":"TDF a pura medalla bajo el sol pampeano"},"content":{"rendered":"\n<figure class=\"wp-block-image size-large\"><a href=\"http:\/\/labestiadeportiva.com\/lbd\/wp-content\/uploads\/2025\/12\/1001282411.jpg\"><img loading=\"lazy\" width=\"906\" height=\"1024\" src=\"http:\/\/labestiadeportiva.com\/lbd\/wp-content\/uploads\/2025\/12\/1001282411-906x1024.jpg\" alt=\"\" class=\"wp-image-53774\" srcset=\"http:\/\/labestiadeportiva.com\/lbd\/wp-content\/uploads\/2025\/12\/1001282411-906x1024.jpg 906w, http:\/\/labestiadeportiva.com\/lbd\/wp-content\/uploads\/2025\/12\/1001282411-265x300.jpg 265w, http:\/\/labestiadeportiva.com\/lbd\/wp-content\/uploads\/2025\/12\/1001282411-768x868.jpg 768w, http:\/\/labestiadeportiva.com\/lbd\/wp-content\/uploads\/2025\/12\/1001282411-640x723.jpg 640w, http:\/\/labestiadeportiva.com\/lbd\/wp-content\/uploads\/2025\/12\/1001282411.jpg 1059w\" sizes=\"(max-width: 906px) 100vw, 906px\" \/><\/a><\/figure>\n\n\n\n<p>Cuando se cumplen casi dos jornadas de competencia en los Juegos Binacionales de la Araucania el judo y atletismo aportaron hasta el momento 15 preseas. Desde el lugar de competencia realizaremos un peque\u00f1o resumen de lo sucedido con la delegaci\u00f3n Fueguina. Fuente Prensa Secretaria de Deportes Provincial.<\/p>\n\n\n\n<figure class=\"wp-block-image size-large\"><a href=\"http:\/\/labestiadeportiva.com\/lbd\/wp-content\/uploads\/2025\/12\/1001283386-scaled.jpg\"><img loading=\"lazy\" width=\"1024\" height=\"801\" src=\"http:\/\/labestiadeportiva.com\/lbd\/wp-content\/uploads\/2025\/12\/1001283386-1024x801.jpg\" alt=\"\" class=\"wp-image-53775\" srcset=\"http:\/\/labestiadeportiva.com\/lbd\/wp-content\/uploads\/2025\/12\/1001283386-1024x801.jpg 1024w, http:\/\/labestiadeportiva.com\/lbd\/wp-content\/uploads\/2025\/12\/1001283386-300x235.jpg 300w, http:\/\/labestiadeportiva.com\/lbd\/wp-content\/uploads\/2025\/12\/1001283386-768x600.jpg 768w, http:\/\/labestiadeportiva.com\/lbd\/wp-content\/uploads\/2025\/12\/1001283386-1536x1201.jpg 1536w, http:\/\/labestiadeportiva.com\/lbd\/wp-content\/uploads\/2025\/12\/1001283386-2048x1601.jpg 2048w, http:\/\/labestiadeportiva.com\/lbd\/wp-content\/uploads\/2025\/12\/1001283386-640x500.jpg 640w\" sizes=\"(max-width: 1024px) 100vw, 1024px\" \/><\/a><\/figure>\n\n\n\n<!--more-->\n\n\n\n<figure class=\"wp-block-image size-large\"><a href=\"http:\/\/labestiadeportiva.com\/lbd\/wp-content\/uploads\/2025\/12\/1001284813-scaled.jpg\"><img loading=\"lazy\" width=\"1024\" height=\"576\" src=\"http:\/\/labestiadeportiva.com\/lbd\/wp-content\/uploads\/2025\/12\/1001284813-1024x576.jpg\" alt=\"\" class=\"wp-image-53780\" srcset=\"http:\/\/labestiadeportiva.com\/lbd\/wp-content\/uploads\/2025\/12\/1001284813-1024x576.jpg 1024w, http:\/\/labestiadeportiva.com\/lbd\/wp-content\/uploads\/2025\/12\/1001284813-300x169.jpg 300w, http:\/\/labestiadeportiva.com\/lbd\/wp-content\/uploads\/2025\/12\/1001284813-768x432.jpg 768w, http:\/\/labestiadeportiva.com\/lbd\/wp-content\/uploads\/2025\/12\/1001284813-1536x864.jpg 1536w, http:\/\/labestiadeportiva.com\/lbd\/wp-content\/uploads\/2025\/12\/1001284813-2048x1153.jpg 2048w, http:\/\/labestiadeportiva.com\/lbd\/wp-content\/uploads\/2025\/12\/1001284813-640x360.jpg 640w\" sizes=\"(max-width: 1024px) 100vw, 1024px\" \/><\/a><\/figure>\n\n\n\n<p>En la pista de la Laguna \u00abDon Tom\u00e1s\u00bblos atletas fueguinos, bajo un intenso calor que promedi\u00f3 los 32 grados de temperatura sumaron hasta el momento 4 medallas a trav\u00e9s de Antonella Ojeda, Jonathan Allende, Ian Bianchi y Nicol\u00e1s Ravassa.<\/p>\n\n\n\n<p>El lanzador riograndense Allende alcanz\u00f3 la medalla de oro en Bala al igual que Antonella Ojeda en Salto en Largo, \u00abNico\u00bb Ravassa se qued\u00f3 con la Plata en Jabalina  y finalmente en una verdadera batalla Ian Bianchi ocup\u00f3 el tercer escal\u00f3n del podio en Salto en Alto.<\/p>\n\n\n\n<p>El judo y su sana costumbre de medallas y nivel pis\u00f3 fuerte en el arranque masculino con seis medallas, tres de plata y tres de Bronce.<\/p>\n\n\n\n<p>En la categor\u00eda hasta 55 kilos, Alexis Gamarra perdi\u00f3 contra Jonatan \u00c1lvarez de Los R\u00edos (Chile) en semifinales alcanzando la primera presea de bronce.<\/p>\n\n\n\n<p>En la categor\u00eda de hasta 60 kilos Fausto Mart\u00edn lleg\u00f3 a semifinales y obtuvo la medalla de bronce al ser superado por Luciano D\u00edaz de Los R\u00edos. En la siguiente categor\u00eda -.hasta 66 kilos- Santiago Avellaneda le gan\u00f3 la lucha a Jon Favole de La Pampa y posteriormente perdi\u00f3 en la final con Maximiliano Ruiz de Magallanes, logrando la medalla de plata.<\/p>\n\n\n\n<figure class=\"wp-block-image size-large\"><a href=\"http:\/\/labestiadeportiva.com\/lbd\/wp-content\/uploads\/2025\/12\/1001282431-scaled.jpg\"><img loading=\"lazy\" width=\"1024\" height=\"576\" src=\"http:\/\/labestiadeportiva.com\/lbd\/wp-content\/uploads\/2025\/12\/1001282431-1024x576.jpg\" alt=\"\" class=\"wp-image-53781\" srcset=\"http:\/\/labestiadeportiva.com\/lbd\/wp-content\/uploads\/2025\/12\/1001282431-1024x576.jpg 1024w, http:\/\/labestiadeportiva.com\/lbd\/wp-content\/uploads\/2025\/12\/1001282431-300x169.jpg 300w, http:\/\/labestiadeportiva.com\/lbd\/wp-content\/uploads\/2025\/12\/1001282431-768x432.jpg 768w, http:\/\/labestiadeportiva.com\/lbd\/wp-content\/uploads\/2025\/12\/1001282431-1536x864.jpg 1536w, http:\/\/labestiadeportiva.com\/lbd\/wp-content\/uploads\/2025\/12\/1001282431-2048x1153.jpg 2048w, http:\/\/labestiadeportiva.com\/lbd\/wp-content\/uploads\/2025\/12\/1001282431-640x360.jpg 640w\" sizes=\"(max-width: 1024px) 100vw, 1024px\" \/><\/a><\/figure>\n\n\n\n<p>Emiliano Su\u00e1rez -categor\u00eda hasta 73 kilos- gan\u00f3 la lucha de semifinales a Sebasti\u00e1n Gonz\u00e1lez de B\u00edo B\u00edo y luego cay\u00f3 ante Gabriel P\u00e9rez de Magallanes y se qued\u00f3 con una meritoria medalla de plata. En tanto en la categor\u00eda hasta 81 kilos, Luciano Vargas, que gan\u00f3 en todos sus combates, perdi\u00f3 la lucha en semifinales contra Santiago Bolognesi de R\u00edo Negro y se qued\u00f3 con una valiosa medalla de bronce.<\/p>\n\n\n\n<p>Por \u00faltimo, en la categor\u00eda hasta 90 kilos, Benjam\u00edn Pesarini, que sali\u00f3 ganador en todas las luchas por la ma\u00f1ana, gan\u00f3 en semifinales contra Joaqu\u00edn Cordero, representante de R\u00edo Negro y luego perdi\u00f3 en la final con Tom\u00e1s Quinteros, reconocido judoca integrante de la Selecci\u00f3n Nacional.<\/p>\n\n\n\n<p>El segundo d\u00eda de competencia fue el momento del femenino donde TDF cuenta con 5 representantes. Jornada competitiva que fue modificada sobre la marcha efectu\u00e1ndose sin receso. <\/p>\n\n\n\n<p>Las Fueguinas pusieron toda la actitud para conseguir 4 preseas., una de Oro, una de Plata y dos de Bronce.<\/p>\n\n\n\n<p>Las medallistas fueron Nair Insaurralde con la dorada, la plateada para Lara Segovia mientras que Morena Flores y Angelina Gonz\u00e1lez se quedaron con el Bronce.<\/p>\n\n\n\n<p>En cuanto a las disciplinas de conjunto a\u00fan no se conocen victorias. <\/p>\n\n\n\n<p>Doble ca\u00edda del b\u00e1squet masculino frente a Araucan\u00eda y Chubut, f\u00fatbol masculino 1 a 0 ante La Pampa, el v\u00f3ley femenino cedi\u00f3 por partida doble 3 a 0 Araucan\u00eda y 3 a 1 con R\u00edo Negro.<\/p>\n\n\n\n<p>El v\u00f3ley masculino arranc\u00f3 con un \u00abpartidazo\u00bb que se defini\u00f3 en Tie Breack, 3 a 2 ante R\u00edo Negro, el futbol femenino no pudo sostener la ventaja inicial perdiendo con el \u00d1uble por 3 a 1.<\/p>\n\n\n\n<p>Finalmente el ciclismo, tanto masculino como femenino, hicieron su debut en la prueba contrarreloj por equipos donde culminaron en el puesto 12 y 11, respectivamente. Los ciclistas de TDF realizaron en su segundo d\u00eda de acci\u00f3n La prueba en Pelot\u00f3n.<\/p>\n\n\n\n<p>Asimismo comenzaron las primeras acciones para la nataci\u00f3n en la peque\u00f1a localidad de Riglos donde las principales miradas est\u00e1n puestas en la medallista en EPADE, Milagros Ver\u00f3n.<\/p>\n\n\n\n<figure class=\"wp-block-image size-large is-resized\"><a href=\"http:\/\/labestiadeportiva.com\/lbd\/wp-content\/uploads\/2025\/12\/1001281643-scaled.jpg\"><img loading=\"lazy\" src=\"http:\/\/labestiadeportiva.com\/lbd\/wp-content\/uploads\/2025\/12\/1001281643-1024x576.jpg\" alt=\"\" class=\"wp-image-53776\" width=\"572\" height=\"322\" srcset=\"http:\/\/labestiadeportiva.com\/lbd\/wp-content\/uploads\/2025\/12\/1001281643-1024x576.jpg 1024w, http:\/\/labestiadeportiva.com\/lbd\/wp-content\/uploads\/2025\/12\/1001281643-300x169.jpg 300w, http:\/\/labestiadeportiva.com\/lbd\/wp-content\/uploads\/2025\/12\/1001281643-768x432.jpg 768w, http:\/\/labestiadeportiva.com\/lbd\/wp-content\/uploads\/2025\/12\/1001281643-1536x864.jpg 1536w, http:\/\/labestiadeportiva.com\/lbd\/wp-content\/uploads\/2025\/12\/1001281643-2048x1153.jpg 2048w, http:\/\/labestiadeportiva.com\/lbd\/wp-content\/uploads\/2025\/12\/1001281643-640x360.jpg 640w\" sizes=\"(max-width: 572px) 100vw, 572px\" \/><\/a><\/figure>\n\n\n\n<p><\/p>\n\n\n\n<p><\/p>\n<div class='epvc-post-count'><span class='epvc-eye'><\/span>  <span class=\"epvc-count\"> 320<\/span><span class='epvc-label'> veces le\u00edda<\/span><\/div>\n<div class=\"jwsharethis\">\nShare this: \n<br \/>\n<a href=\"mailto:?subject=TDF%20a%20pura%20medalla%20bajo%20el%20sol%20pampeano&amp;body=http%3A%2F%2Flabestiadeportiva.com%2Flbd%2Ftdf-a-pura-medalla-bajo-el-sol-pampeano%2F\">\n<img src=\"http:\/\/labestiadeportiva.com\/lbd\/wp-content\/plugins\/jw-share-this\/email.png\" alt=\"Share this page via Email\" \/>\n<\/a>\n<a target=\"_blank\" href=\"http:\/\/www.stumbleupon.com\/submit?url=http%3A%2F%2Flabestiadeportiva.com%2Flbd%2Ftdf-a-pura-medalla-bajo-el-sol-pampeano%2F&amp;title=TDF+a+pura+medalla+bajo+el+sol+pampeano\">\n<img src=\"http:\/\/labestiadeportiva.com\/lbd\/wp-content\/plugins\/jw-share-this\/su.png\" alt=\"Share this page via Stumble Upon\" \/>\n<\/a>\n<a target=\"_blank\" href=\"http:\/\/digg.com\/submit?url=http%3A%2F%2Flabestiadeportiva.com%2Flbd%2Ftdf-a-pura-medalla-bajo-el-sol-pampeano%2F&amp;title=TDF+a+pura+medalla+bajo+el+sol+pampeano\">\n<img src=\"http:\/\/labestiadeportiva.com\/lbd\/wp-content\/plugins\/jw-share-this\/digg.png\" alt=\"Share this page via Digg this\" \/>\n<\/a>\n<a target=\"_blank\" href=\"http:\/\/www.facebook.com\/sharer.php?u=http%3A%2F%2Flabestiadeportiva.com%2Flbd%2Ftdf-a-pura-medalla-bajo-el-sol-pampeano%2F&amp;t=TDF+a+pura+medalla+bajo+el+sol+pampeano\">\n<img src=\"http:\/\/labestiadeportiva.com\/lbd\/wp-content\/plugins\/jw-share-this\/fb.png\" alt=\"Share this page via Facebook\" \/>\n<\/a>\n<a target=\"_blank\" href=\"http:\/\/twitter.com\/intent\/tweet?text=I+like+http%3A%2F%2Flabestiadeportiva.com%2Flbd%2Ftdf-a-pura-medalla-bajo-el-sol-pampeano%2F&amp;title=TDF+a+pura+medalla+bajo+el+sol+pampeano\">\n<img src=\"http:\/\/labestiadeportiva.com\/lbd\/wp-content\/plugins\/jw-share-this\/twitter.png\" alt=\"Share this page via Twitter\" \/>\n<\/a>\n<\/div>\n","protected":false},"excerpt":{"rendered":"<p>Cuando se cumplen casi dos jornadas de competencia en los Juegos Binacionales de la Araucania el judo y atletismo aportaron hasta el momento 15 preseas. Desde el lugar de competencia realizaremos un peque\u00f1o resumen de lo sucedido con la delegaci\u00f3n Fueguina. Fuente Prensa Secretaria de Deportes Provincial. 320 veces le\u00edda Share this:<\/p>\n","protected":false},"author":1,"featured_media":0,"comment_status":"open","ping_status":"open","sticky":false,"template":"","format":"standard","meta":[],"categories":[5,6,2277,1],"tags":[4926,5770,83],"_links":{"self":[{"href":"http:\/\/labestiadeportiva.com\/lbd\/wp-json\/wp\/v2\/posts\/53773"}],"collection":[{"href":"http:\/\/labestiadeportiva.com\/lbd\/wp-json\/wp\/v2\/posts"}],"about":[{"href":"http:\/\/labestiadeportiva.com\/lbd\/wp-json\/wp\/v2\/types\/post"}],"author":[{"embeddable":true,"href":"http:\/\/labestiadeportiva.com\/lbd\/wp-json\/wp\/v2\/users\/1"}],"replies":[{"embeddable":true,"href":"http:\/\/labestiadeportiva.com\/lbd\/wp-json\/wp\/v2\/comments?post=53773"}],"version-history":[{"count":3,"href":"http:\/\/labestiadeportiva.com\/lbd\/wp-json\/wp\/v2\/posts\/53773\/revisions"}],"predecessor-version":[{"id":53783,"href":"http:\/\/labestiadeportiva.com\/lbd\/wp-json\/wp\/v2\/posts\/53773\/revisions\/53783"}],"wp:attachment":[{"href":"http:\/\/labestiadeportiva.com\/lbd\/wp-json\/wp\/v2\/media?parent=53773"}],"wp:term":[{"taxonomy":"category","embeddable":true,"href":"http:\/\/labestiadeportiva.com\/lbd\/wp-json\/wp\/v2\/categories?post=53773"},{"taxonomy":"post_tag","embeddable":true,"href":"http:\/\/labestiadeportiva.com\/lbd\/wp-json\/wp\/v2\/tags?post=53773"}],"curies":[{"name":"wp","href":"https:\/\/api.w.org\/{rel}","templated":true}]}}