{"id":53784,"date":"2025-12-10T14:12:13","date_gmt":"2025-12-10T17:12:13","guid":{"rendered":"http:\/\/labestiadeportiva.com\/lbd\/?p=53784"},"modified":"2025-12-10T14:12:17","modified_gmt":"2025-12-10T17:12:17","slug":"comienza-la-semana-del-rugby","status":"publish","type":"post","link":"http:\/\/labestiadeportiva.com\/lbd\/comienza-la-semana-del-rugby\/","title":{"rendered":"Comienza la semana del rugby"},"content":{"rendered":"\n<figure class=\"wp-block-image size-large\"><a href=\"http:\/\/labestiadeportiva.com\/lbd\/wp-content\/uploads\/2025\/12\/1001281289.jpg\"><img loading=\"lazy\" width=\"819\" height=\"1024\" src=\"http:\/\/labestiadeportiva.com\/lbd\/wp-content\/uploads\/2025\/12\/1001281289-819x1024.jpg\" alt=\"\" class=\"wp-image-53785\" srcset=\"http:\/\/labestiadeportiva.com\/lbd\/wp-content\/uploads\/2025\/12\/1001281289-819x1024.jpg 819w, http:\/\/labestiadeportiva.com\/lbd\/wp-content\/uploads\/2025\/12\/1001281289-240x300.jpg 240w, http:\/\/labestiadeportiva.com\/lbd\/wp-content\/uploads\/2025\/12\/1001281289-768x960.jpg 768w, http:\/\/labestiadeportiva.com\/lbd\/wp-content\/uploads\/2025\/12\/1001281289-640x800.jpg 640w, http:\/\/labestiadeportiva.com\/lbd\/wp-content\/uploads\/2025\/12\/1001281289.jpg 1080w\" sizes=\"(max-width: 819px) 100vw, 819px\" \/><\/a><\/figure>\n\n\n\n<p>En el marco de la 38\u00b0 edici\u00f3n del Seven del Fin del Mundo organizado por el Ushuaia Rugby Club, este mi\u00e9rcoles comenzar\u00e1n las actividades dentro de la cl\u00e1sica semana del rugby con una pr\u00e1ctica abierta a cargo de Juan Casaj\u00fas y Dario Salluzzi. Fuente Prensa Seven FDM.<\/p>\n\n\n\n<!--more-->\n\n\n\n<p>La cuenta regresiva llega a cero. Nuevamente el Seven del Fin del Mundo que organiza el Ushuaia Rugby Club tendr\u00e1 su semana cumbre, en el marco de la 38\u00b0 edici\u00f3n.<br><\/p>\n\n\n\n<p>Con el arribo de Juan Casaj\u00fas y Dario Salluzzi, la primera jornada del m\u00e1ximo evento de rugby reducido de la Patagonia tendr\u00e1 como apertura dos pr\u00e1cticas abiertas en la cancha 1 del URC tanto para juveniles como para mayores.<br><\/p>\n\n\n\n<p>Esto ser\u00e1 a partir de las 18.30 horas para empezar a desandar un cronograma que continuar\u00e1 el jueves con el sorteo de las zonas, habr\u00e1 m\u00e1s de 25 equipos entre juveniles y mayores, la aparici\u00f3n de Maria Taladrid, jugadora de Las Yaguaret\u00e9s, y el arribo de elencos de Comodoro Rivadavia, Chile, Catamarca y Buenos Aires, como as\u00ed tambi\u00e9n jugadores de renombre que reforzar\u00e1n las l\u00edneas de los due\u00f1os de casa.<br><\/p>\n\n\n\n<p>En la rama femenina el foco estar\u00e1 en las Barbarians, con la llegada de apellidos muy fuertes para recuperar el cetro que obtuvo el a\u00f1o pasado el anfitri\u00f3n Ushuaia Rugby Club con Malena Diaz como gran figura.<br><\/p>\n\n\n\n<p>Todo est\u00e1 dispuesto para el show de la ovalada. \u00a1Sean bienvenidos!<\/p>\n<div class='epvc-post-count'><span class='epvc-eye'><\/span>  <span class=\"epvc-count\"> 327<\/span><span class='epvc-label'> veces le\u00edda<\/span><\/div>\n<div class=\"jwsharethis\">\nShare this: \n<br \/>\n<a href=\"mailto:?subject=Comienza%20la%20semana%20del%20rugby&amp;body=http%3A%2F%2Flabestiadeportiva.com%2Flbd%2Fcomienza-la-semana-del-rugby%2F\">\n<img src=\"http:\/\/labestiadeportiva.com\/lbd\/wp-content\/plugins\/jw-share-this\/email.png\" alt=\"Share this page via Email\" \/>\n<\/a>\n<a target=\"_blank\" href=\"http:\/\/www.stumbleupon.com\/submit?url=http%3A%2F%2Flabestiadeportiva.com%2Flbd%2Fcomienza-la-semana-del-rugby%2F&amp;title=Comienza+la+semana+del+rugby\">\n<img src=\"http:\/\/labestiadeportiva.com\/lbd\/wp-content\/plugins\/jw-share-this\/su.png\" alt=\"Share this page via Stumble Upon\" \/>\n<\/a>\n<a target=\"_blank\" href=\"http:\/\/digg.com\/submit?url=http%3A%2F%2Flabestiadeportiva.com%2Flbd%2Fcomienza-la-semana-del-rugby%2F&amp;title=Comienza+la+semana+del+rugby\">\n<img src=\"http:\/\/labestiadeportiva.com\/lbd\/wp-content\/plugins\/jw-share-this\/digg.png\" alt=\"Share this page via Digg this\" \/>\n<\/a>\n<a target=\"_blank\" href=\"http:\/\/www.facebook.com\/sharer.php?u=http%3A%2F%2Flabestiadeportiva.com%2Flbd%2Fcomienza-la-semana-del-rugby%2F&amp;t=Comienza+la+semana+del+rugby\">\n<img src=\"http:\/\/labestiadeportiva.com\/lbd\/wp-content\/plugins\/jw-share-this\/fb.png\" alt=\"Share this page via Facebook\" \/>\n<\/a>\n<a target=\"_blank\" href=\"http:\/\/twitter.com\/intent\/tweet?text=I+like+http%3A%2F%2Flabestiadeportiva.com%2Flbd%2Fcomienza-la-semana-del-rugby%2F&amp;title=Comienza+la+semana+del+rugby\">\n<img src=\"http:\/\/labestiadeportiva.com\/lbd\/wp-content\/plugins\/jw-share-this\/twitter.png\" alt=\"Share this page via Twitter\" \/>\n<\/a>\n<\/div>\n","protected":false},"excerpt":{"rendered":"<p>En el marco de la 38\u00b0 edici\u00f3n del Seven del Fin del Mundo organizado por el Ushuaia Rugby Club, este mi\u00e9rcoles comenzar\u00e1n las actividades dentro de la cl\u00e1sica semana del rugby con una pr\u00e1ctica abierta a cargo de Juan Casaj\u00fas y Dario Salluzzi. Fuente Prensa Seven FDM. 327 veces le\u00edda Share this:<\/p>\n","protected":false},"author":1,"featured_media":0,"comment_status":"open","ping_status":"open","sticky":false,"template":"","format":"standard","meta":[],"categories":[5,4,6,1,2458],"tags":[83,4946,781],"_links":{"self":[{"href":"http:\/\/labestiadeportiva.com\/lbd\/wp-json\/wp\/v2\/posts\/53784"}],"collection":[{"href":"http:\/\/labestiadeportiva.com\/lbd\/wp-json\/wp\/v2\/posts"}],"about":[{"href":"http:\/\/labestiadeportiva.com\/lbd\/wp-json\/wp\/v2\/types\/post"}],"author":[{"embeddable":true,"href":"http:\/\/labestiadeportiva.com\/lbd\/wp-json\/wp\/v2\/users\/1"}],"replies":[{"embeddable":true,"href":"http:\/\/labestiadeportiva.com\/lbd\/wp-json\/wp\/v2\/comments?post=53784"}],"version-history":[{"count":1,"href":"http:\/\/labestiadeportiva.com\/lbd\/wp-json\/wp\/v2\/posts\/53784\/revisions"}],"predecessor-version":[{"id":53786,"href":"http:\/\/labestiadeportiva.com\/lbd\/wp-json\/wp\/v2\/posts\/53784\/revisions\/53786"}],"wp:attachment":[{"href":"http:\/\/labestiadeportiva.com\/lbd\/wp-json\/wp\/v2\/media?parent=53784"}],"wp:term":[{"taxonomy":"category","embeddable":true,"href":"http:\/\/labestiadeportiva.com\/lbd\/wp-json\/wp\/v2\/categories?post=53784"},{"taxonomy":"post_tag","embeddable":true,"href":"http:\/\/labestiadeportiva.com\/lbd\/wp-json\/wp\/v2\/tags?post=53784"}],"curies":[{"name":"wp","href":"https:\/\/api.w.org\/{rel}","templated":true}]}}