{"id":53788,"date":"2025-12-11T23:18:39","date_gmt":"2025-12-12T02:18:39","guid":{"rendered":"http:\/\/labestiadeportiva.com\/lbd\/?p=53788"},"modified":"2025-12-11T23:18:46","modified_gmt":"2025-12-12T02:18:46","slug":"rio-negro-campeon-la-pampa-su-escolta","status":"publish","type":"post","link":"http:\/\/labestiadeportiva.com\/lbd\/rio-negro-campeon-la-pampa-su-escolta\/","title":{"rendered":"R\u00edo Negro campe\u00f3n, La Pampa su escolta"},"content":{"rendered":"\n<figure class=\"wp-block-image size-large\"><a href=\"http:\/\/labestiadeportiva.com\/lbd\/wp-content\/uploads\/2025\/12\/1001288543.jpg\"><img loading=\"lazy\" width=\"801\" height=\"1024\" src=\"http:\/\/labestiadeportiva.com\/lbd\/wp-content\/uploads\/2025\/12\/1001288543-801x1024.jpg\" alt=\"\" class=\"wp-image-53789\" srcset=\"http:\/\/labestiadeportiva.com\/lbd\/wp-content\/uploads\/2025\/12\/1001288543-801x1024.jpg 801w, http:\/\/labestiadeportiva.com\/lbd\/wp-content\/uploads\/2025\/12\/1001288543-235x300.jpg 235w, http:\/\/labestiadeportiva.com\/lbd\/wp-content\/uploads\/2025\/12\/1001288543-768x981.jpg 768w, http:\/\/labestiadeportiva.com\/lbd\/wp-content\/uploads\/2025\/12\/1001288543-640x818.jpg 640w, http:\/\/labestiadeportiva.com\/lbd\/wp-content\/uploads\/2025\/12\/1001288543.jpg 1080w\" sizes=\"(max-width: 801px) 100vw, 801px\" \/><\/a><\/figure>\n\n\n\n<p>Finalizaron este jueves los Juegos Binacionales de la Araucania en tierra pampeana. Tierra del Fuego termin\u00f3 en la 10\u00b0 ubicaci\u00f3n con 19 medallas en su haber. Fuente Prensa Secretaria de Deportes Provincial.<\/p>\n\n\n\n<!--more-->\n\n\n\n<figure class=\"wp-block-image size-large\"><a href=\"http:\/\/labestiadeportiva.com\/lbd\/wp-content\/uploads\/2025\/12\/1001288490-scaled.jpg\"><img loading=\"lazy\" width=\"1024\" height=\"576\" src=\"http:\/\/labestiadeportiva.com\/lbd\/wp-content\/uploads\/2025\/12\/1001288490-1024x576.jpg\" alt=\"\" class=\"wp-image-53793\" srcset=\"http:\/\/labestiadeportiva.com\/lbd\/wp-content\/uploads\/2025\/12\/1001288490-1024x576.jpg 1024w, http:\/\/labestiadeportiva.com\/lbd\/wp-content\/uploads\/2025\/12\/1001288490-300x169.jpg 300w, http:\/\/labestiadeportiva.com\/lbd\/wp-content\/uploads\/2025\/12\/1001288490-768x432.jpg 768w, http:\/\/labestiadeportiva.com\/lbd\/wp-content\/uploads\/2025\/12\/1001288490-1536x864.jpg 1536w, http:\/\/labestiadeportiva.com\/lbd\/wp-content\/uploads\/2025\/12\/1001288490-2048x1153.jpg 2048w, http:\/\/labestiadeportiva.com\/lbd\/wp-content\/uploads\/2025\/12\/1001288490-640x360.jpg 640w\" sizes=\"(max-width: 1024px) 100vw, 1024px\" \/><\/a><\/figure>\n\n\n\n<p>En cuanto al detalle de las preseas Fueguinas, cuatro fueron de Oro, seis de Plata y nueve de Bronce.<\/p>\n\n\n\n<p>Quinto y \u00faltimo d\u00eda de competencia en los Juegos Binacionales de la Araucan\u00eda, disputados en la provincia de La Pampa, la delegaci\u00f3n de Tierra del Fuego complet\u00f3 su actuaci\u00f3n 2025 con un balance altamente positivo.<\/p>\n\n\n\n<p>La nota m\u00e1s sobresaliente de la jornada lleg\u00f3 desde la localidad de Riglos, donde la joven nadadora Milagros Ver\u00f3n volvi\u00f3 a demostrar su gran proyecci\u00f3n deportiva. <\/p>\n\n\n\n<p>La fueguina de 15 a\u00f1os se subi\u00f3 al podio en la prueba de 50 metros pecho, adjudic\u00e1ndose la medalla de bronce tras marcar un tiempo de 35s 62\/100, una de sus especialidades. <\/p>\n\n\n\n<figure class=\"wp-block-image size-large\"><a href=\"http:\/\/labestiadeportiva.com\/lbd\/wp-content\/uploads\/2025\/12\/1001279862-scaled.jpg\"><img loading=\"lazy\" width=\"1024\" height=\"576\" src=\"http:\/\/labestiadeportiva.com\/lbd\/wp-content\/uploads\/2025\/12\/1001279862-1024x576.jpg\" alt=\"\" class=\"wp-image-53790\" srcset=\"http:\/\/labestiadeportiva.com\/lbd\/wp-content\/uploads\/2025\/12\/1001279862-1024x576.jpg 1024w, http:\/\/labestiadeportiva.com\/lbd\/wp-content\/uploads\/2025\/12\/1001279862-300x169.jpg 300w, http:\/\/labestiadeportiva.com\/lbd\/wp-content\/uploads\/2025\/12\/1001279862-768x432.jpg 768w, http:\/\/labestiadeportiva.com\/lbd\/wp-content\/uploads\/2025\/12\/1001279862-1536x864.jpg 1536w, http:\/\/labestiadeportiva.com\/lbd\/wp-content\/uploads\/2025\/12\/1001279862-2048x1153.jpg 2048w, http:\/\/labestiadeportiva.com\/lbd\/wp-content\/uploads\/2025\/12\/1001279862-640x360.jpg 640w\" sizes=\"(max-width: 1024px) 100vw, 1024px\" \/><\/a><\/figure>\n\n\n\n<p>En la jornada anterior ya hab\u00eda mostrado su solidez con un quinto puesto en los 100 metros pecho, anticipando el resultado que finalmente pudo concretar.<\/p>\n\n\n\n<p>En ciclismo, se vivi\u00f3 la \u00faltima prueba con el circuito callejero, fueron 60 k para los varones y 30  k para mujeres donde nuevamente brill\u00f3 Tiziana Pastori, quien complet\u00f3 el recorrido en 52 minutos y  49 egundos finalizando en un meritorio und\u00e9cimo lugar, manteni\u00e9ndose siempre en el pelot\u00f3n de punta. Asimismo en la rama masculina, el mejor fue M\u00e1ximo Pintos, ubicado en el puesto 36.<\/p>\n\n\n\n<p>El b\u00e1squet masculino regal\u00f3 una alegr\u00eda en el cierre de su participaci\u00f3n. Tras el duro triunfo del mi\u00e9rcoles en tiempo suplementario, el equipo fueguino volvi\u00f3 a mostrar car\u00e1cter y venci\u00f3 por 73 a 66 a Magallanes. <\/p>\n\n\n\n<p>Los dirigidos por Luciano Rodr\u00edguez protagonizaron una gran remontada tras estar 18 puntos abajo en el tercer cuarto. <\/p>\n\n\n\n<p>Con este valioso triunfo, Tierra del Fuego finaliz\u00f3 en el noveno puesto, con un balance de dos victorias y tres derrotas.<\/p>\n\n\n\n<p>En f\u00fatbol masculino, Tierra del Fuego cerr\u00f3 su torneo tras caer por penales (3-0) frente a Ays\u00e9n, luego de un empate 2-2 en el tiempo reglamentario. <\/p>\n\n\n\n<p>Los fueguinos hab\u00edan igualado el partido dos veces, primero desde el punto penal y luego con una definici\u00f3n de Tob\u00edas Molinari tras un pase filtrado, pero en la tanda decisiva no lograron convertir. <\/p>\n\n\n\n<p>El equipo, dirigido por Daniel Celman y Pedro R\u00f3moli, termin\u00f3 en el duod\u00e9cimo lugar.En la rama femenina, el seleccionado fueguino se impuso ante Ays\u00e9n con 6 goles a 2. <\/p>\n\n\n\n<figure class=\"wp-block-image size-large\"><a href=\"http:\/\/labestiadeportiva.com\/lbd\/wp-content\/uploads\/2025\/12\/1001284813-1-scaled.jpg\"><img loading=\"lazy\" width=\"1024\" height=\"576\" src=\"http:\/\/labestiadeportiva.com\/lbd\/wp-content\/uploads\/2025\/12\/1001284813-1-1024x576.jpg\" alt=\"\" class=\"wp-image-53791\" srcset=\"http:\/\/labestiadeportiva.com\/lbd\/wp-content\/uploads\/2025\/12\/1001284813-1-1024x576.jpg 1024w, http:\/\/labestiadeportiva.com\/lbd\/wp-content\/uploads\/2025\/12\/1001284813-1-300x169.jpg 300w, http:\/\/labestiadeportiva.com\/lbd\/wp-content\/uploads\/2025\/12\/1001284813-1-768x432.jpg 768w, http:\/\/labestiadeportiva.com\/lbd\/wp-content\/uploads\/2025\/12\/1001284813-1-1536x864.jpg 1536w, http:\/\/labestiadeportiva.com\/lbd\/wp-content\/uploads\/2025\/12\/1001284813-1-2048x1153.jpg 2048w, http:\/\/labestiadeportiva.com\/lbd\/wp-content\/uploads\/2025\/12\/1001284813-1-640x360.jpg 640w\" sizes=\"(max-width: 1024px) 100vw, 1024px\" \/><\/a><\/figure>\n\n\n\n<p>Los tantos fueron convertidos en dos oportunidades por Valeria S\u00e1nchez, y adem\u00e1s convirtieron tantos las jugadoras fueguinas Keila Paill\u00e1n, Jazmpin Agnes, Martina Grieve y Ayel\u00e9n S\u00e1nchez. <\/p>\n\n\n\n<p>El cierre para el f\u00fatbol femenino ubica a Tierra del Fuego en el puesto 11 de la general.En atletismo, la jornada final estuvo destinada a las pruebas de pedestrismo, con la participaci\u00f3n de Santiago Aramayo, quien culmin\u00f3 en el puesto 19. <\/p>\n\n\n\n<p>La disciplina cerr\u00f3 una muy buena performance general aportando 6 medallas a la delegaci\u00f3n provincial.Al finalizar el certamen, Tierra del Fuego acumul\u00f3 19 medallas, distribuidas en 4 de oro, 6 de plata y 9 de bronce. <\/p>\n\n\n\n<p>Una vez m\u00e1s, el judo se consolid\u00f3 como la disciplina m\u00e1s efectiva, aportando 12 preseas, mientras que el atletismo sum\u00f3 6 y la nataci\u00f3n una m\u00e1s para completar la cosecha fueguina en esta edici\u00f3n de Araucana.<\/p>\n\n\n\n<figure class=\"wp-block-image size-large\"><a href=\"http:\/\/labestiadeportiva.com\/lbd\/wp-content\/uploads\/2025\/12\/1001288368.jpg\"><img loading=\"lazy\" width=\"1021\" height=\"1024\" src=\"http:\/\/labestiadeportiva.com\/lbd\/wp-content\/uploads\/2025\/12\/1001288368-1021x1024.jpg\" alt=\"\" class=\"wp-image-53792\" srcset=\"http:\/\/labestiadeportiva.com\/lbd\/wp-content\/uploads\/2025\/12\/1001288368-1021x1024.jpg 1021w, http:\/\/labestiadeportiva.com\/lbd\/wp-content\/uploads\/2025\/12\/1001288368-300x300.jpg 300w, http:\/\/labestiadeportiva.com\/lbd\/wp-content\/uploads\/2025\/12\/1001288368-150x150.jpg 150w, http:\/\/labestiadeportiva.com\/lbd\/wp-content\/uploads\/2025\/12\/1001288368-768x770.jpg 768w, http:\/\/labestiadeportiva.com\/lbd\/wp-content\/uploads\/2025\/12\/1001288368-1532x1536.jpg 1532w, http:\/\/labestiadeportiva.com\/lbd\/wp-content\/uploads\/2025\/12\/1001288368-2043x2048.jpg 2043w, http:\/\/labestiadeportiva.com\/lbd\/wp-content\/uploads\/2025\/12\/1001288368-640x642.jpg 640w\" sizes=\"(max-width: 1021px) 100vw, 1021px\" \/><\/a><\/figure>\n<div class='epvc-post-count'><span class='epvc-eye'><\/span>  <span class=\"epvc-count\"> 393<\/span><span class='epvc-label'> veces le\u00edda<\/span><\/div>\n<div class=\"jwsharethis\">\nShare this: \n<br \/>\n<a href=\"mailto:?subject=R%C3%ADo%20Negro%20campe%C3%B3n%2C%20La%20Pampa%20su%20escolta&amp;body=http%3A%2F%2Flabestiadeportiva.com%2Flbd%2Frio-negro-campeon-la-pampa-su-escolta%2F\">\n<img src=\"http:\/\/labestiadeportiva.com\/lbd\/wp-content\/plugins\/jw-share-this\/email.png\" alt=\"Share this page via Email\" \/>\n<\/a>\n<a target=\"_blank\" href=\"http:\/\/www.stumbleupon.com\/submit?url=http%3A%2F%2Flabestiadeportiva.com%2Flbd%2Frio-negro-campeon-la-pampa-su-escolta%2F&amp;title=R%C3%ADo+Negro+campe%C3%B3n%2C+La+Pampa+su+escolta\">\n<img src=\"http:\/\/labestiadeportiva.com\/lbd\/wp-content\/plugins\/jw-share-this\/su.png\" alt=\"Share this page via Stumble Upon\" \/>\n<\/a>\n<a target=\"_blank\" href=\"http:\/\/digg.com\/submit?url=http%3A%2F%2Flabestiadeportiva.com%2Flbd%2Frio-negro-campeon-la-pampa-su-escolta%2F&amp;title=R%C3%ADo+Negro+campe%C3%B3n%2C+La+Pampa+su+escolta\">\n<img src=\"http:\/\/labestiadeportiva.com\/lbd\/wp-content\/plugins\/jw-share-this\/digg.png\" alt=\"Share this page via Digg this\" \/>\n<\/a>\n<a target=\"_blank\" href=\"http:\/\/www.facebook.com\/sharer.php?u=http%3A%2F%2Flabestiadeportiva.com%2Flbd%2Frio-negro-campeon-la-pampa-su-escolta%2F&amp;t=R%C3%ADo+Negro+campe%C3%B3n%2C+La+Pampa+su+escolta\">\n<img src=\"http:\/\/labestiadeportiva.com\/lbd\/wp-content\/plugins\/jw-share-this\/fb.png\" alt=\"Share this page via Facebook\" \/>\n<\/a>\n<a target=\"_blank\" href=\"http:\/\/twitter.com\/intent\/tweet?text=I+like+http%3A%2F%2Flabestiadeportiva.com%2Flbd%2Frio-negro-campeon-la-pampa-su-escolta%2F&amp;title=R%C3%ADo+Negro+campe%C3%B3n%2C+La+Pampa+su+escolta\">\n<img src=\"http:\/\/labestiadeportiva.com\/lbd\/wp-content\/plugins\/jw-share-this\/twitter.png\" alt=\"Share this page via Twitter\" \/>\n<\/a>\n<\/div>\n","protected":false},"excerpt":{"rendered":"<p>Finalizaron este jueves los Juegos Binacionales de la Araucania en tierra pampeana. Tierra del Fuego termin\u00f3 en la 10\u00b0 ubicaci\u00f3n con 19 medallas en su haber. Fuente Prensa Secretaria de Deportes Provincial. 393 veces le\u00edda Share this:<\/p>\n","protected":false},"author":1,"featured_media":0,"comment_status":"open","ping_status":"open","sticky":false,"template":"","format":"standard","meta":[],"categories":[5,4,6,2277,1],"tags":[3099,4926,5770,83],"_links":{"self":[{"href":"http:\/\/labestiadeportiva.com\/lbd\/wp-json\/wp\/v2\/posts\/53788"}],"collection":[{"href":"http:\/\/labestiadeportiva.com\/lbd\/wp-json\/wp\/v2\/posts"}],"about":[{"href":"http:\/\/labestiadeportiva.com\/lbd\/wp-json\/wp\/v2\/types\/post"}],"author":[{"embeddable":true,"href":"http:\/\/labestiadeportiva.com\/lbd\/wp-json\/wp\/v2\/users\/1"}],"replies":[{"embeddable":true,"href":"http:\/\/labestiadeportiva.com\/lbd\/wp-json\/wp\/v2\/comments?post=53788"}],"version-history":[{"count":1,"href":"http:\/\/labestiadeportiva.com\/lbd\/wp-json\/wp\/v2\/posts\/53788\/revisions"}],"predecessor-version":[{"id":53794,"href":"http:\/\/labestiadeportiva.com\/lbd\/wp-json\/wp\/v2\/posts\/53788\/revisions\/53794"}],"wp:attachment":[{"href":"http:\/\/labestiadeportiva.com\/lbd\/wp-json\/wp\/v2\/media?parent=53788"}],"wp:term":[{"taxonomy":"category","embeddable":true,"href":"http:\/\/labestiadeportiva.com\/lbd\/wp-json\/wp\/v2\/categories?post=53788"},{"taxonomy":"post_tag","embeddable":true,"href":"http:\/\/labestiadeportiva.com\/lbd\/wp-json\/wp\/v2\/tags?post=53788"}],"curies":[{"name":"wp","href":"https:\/\/api.w.org\/{rel}","templated":true}]}}