{"id":5390,"date":"2013-07-04T15:05:36","date_gmt":"2013-07-04T15:05:36","guid":{"rendered":"http:\/\/labestiadeportiva.com\/lbd\/?p=5390"},"modified":"2013-07-04T15:05:36","modified_gmt":"2013-07-04T15:05:36","slug":"nuevas-autoridades-para-el-karting-ushuaiense","status":"publish","type":"post","link":"http:\/\/labestiadeportiva.com\/lbd\/nuevas-autoridades-para-el-karting-ushuaiense\/","title":{"rendered":"Nuevas autoridades para el karting ushuaiense"},"content":{"rendered":"<p class=\"MsoNormal\" style=\"margin-bottom: .0001pt;\"><a href=\"http:\/\/labestiadeportiva.com\/lbd\/wp-content\/uploads\/2013\/07\/Imagen-2395.jpg\"><img loading=\"lazy\" class=\"alignleft size-medium wp-image-5391\" title=\"Imagen 2395\" src=\"http:\/\/labestiadeportiva.com\/lbd\/wp-content\/uploads\/2013\/07\/Imagen-2395-300x183.jpg\" alt=\"\" width=\"300\" height=\"183\" srcset=\"http:\/\/labestiadeportiva.com\/lbd\/wp-content\/uploads\/2013\/07\/Imagen-2395-300x183.jpg 300w, http:\/\/labestiadeportiva.com\/lbd\/wp-content\/uploads\/2013\/07\/Imagen-2395.jpg 640w\" sizes=\"(max-width: 300px) 100vw, 300px\" \/><\/a>La APKU 2000 renov\u00f3 su Comisi\u00f3n Directiva. El pasado martes Ceferino Satuff se transform\u00f3 en el nuevo presidente de la instituci\u00f3n. De esta forma el referente de la disciplina, Marcelo Garro, dej\u00f3 de estar al frente de la asociaci\u00f3n capitalina.<\/p>\n<p class=\"MsoNormal\" style=\"margin-bottom: .0001pt;\">El pasado martes se realiz\u00f3 la Asamblea Anual Ordinaria de la Asociaci\u00f3n APKU2000 con el objetivo de aprobar Memoria y Balance de la temporada 2012 y elegir nuevas autoridades.<!--morePara leer Click Aqu\u00ed--><\/p>\n<p class=\"MsoNormal\" style=\"margin-bottom: .0001pt;\">De esta forma qued\u00f3 constituida la nueva Comisi\u00f3n Directiva de la siguiente manera:<\/p>\n<p class=\"MsoNormal\" style=\"margin-bottom: .0001pt;\"><span style=\"color: #0000ff;\">Presidente: Ceferino Satuff<\/span><\/p>\n<p class=\"MsoNormal\" style=\"margin-bottom: .0001pt;\"><span style=\"color: #0000ff;\">Vicepresidente: Daniel G\u00f3mez<\/span><\/p>\n<p class=\"MsoNormal\" style=\"margin-bottom: .0001pt;\"><span style=\"color: #0000ff;\">Secretario: Javier Muniello<\/span><\/p>\n<p class=\"MsoNormal\" style=\"margin-bottom: .0001pt;\"><span style=\"color: #0000ff;\">Tesorero: Ra\u00fal Gim\u00e9nez<\/span><\/p>\n<p class=\"MsoNormal\" style=\"margin-bottom: .0001pt;\"><span style=\"color: #0000ff;\">Vocal Titular: Carlos G\u00f3mez.<\/span><\/p>\n<p class=\"MsoNormal\" style=\"margin-bottom: .0001pt;\"><span style=\"color: #0000ff;\">Vocal Suplente: Andr\u00e9s Esconjaureguy<\/span><\/p>\n<p class=\"MsoNormal\" style=\"margin-bottom: .0001pt;\"><span style=\"color: #0000ff;\">Revisor de Cuentas Titular: Aldo Izarra<\/span><\/p>\n<p class=\"MsoNormal\" style=\"margin-bottom: .0001pt;\"><span style=\"color: #0000ff;\">Revisor de Cuentas Suplente: Jorge Sosa<\/span><\/p>\n<p class=\"MsoNormal\" style=\"margin-bottom: .0001pt;\">El presidente saliente agradeci\u00f3 profundamente a los miembros que lo acompa\u00f1aron Horacio Zentner, Norberto Pavlov, Gustavo Orione, Miguel Almonacid, Aldo Izarra, Mat\u00edas Rodr\u00edguez y Sergio Rodr\u00edguez.<\/p>\n<p class=\"MsoNormal\" style=\"margin-bottom: .0001pt;\">Finalmente dese\u00f3 suerte y una buena gesti\u00f3n a las autoridades entrantes para continuar con el sostenido crecimiento de la disciplina.<\/p>\n<div class='epvc-post-count'><span class='epvc-eye'><\/span>  <span class=\"epvc-count\"> 1.204<\/span><span class='epvc-label'> veces le\u00edda<\/span><\/div>\n<div class=\"jwsharethis\">\nShare this: \n<br \/>\n<a href=\"mailto:?subject=Nuevas%20autoridades%20para%20el%20karting%20ushuaiense&amp;body=http%3A%2F%2Flabestiadeportiva.com%2Flbd%2Fnuevas-autoridades-para-el-karting-ushuaiense%2F\">\n<img src=\"http:\/\/labestiadeportiva.com\/lbd\/wp-content\/plugins\/jw-share-this\/email.png\" alt=\"Share this page via Email\" \/>\n<\/a>\n<a target=\"_blank\" href=\"http:\/\/www.stumbleupon.com\/submit?url=http%3A%2F%2Flabestiadeportiva.com%2Flbd%2Fnuevas-autoridades-para-el-karting-ushuaiense%2F&amp;title=Nuevas+autoridades+para+el+karting+ushuaiense\">\n<img src=\"http:\/\/labestiadeportiva.com\/lbd\/wp-content\/plugins\/jw-share-this\/su.png\" alt=\"Share this page via Stumble Upon\" \/>\n<\/a>\n<a target=\"_blank\" href=\"http:\/\/digg.com\/submit?url=http%3A%2F%2Flabestiadeportiva.com%2Flbd%2Fnuevas-autoridades-para-el-karting-ushuaiense%2F&amp;title=Nuevas+autoridades+para+el+karting+ushuaiense\">\n<img src=\"http:\/\/labestiadeportiva.com\/lbd\/wp-content\/plugins\/jw-share-this\/digg.png\" alt=\"Share this page via Digg this\" \/>\n<\/a>\n<a target=\"_blank\" href=\"http:\/\/www.facebook.com\/sharer.php?u=http%3A%2F%2Flabestiadeportiva.com%2Flbd%2Fnuevas-autoridades-para-el-karting-ushuaiense%2F&amp;t=Nuevas+autoridades+para+el+karting+ushuaiense\">\n<img src=\"http:\/\/labestiadeportiva.com\/lbd\/wp-content\/plugins\/jw-share-this\/fb.png\" alt=\"Share this page via Facebook\" \/>\n<\/a>\n<a target=\"_blank\" href=\"http:\/\/twitter.com\/intent\/tweet?text=I+like+http%3A%2F%2Flabestiadeportiva.com%2Flbd%2Fnuevas-autoridades-para-el-karting-ushuaiense%2F&amp;title=Nuevas+autoridades+para+el+karting+ushuaiense\">\n<img src=\"http:\/\/labestiadeportiva.com\/lbd\/wp-content\/plugins\/jw-share-this\/twitter.png\" alt=\"Share this page via Twitter\" \/>\n<\/a>\n<\/div>\n","protected":false},"excerpt":{"rendered":"<p>La APKU 2000 renov\u00f3 su Comisi\u00f3n Directiva. El pasado martes Ceferino Satuff se transform\u00f3 en el nuevo presidente de la instituci\u00f3n. De esta forma el referente de la disciplina, Marcelo Garro, dej\u00f3 de estar al frente de la asociaci\u00f3n capitalina. El pasado martes se realiz\u00f3 la Asamblea Anual Ordinaria de la Asociaci\u00f3n APKU2000 con el &hellip; <a href=\"http:\/\/labestiadeportiva.com\/lbd\/nuevas-autoridades-para-el-karting-ushuaiense\/\" class=\"more-link\">Seguir leyendo <span class=\"screen-reader-text\">Nuevas autoridades para el karting ushuaiense<\/span> <span class=\"meta-nav\">&rarr;<\/span><\/a><\/p>\n","protected":false},"author":1,"featured_media":5391,"comment_status":"open","ping_status":"open","sticky":false,"template":"","format":"standard","meta":[],"categories":[5,1],"tags":[738,192],"_links":{"self":[{"href":"http:\/\/labestiadeportiva.com\/lbd\/wp-json\/wp\/v2\/posts\/5390"}],"collection":[{"href":"http:\/\/labestiadeportiva.com\/lbd\/wp-json\/wp\/v2\/posts"}],"about":[{"href":"http:\/\/labestiadeportiva.com\/lbd\/wp-json\/wp\/v2\/types\/post"}],"author":[{"embeddable":true,"href":"http:\/\/labestiadeportiva.com\/lbd\/wp-json\/wp\/v2\/users\/1"}],"replies":[{"embeddable":true,"href":"http:\/\/labestiadeportiva.com\/lbd\/wp-json\/wp\/v2\/comments?post=5390"}],"version-history":[{"count":1,"href":"http:\/\/labestiadeportiva.com\/lbd\/wp-json\/wp\/v2\/posts\/5390\/revisions"}],"predecessor-version":[{"id":5392,"href":"http:\/\/labestiadeportiva.com\/lbd\/wp-json\/wp\/v2\/posts\/5390\/revisions\/5392"}],"wp:featuredmedia":[{"embeddable":true,"href":"http:\/\/labestiadeportiva.com\/lbd\/wp-json\/wp\/v2\/media\/5391"}],"wp:attachment":[{"href":"http:\/\/labestiadeportiva.com\/lbd\/wp-json\/wp\/v2\/media?parent=5390"}],"wp:term":[{"taxonomy":"category","embeddable":true,"href":"http:\/\/labestiadeportiva.com\/lbd\/wp-json\/wp\/v2\/categories?post=5390"},{"taxonomy":"post_tag","embeddable":true,"href":"http:\/\/labestiadeportiva.com\/lbd\/wp-json\/wp\/v2\/tags?post=5390"}],"curies":[{"name":"wp","href":"https:\/\/api.w.org\/{rel}","templated":true}]}}